{"id":14434,"date":"2021-07-13T14:57:50","date_gmt":"2021-07-13T17:57:50","guid":{"rendered":"https:\/\/abrelivros.org.br\/site\/?p=14434"},"modified":"2021-07-13T14:57:50","modified_gmt":"2021-07-13T17:57:50","slug":"sao-paulo-inclui-778-escolas-em-programa-de-ensino-integral","status":"publish","type":"post","link":"https:\/\/abrelivros.org.br\/site\/sao-paulo-inclui-778-escolas-em-programa-de-ensino-integral\/","title":{"rendered":"S\u00e3o Paulo inclui 778 escolas em programa de ensino integral"},"content":{"rendered":"<p>O governo de S\u00e3o Paulo incluiu mais 778 escolas p\u00fablicas no Programa de Ensino Integral (PEI). Agora, s\u00e3o 1.855 escolas estaduais que ofertam atividades em per\u00edodo integral em 427 munic\u00edpios paulistas.<!--more--><\/p>\n<p>O programa atende atualmente 437 mil estudantes e, com a amplia\u00e7\u00e3o do n\u00famero de escolas, passar\u00e1 a atender mais 387,3 mil alunos.<\/p>\n<p>Segundo a Secretaria Estadual de Educa\u00e7\u00e3o de S\u00e3o Paulo, com a medida, ser\u00e1 antecipada uma das metas do Plano Nacional de Educa\u00e7\u00e3o que prev\u00ea que no m\u00ednimo 25% dos estudantes da educa\u00e7\u00e3o b\u00e1sica sejam atendidos com jornadas de mais de sete horas. Com a amplia\u00e7\u00e3o do programa, o objetivo deve ser alcan\u00e7ado no pr\u00f3ximo ano.<\/p>\n<p>Criado por lei estadual em 2012, o PEI programa busca permitir o desenvolvimento dos estudantes a partir de um projeto de vida, com pr\u00e1ticas pedag\u00f3gicas associadas a propostas que incentivam o protagonismo dos jovens.<\/p>\n<p>De acordo com a Secretaria de Educa\u00e7\u00e3o, e 2019, as escolas participantes do PEI tiveram crescimento de 1,2 ponto percentual no \u00cdndice de Desenvolvimento da Educa\u00e7\u00e3o B\u00e1sica (Ideb) \u2013 indicador do governo federal para medida a qualidade do ensino. Nas escolas regulares, o avan\u00e7o ficou em apenas 0,6 ponto percentual.<\/p>\n","protected":false},"excerpt":{"rendered":"<p>O governo de S\u00e3o Paulo incluiu mais 778 escolas p\u00fablicas no Programa de Ensino Integral (PEI). Agora, s\u00e3o 1.855 escolas estaduais que ofertam atividades em per\u00edodo integral em 427 munic\u00edpios paulistas.<\/p>\n","protected":false},"author":4,"featured_media":0,"comment_status":"closed","ping_status":"closed","sticky":false,"template":"","format":"standard","meta":{"footnotes":"","_links_to":"","_links_to_target":""},"categories":[9],"tags":[],"class_list":["post-14434","post","type-post","status-publish","format-standard","hentry","category-noticias-da-imprensa"],"yoast_head":"<!-- This site is optimized with the Yoast SEO plugin v15.1 - https:\/\/yoast.com\/wordpress\/plugins\/seo\/ -->\n<title>S\u00e3o Paulo inclui 778 escolas em programa de ensino integral &raquo; Abrelivros<\/title>\n<meta name=\"robots\" content=\"index, follow, max-snippet:-1, max-image-preview:large, max-video-preview:-1\" \/>\n<link rel=\"canonical\" href=\"https:\/\/abrelivros.org.br\/site\/sao-paulo-inclui-778-escolas-em-programa-de-ensino-integral\/\" \/>\n<meta property=\"og:locale\" content=\"pt_BR\" \/>\n<meta property=\"og:type\" content=\"article\" \/>\n<meta property=\"og:title\" content=\"S\u00e3o Paulo inclui 778 escolas em programa de ensino integral &raquo; Abrelivros\" \/>\n<meta property=\"og:description\" content=\"O governo de S\u00e3o Paulo incluiu mais 778 escolas p\u00fablicas no Programa de Ensino Integral (PEI). Agora, s\u00e3o 1.855 escolas estaduais que ofertam atividades em per\u00edodo integral em 427 munic\u00edpios paulistas.\" \/>\n<meta property=\"og:url\" content=\"https:\/\/abrelivros.org.br\/site\/sao-paulo-inclui-778-escolas-em-programa-de-ensino-integral\/\" \/>\n<meta property=\"og:site_name\" content=\"Abrelivros\" \/>\n<meta property=\"article:published_time\" content=\"2021-07-13T17:57:50+00:00\" \/>\n<meta name=\"twitter:card\" content=\"summary_large_image\" \/>\n<script type=\"application\/ld+json\" class=\"yoast-schema-graph\">{\"@context\":\"https:\/\/schema.org\",\"@graph\":[{\"@type\":\"WebSite\",\"@id\":\"https:\/\/abrelivros.org.br\/site\/#website\",\"url\":\"https:\/\/abrelivros.org.br\/site\/\",\"name\":\"Abrelivros\",\"description\":\"\",\"potentialAction\":[{\"@type\":\"SearchAction\",\"target\":\"https:\/\/abrelivros.org.br\/site\/?s={search_term_string}\",\"query-input\":\"required name=search_term_string\"}],\"inLanguage\":\"pt-BR\"},{\"@type\":\"WebPage\",\"@id\":\"https:\/\/abrelivros.org.br\/site\/sao-paulo-inclui-778-escolas-em-programa-de-ensino-integral\/#webpage\",\"url\":\"https:\/\/abrelivros.org.br\/site\/sao-paulo-inclui-778-escolas-em-programa-de-ensino-integral\/\",\"name\":\"S\\u00e3o Paulo inclui 778 escolas em programa de ensino integral &raquo; Abrelivros\",\"isPartOf\":{\"@id\":\"https:\/\/abrelivros.org.br\/site\/#website\"},\"datePublished\":\"2021-07-13T17:57:50+00:00\",\"dateModified\":\"2021-07-13T17:57:50+00:00\",\"author\":{\"@id\":\"https:\/\/abrelivros.org.br\/site\/#\/schema\/person\/65db80e26409802ce15ac5feec6a15fd\"},\"breadcrumb\":{\"@id\":\"https:\/\/abrelivros.org.br\/site\/sao-paulo-inclui-778-escolas-em-programa-de-ensino-integral\/#breadcrumb\"},\"inLanguage\":\"pt-BR\",\"potentialAction\":[{\"@type\":\"ReadAction\",\"target\":[\"https:\/\/abrelivros.org.br\/site\/sao-paulo-inclui-778-escolas-em-programa-de-ensino-integral\/\"]}]},{\"@type\":\"BreadcrumbList\",\"@id\":\"https:\/\/abrelivros.org.br\/site\/sao-paulo-inclui-778-escolas-em-programa-de-ensino-integral\/#breadcrumb\",\"itemListElement\":[{\"@type\":\"ListItem\",\"position\":1,\"item\":{\"@type\":\"WebPage\",\"@id\":\"https:\/\/abrelivros.org.br\/site\/\",\"url\":\"https:\/\/abrelivros.org.br\/site\/\",\"name\":\"In\\u00edcio\"}},{\"@type\":\"ListItem\",\"position\":2,\"item\":{\"@type\":\"WebPage\",\"@id\":\"https:\/\/abrelivros.org.br\/site\/category\/noticias\/\",\"url\":\"https:\/\/abrelivros.org.br\/site\/category\/noticias\/\",\"name\":\"Not\\u00edcias\"}},{\"@type\":\"ListItem\",\"position\":3,\"item\":{\"@type\":\"WebPage\",\"@id\":\"https:\/\/abrelivros.org.br\/site\/category\/noticias\/noticias-da-imprensa\/\",\"url\":\"https:\/\/abrelivros.org.br\/site\/category\/noticias\/noticias-da-imprensa\/\",\"name\":\"Not\\u00edcias da imprensa\"}},{\"@type\":\"ListItem\",\"position\":4,\"item\":{\"@type\":\"WebPage\",\"@id\":\"https:\/\/abrelivros.org.br\/site\/sao-paulo-inclui-778-escolas-em-programa-de-ensino-integral\/\",\"url\":\"https:\/\/abrelivros.org.br\/site\/sao-paulo-inclui-778-escolas-em-programa-de-ensino-integral\/\",\"name\":\"S\\u00e3o Paulo inclui 778 escolas em programa de ensino integral\"}}]},{\"@type\":\"Person\",\"@id\":\"https:\/\/abrelivros.org.br\/site\/#\/schema\/person\/65db80e26409802ce15ac5feec6a15fd\",\"name\":\"Reda\\u00e7\\u00e3o Abrelivros\",\"image\":{\"@type\":\"ImageObject\",\"@id\":\"https:\/\/abrelivros.org.br\/site\/#personlogo\",\"inLanguage\":\"pt-BR\",\"url\":\"https:\/\/secure.gravatar.com\/avatar\/c4e57f9c7e3482965bd428192061218520756c39080b1d1820b679fa5e9af192?s=96&d=mm&r=g\",\"caption\":\"Reda\\u00e7\\u00e3o Abrelivros\"}}]}<\/script>\n<!-- \/ Yoast SEO plugin. -->","_links":{"self":[{"href":"https:\/\/abrelivros.org.br\/site\/wp-json\/wp\/v2\/posts\/14434","targetHints":{"allow":["GET"]}}],"collection":[{"href":"https:\/\/abrelivros.org.br\/site\/wp-json\/wp\/v2\/posts"}],"about":[{"href":"https:\/\/abrelivros.org.br\/site\/wp-json\/wp\/v2\/types\/post"}],"author":[{"embeddable":true,"href":"https:\/\/abrelivros.org.br\/site\/wp-json\/wp\/v2\/users\/4"}],"replies":[{"embeddable":true,"href":"https:\/\/abrelivros.org.br\/site\/wp-json\/wp\/v2\/comments?post=14434"}],"version-history":[{"count":1,"href":"https:\/\/abrelivros.org.br\/site\/wp-json\/wp\/v2\/posts\/14434\/revisions"}],"predecessor-version":[{"id":14435,"href":"https:\/\/abrelivros.org.br\/site\/wp-json\/wp\/v2\/posts\/14434\/revisions\/14435"}],"wp:attachment":[{"href":"https:\/\/abrelivros.org.br\/site\/wp-json\/wp\/v2\/media?parent=14434"}],"wp:term":[{"taxonomy":"category","embeddable":true,"href":"https:\/\/abrelivros.org.br\/site\/wp-json\/wp\/v2\/categories?post=14434"},{"taxonomy":"post_tag","embeddable":true,"href":"https:\/\/abrelivros.org.br\/site\/wp-json\/wp\/v2\/tags?post=14434"}],"curies":[{"name":"wp","href":"https:\/\/api.w.org\/{rel}","templated":true}]}}