{"id":14432,"date":"2021-07-13T14:55:51","date_gmt":"2021-07-13T17:55:51","guid":{"rendered":"https:\/\/abrelivros.org.br\/site\/?p=14432"},"modified":"2021-07-13T14:55:51","modified_gmt":"2021-07-13T17:55:51","slug":"curso-abc-novo-capitulo-mostra-a-importancia-da-compreensao-na-leitura","status":"publish","type":"post","link":"https:\/\/abrelivros.org.br\/site\/curso-abc-novo-capitulo-mostra-a-importancia-da-compreensao-na-leitura\/","title":{"rendered":"Curso ABC: novo cap\u00edtulo mostra a import\u00e2ncia da compreens\u00e3o na leitura"},"content":{"rendered":"<p><strong>\u2018Compreens\u00e3o na Leitura:<\/strong> Investiga\u00e7\u00e3o e Ensino\u2019. Esse \u00e9 o tema do novo cap\u00edtulo do Curso on-line Alfabetiza\u00e7\u00e3o Baseada na Ci\u00eancia (ABC).<!--more--> O conte\u00fado foi escrito por Ot\u00edlia Sousa, professora do Instituto Polit\u00e9cnico de Lisboa, juntamente com Teresa Costa-Pereira, sua colega no Instituto de Educa\u00e7\u00e3o da Universidade de Lisboa (Uidef), ambas institui\u00e7\u00f5es portuguesas.<\/p>\n<p>As autoras explicam que ler \u00e9 compreender e essa compreens\u00e3o depende de muitas vari\u00e1veis. O ensino, entretanto, \u00e9 fundamental para que os estudantes atinjam n\u00edveis elevados da compreens\u00e3o. O cap\u00edtulo mostra as fases da aprendizagem da leitura e orienta os professores a auxiliar seus alunos, tornando-os leitores proficientes.<\/p>\n<p>Ot\u00edlia Sousa destaca que a compreens\u00e3o \u00e9 uma compet\u00eancia que se ensina desde o nascimento at\u00e9 a universidade e deve ser passada \u201cde forma expl\u00edcita, sistem\u00e1tica e progressiva, em todas as \u00e1reas curriculares, ao longo de toda a escolaridade\u201d.<\/p>\n<p><strong>Capacita\u00e7\u00e3o<\/strong><\/p>\n<p>Destinado a professores-alfabetizadores e estudantes de licenciatura, o Curso ABC \u00e9 a segunda capacita\u00e7\u00e3o mais acessada no Ambiente Virtual do MEC (<a href=\"https:\/\/avamec.mec.gov.br\/#\/\" target=\"_blank\" rel=\"noopener noreferrer\">Avamec<\/a>). J\u00e1 s\u00e3o 4,5 milh\u00f5es visitas e mais de 195 mil cursistas. Os interessados ainda podem se inscrever no pr\u00f3prio Avamec, onde as aulas s\u00e3o oferecidas, e ter\u00e3o acesso a todo o conte\u00fado dispon\u00edvel.<\/p>\n<p>Parte do Programa Tempo de Aprender, a forma\u00e7\u00e3o \u00e9 resultado da coopera\u00e7\u00e3o internacional entre Brasil e Portugal, por meio da parceria entre a CAPES, a Secretaria da Alfabetiza\u00e7\u00e3o do MEC (Sealf) e as institui\u00e7\u00f5es portuguesas: Universidade do Porto, Instituto Polit\u00e9cnico do Porto e a Universidade Aberta de Portugal (UAb).<\/p>\n","protected":false},"excerpt":{"rendered":"<p>\u2018Compreens\u00e3o na Leitura: Investiga\u00e7\u00e3o e Ensino\u2019. Esse \u00e9 o tema do novo cap\u00edtulo do Curso on-line Alfabetiza\u00e7\u00e3o Baseada na Ci\u00eancia (ABC).<\/p>\n","protected":false},"author":4,"featured_media":0,"comment_status":"closed","ping_status":"closed","sticky":false,"template":"","format":"standard","meta":{"footnotes":"","_links_to":"","_links_to_target":""},"categories":[9],"tags":[],"class_list":["post-14432","post","type-post","status-publish","format-standard","hentry","category-noticias-da-imprensa"],"yoast_head":"<!-- This site is optimized with the Yoast SEO plugin v15.1 - https:\/\/yoast.com\/wordpress\/plugins\/seo\/ -->\n<title>Curso ABC: novo cap\u00edtulo mostra a import\u00e2ncia da compreens\u00e3o na leitura &raquo; Abrelivros<\/title>\n<meta name=\"robots\" content=\"index, follow, max-snippet:-1, max-image-preview:large, max-video-preview:-1\" \/>\n<link rel=\"canonical\" href=\"https:\/\/abrelivros.org.br\/site\/curso-abc-novo-capitulo-mostra-a-importancia-da-compreensao-na-leitura\/\" \/>\n<meta property=\"og:locale\" content=\"pt_BR\" \/>\n<meta property=\"og:type\" content=\"article\" \/>\n<meta property=\"og:title\" content=\"Curso ABC: novo cap\u00edtulo mostra a import\u00e2ncia da compreens\u00e3o na leitura &raquo; Abrelivros\" \/>\n<meta property=\"og:description\" content=\"\u2018Compreens\u00e3o na Leitura: Investiga\u00e7\u00e3o e Ensino\u2019. Esse \u00e9 o tema do novo cap\u00edtulo do Curso on-line Alfabetiza\u00e7\u00e3o Baseada na Ci\u00eancia (ABC).\" \/>\n<meta property=\"og:url\" content=\"https:\/\/abrelivros.org.br\/site\/curso-abc-novo-capitulo-mostra-a-importancia-da-compreensao-na-leitura\/\" \/>\n<meta property=\"og:site_name\" content=\"Abrelivros\" \/>\n<meta property=\"article:published_time\" content=\"2021-07-13T17:55:51+00:00\" \/>\n<meta name=\"twitter:card\" content=\"summary_large_image\" \/>\n<script type=\"application\/ld+json\" class=\"yoast-schema-graph\">{\"@context\":\"https:\/\/schema.org\",\"@graph\":[{\"@type\":\"WebSite\",\"@id\":\"https:\/\/abrelivros.org.br\/site\/#website\",\"url\":\"https:\/\/abrelivros.org.br\/site\/\",\"name\":\"Abrelivros\",\"description\":\"\",\"potentialAction\":[{\"@type\":\"SearchAction\",\"target\":\"https:\/\/abrelivros.org.br\/site\/?s={search_term_string}\",\"query-input\":\"required name=search_term_string\"}],\"inLanguage\":\"pt-BR\"},{\"@type\":\"WebPage\",\"@id\":\"https:\/\/abrelivros.org.br\/site\/curso-abc-novo-capitulo-mostra-a-importancia-da-compreensao-na-leitura\/#webpage\",\"url\":\"https:\/\/abrelivros.org.br\/site\/curso-abc-novo-capitulo-mostra-a-importancia-da-compreensao-na-leitura\/\",\"name\":\"Curso ABC: novo cap\\u00edtulo mostra a import\\u00e2ncia da compreens\\u00e3o na leitura &raquo; Abrelivros\",\"isPartOf\":{\"@id\":\"https:\/\/abrelivros.org.br\/site\/#website\"},\"datePublished\":\"2021-07-13T17:55:51+00:00\",\"dateModified\":\"2021-07-13T17:55:51+00:00\",\"author\":{\"@id\":\"https:\/\/abrelivros.org.br\/site\/#\/schema\/person\/65db80e26409802ce15ac5feec6a15fd\"},\"breadcrumb\":{\"@id\":\"https:\/\/abrelivros.org.br\/site\/curso-abc-novo-capitulo-mostra-a-importancia-da-compreensao-na-leitura\/#breadcrumb\"},\"inLanguage\":\"pt-BR\",\"potentialAction\":[{\"@type\":\"ReadAction\",\"target\":[\"https:\/\/abrelivros.org.br\/site\/curso-abc-novo-capitulo-mostra-a-importancia-da-compreensao-na-leitura\/\"]}]},{\"@type\":\"BreadcrumbList\",\"@id\":\"https:\/\/abrelivros.org.br\/site\/curso-abc-novo-capitulo-mostra-a-importancia-da-compreensao-na-leitura\/#breadcrumb\",\"itemListElement\":[{\"@type\":\"ListItem\",\"position\":1,\"item\":{\"@type\":\"WebPage\",\"@id\":\"https:\/\/abrelivros.org.br\/site\/\",\"url\":\"https:\/\/abrelivros.org.br\/site\/\",\"name\":\"In\\u00edcio\"}},{\"@type\":\"ListItem\",\"position\":2,\"item\":{\"@type\":\"WebPage\",\"@id\":\"https:\/\/abrelivros.org.br\/site\/category\/noticias\/\",\"url\":\"https:\/\/abrelivros.org.br\/site\/category\/noticias\/\",\"name\":\"Not\\u00edcias\"}},{\"@type\":\"ListItem\",\"position\":3,\"item\":{\"@type\":\"WebPage\",\"@id\":\"https:\/\/abrelivros.org.br\/site\/category\/noticias\/noticias-da-imprensa\/\",\"url\":\"https:\/\/abrelivros.org.br\/site\/category\/noticias\/noticias-da-imprensa\/\",\"name\":\"Not\\u00edcias da imprensa\"}},{\"@type\":\"ListItem\",\"position\":4,\"item\":{\"@type\":\"WebPage\",\"@id\":\"https:\/\/abrelivros.org.br\/site\/curso-abc-novo-capitulo-mostra-a-importancia-da-compreensao-na-leitura\/\",\"url\":\"https:\/\/abrelivros.org.br\/site\/curso-abc-novo-capitulo-mostra-a-importancia-da-compreensao-na-leitura\/\",\"name\":\"Curso ABC: novo cap\\u00edtulo mostra a import\\u00e2ncia da compreens\\u00e3o na leitura\"}}]},{\"@type\":\"Person\",\"@id\":\"https:\/\/abrelivros.org.br\/site\/#\/schema\/person\/65db80e26409802ce15ac5feec6a15fd\",\"name\":\"Reda\\u00e7\\u00e3o Abrelivros\",\"image\":{\"@type\":\"ImageObject\",\"@id\":\"https:\/\/abrelivros.org.br\/site\/#personlogo\",\"inLanguage\":\"pt-BR\",\"url\":\"https:\/\/secure.gravatar.com\/avatar\/c4e57f9c7e3482965bd428192061218520756c39080b1d1820b679fa5e9af192?s=96&d=mm&r=g\",\"caption\":\"Reda\\u00e7\\u00e3o Abrelivros\"}}]}<\/script>\n<!-- \/ Yoast SEO plugin. -->","_links":{"self":[{"href":"https:\/\/abrelivros.org.br\/site\/wp-json\/wp\/v2\/posts\/14432","targetHints":{"allow":["GET"]}}],"collection":[{"href":"https:\/\/abrelivros.org.br\/site\/wp-json\/wp\/v2\/posts"}],"about":[{"href":"https:\/\/abrelivros.org.br\/site\/wp-json\/wp\/v2\/types\/post"}],"author":[{"embeddable":true,"href":"https:\/\/abrelivros.org.br\/site\/wp-json\/wp\/v2\/users\/4"}],"replies":[{"embeddable":true,"href":"https:\/\/abrelivros.org.br\/site\/wp-json\/wp\/v2\/comments?post=14432"}],"version-history":[{"count":1,"href":"https:\/\/abrelivros.org.br\/site\/wp-json\/wp\/v2\/posts\/14432\/revisions"}],"predecessor-version":[{"id":14433,"href":"https:\/\/abrelivros.org.br\/site\/wp-json\/wp\/v2\/posts\/14432\/revisions\/14433"}],"wp:attachment":[{"href":"https:\/\/abrelivros.org.br\/site\/wp-json\/wp\/v2\/media?parent=14432"}],"wp:term":[{"taxonomy":"category","embeddable":true,"href":"https:\/\/abrelivros.org.br\/site\/wp-json\/wp\/v2\/categories?post=14432"},{"taxonomy":"post_tag","embeddable":true,"href":"https:\/\/abrelivros.org.br\/site\/wp-json\/wp\/v2\/tags?post=14432"}],"curies":[{"name":"wp","href":"https:\/\/api.w.org\/{rel}","templated":true}]}}