{"id":14430,"date":"2021-07-12T15:03:50","date_gmt":"2021-07-12T18:03:50","guid":{"rendered":"https:\/\/abrelivros.org.br\/site\/?p=14430"},"modified":"2021-07-12T15:03:50","modified_gmt":"2021-07-12T18:03:50","slug":"os-audiolivros-no-mercado-editorial-brasileiro","status":"publish","type":"post","link":"https:\/\/abrelivros.org.br\/site\/os-audiolivros-no-mercado-editorial-brasileiro\/","title":{"rendered":"Os audiolivros no mercado editorial brasileiro"},"content":{"rendered":"<p>N\u00e3o \u00e9 de hoje que os audiolivros est\u00e3o no centro das aten\u00e7\u00f5es do mercado editorial. Uma tend\u00eancia global, o setor de \u00e1udio \u2013 tamb\u00e9m influenciado pela pandemia \u2013 apresentou um bom crescimento no \u00faltimo ano e o que se espera \u00e9 que essa tend\u00eancia continue.<!--more--><br \/>\nPor aqui, esse padr\u00e3o se repete e para falar sobre o tema, o Podcast do PublishNews chamou uma rec\u00e9m-criada editora brasileira 100% digital focada em \u00e1udio, a Pop Stories, capitaneada por Carlo Carrenho, tamb\u00e9m fundador do PN, e uma produtora especializada em audiolivros e conte\u00fados falados, a Narratix, de Andr\u00e9 Calgaro.<\/p>\n<p>Na conversa, ambos falaram sobre suas empresas e a decis\u00e3o de apostar no mercado de \u00e1udio no Brasil. No caso da Pop Stories, que foi lan\u00e7ada no final de junho, Carlo explicou que a empresa herdou o cat\u00e1logo da sueca Word Audio e que at\u00e9 o momento, ele e sua s\u00f3cia, Silvia Rebello t\u00eam focado seus esfor\u00e7os em subir esses t\u00edtulos. \u201cBasicamente a gente acredita que o \u00e1udio e muito pequeno no Brasil, a gente n\u00e3o espera nada em curto e m\u00e9dio prazo, mas achamos que a longo prazo o que a gente est\u00e1 construindo pode valer bastante e ser uma coisa bem legal, com um p\u00fablico bem desenvolvido\u201d, explicou. Nesse m\u00eas, a editora j\u00e1 disponibilizou tr\u00eas novos t\u00edtulos: A viagem do descobrimento, de Eduardo Bueno, o Peninha; Mans\u00e3o Hedon\u00ea, de Sue Hecker e Emma e o sexo, de Ilana Ele\u00e1.<\/p>\n<p>J\u00e1 a Narratix, refer\u00eancia no setor, \u00e9 uma empresa especializada na produ\u00e7\u00e3o de audiolivros. \u201cProduzimos audiolivros em v\u00e1rios formatos, no tradicional com narrador, audiogramas, audiolivros com m\u00fasica e efeitos e hoje, tamb\u00e9m produzimos ativamente em tr\u00eas idiomas: portugu\u00eas brasileiro, italiano, espanhol e ainda temos outros idiomas engatilhados que queremos come\u00e7ar a produzir tamb\u00e9m\u201d, resumiu Andr\u00e9.<br \/>\nDurante o bate-papo, eles falaram sobre o que falta para o mercado de \u00e1udio crescer no Brasil, compararam a nossa realidade com a de outros pa\u00edses, falaram sobre como enxergam o futuro da voz, da rela\u00e7\u00e3o do audiolivro com o podcast, dentre outros assuntos.<\/p>\n<p>O Podcast do PublishNews \u00e9 um oferecimento da <a href=\"http:\/\/metabooks.com\/\" target=\"_blank\" rel=\"noopener noreferrer\">MVB<\/a>, a empresa que torna os seus livros vis\u00edveis com servi\u00e7os como Metabooks e Pubnet, e da <a href=\"https:\/\/www.umlivro.com.br\/\" target=\"_blank\" rel=\"noopener noreferrer\">UmLivro<\/a>, novo modelo de neg\u00f3cios para o mercado editorial: mais livros e mais vendas. Voc\u00ea tamb\u00e9m pode ouvir o programa pelo <a href=\"https:\/\/open.spotify.com\/show\/6656EKK9XPduEdsXYdM45N\" target=\"_blank\" rel=\"noopener noreferrer\">Spotify<\/a>, <a href=\"https:\/\/podcasts.apple.com\/us\/podcast\/podcast-do-publishnews\/id1367163822?ign-mpt=uo%3D4&amp;mt=2\" target=\"_blank\" rel=\"noopener noreferrer\">iTunes<\/a>, <a href=\"https:\/\/podcasts.google.com\/feed\/aHR0cHM6Ly9hbmNob3IuZm0vcy83YmM5ZmQ4L3BvZGNhc3QvcnNz\" target=\"_blank\" rel=\"noopener noreferrer\">Google Podcasts<\/a>, <a href=\"https:\/\/overcast.fm\/login\" target=\"_blank\" rel=\"noopener noreferrer\">Overcast<\/a> e <a href=\"https:\/\/www.youtube.com\/channel\/UCrR7rAp0EzRRfm5Ez0tlT8A\" target=\"_blank\" rel=\"noopener noreferrer\">YouTube<\/a>.<\/p>\n","protected":false},"excerpt":{"rendered":"<p>N\u00e3o \u00e9 de hoje que os audiolivros est\u00e3o no centro das aten\u00e7\u00f5es do mercado editorial. Uma tend\u00eancia global, o setor de \u00e1udio \u2013 tamb\u00e9m influenciado pela pandemia \u2013 apresentou um bom crescimento no \u00faltimo ano e o que se espera \u00e9 que essa tend\u00eancia continue.<\/p>\n","protected":false},"author":4,"featured_media":0,"comment_status":"closed","ping_status":"closed","sticky":false,"template":"","format":"standard","meta":{"footnotes":"","_links_to":"","_links_to_target":""},"categories":[9],"tags":[],"class_list":["post-14430","post","type-post","status-publish","format-standard","hentry","category-noticias-da-imprensa"],"yoast_head":"<!-- This site is optimized with the Yoast SEO plugin v15.1 - https:\/\/yoast.com\/wordpress\/plugins\/seo\/ -->\n<title>Os audiolivros no mercado editorial brasileiro &raquo; Abrelivros<\/title>\n<meta name=\"robots\" content=\"index, follow, max-snippet:-1, max-image-preview:large, max-video-preview:-1\" \/>\n<link rel=\"canonical\" href=\"https:\/\/abrelivros.org.br\/site\/os-audiolivros-no-mercado-editorial-brasileiro\/\" \/>\n<meta property=\"og:locale\" content=\"pt_BR\" \/>\n<meta property=\"og:type\" content=\"article\" \/>\n<meta property=\"og:title\" content=\"Os audiolivros no mercado editorial brasileiro &raquo; Abrelivros\" \/>\n<meta property=\"og:description\" content=\"N\u00e3o \u00e9 de hoje que os audiolivros est\u00e3o no centro das aten\u00e7\u00f5es do mercado editorial. Uma tend\u00eancia global, o setor de \u00e1udio \u2013 tamb\u00e9m influenciado pela pandemia \u2013 apresentou um bom crescimento no \u00faltimo ano e o que se espera \u00e9 que essa tend\u00eancia continue.\" \/>\n<meta property=\"og:url\" content=\"https:\/\/abrelivros.org.br\/site\/os-audiolivros-no-mercado-editorial-brasileiro\/\" \/>\n<meta property=\"og:site_name\" content=\"Abrelivros\" \/>\n<meta property=\"article:published_time\" content=\"2021-07-12T18:03:50+00:00\" \/>\n<meta name=\"twitter:card\" content=\"summary_large_image\" \/>\n<script type=\"application\/ld+json\" class=\"yoast-schema-graph\">{\"@context\":\"https:\/\/schema.org\",\"@graph\":[{\"@type\":\"WebSite\",\"@id\":\"https:\/\/abrelivros.org.br\/site\/#website\",\"url\":\"https:\/\/abrelivros.org.br\/site\/\",\"name\":\"Abrelivros\",\"description\":\"\",\"potentialAction\":[{\"@type\":\"SearchAction\",\"target\":\"https:\/\/abrelivros.org.br\/site\/?s={search_term_string}\",\"query-input\":\"required name=search_term_string\"}],\"inLanguage\":\"pt-BR\"},{\"@type\":\"WebPage\",\"@id\":\"https:\/\/abrelivros.org.br\/site\/os-audiolivros-no-mercado-editorial-brasileiro\/#webpage\",\"url\":\"https:\/\/abrelivros.org.br\/site\/os-audiolivros-no-mercado-editorial-brasileiro\/\",\"name\":\"Os audiolivros no mercado editorial brasileiro &raquo; Abrelivros\",\"isPartOf\":{\"@id\":\"https:\/\/abrelivros.org.br\/site\/#website\"},\"datePublished\":\"2021-07-12T18:03:50+00:00\",\"dateModified\":\"2021-07-12T18:03:50+00:00\",\"author\":{\"@id\":\"https:\/\/abrelivros.org.br\/site\/#\/schema\/person\/65db80e26409802ce15ac5feec6a15fd\"},\"breadcrumb\":{\"@id\":\"https:\/\/abrelivros.org.br\/site\/os-audiolivros-no-mercado-editorial-brasileiro\/#breadcrumb\"},\"inLanguage\":\"pt-BR\",\"potentialAction\":[{\"@type\":\"ReadAction\",\"target\":[\"https:\/\/abrelivros.org.br\/site\/os-audiolivros-no-mercado-editorial-brasileiro\/\"]}]},{\"@type\":\"BreadcrumbList\",\"@id\":\"https:\/\/abrelivros.org.br\/site\/os-audiolivros-no-mercado-editorial-brasileiro\/#breadcrumb\",\"itemListElement\":[{\"@type\":\"ListItem\",\"position\":1,\"item\":{\"@type\":\"WebPage\",\"@id\":\"https:\/\/abrelivros.org.br\/site\/\",\"url\":\"https:\/\/abrelivros.org.br\/site\/\",\"name\":\"In\\u00edcio\"}},{\"@type\":\"ListItem\",\"position\":2,\"item\":{\"@type\":\"WebPage\",\"@id\":\"https:\/\/abrelivros.org.br\/site\/category\/noticias\/\",\"url\":\"https:\/\/abrelivros.org.br\/site\/category\/noticias\/\",\"name\":\"Not\\u00edcias\"}},{\"@type\":\"ListItem\",\"position\":3,\"item\":{\"@type\":\"WebPage\",\"@id\":\"https:\/\/abrelivros.org.br\/site\/category\/noticias\/noticias-da-imprensa\/\",\"url\":\"https:\/\/abrelivros.org.br\/site\/category\/noticias\/noticias-da-imprensa\/\",\"name\":\"Not\\u00edcias da imprensa\"}},{\"@type\":\"ListItem\",\"position\":4,\"item\":{\"@type\":\"WebPage\",\"@id\":\"https:\/\/abrelivros.org.br\/site\/os-audiolivros-no-mercado-editorial-brasileiro\/\",\"url\":\"https:\/\/abrelivros.org.br\/site\/os-audiolivros-no-mercado-editorial-brasileiro\/\",\"name\":\"Os audiolivros no mercado editorial brasileiro\"}}]},{\"@type\":\"Person\",\"@id\":\"https:\/\/abrelivros.org.br\/site\/#\/schema\/person\/65db80e26409802ce15ac5feec6a15fd\",\"name\":\"Reda\\u00e7\\u00e3o Abrelivros\",\"image\":{\"@type\":\"ImageObject\",\"@id\":\"https:\/\/abrelivros.org.br\/site\/#personlogo\",\"inLanguage\":\"pt-BR\",\"url\":\"https:\/\/secure.gravatar.com\/avatar\/c4e57f9c7e3482965bd428192061218520756c39080b1d1820b679fa5e9af192?s=96&d=mm&r=g\",\"caption\":\"Reda\\u00e7\\u00e3o Abrelivros\"}}]}<\/script>\n<!-- \/ Yoast SEO plugin. -->","_links":{"self":[{"href":"https:\/\/abrelivros.org.br\/site\/wp-json\/wp\/v2\/posts\/14430","targetHints":{"allow":["GET"]}}],"collection":[{"href":"https:\/\/abrelivros.org.br\/site\/wp-json\/wp\/v2\/posts"}],"about":[{"href":"https:\/\/abrelivros.org.br\/site\/wp-json\/wp\/v2\/types\/post"}],"author":[{"embeddable":true,"href":"https:\/\/abrelivros.org.br\/site\/wp-json\/wp\/v2\/users\/4"}],"replies":[{"embeddable":true,"href":"https:\/\/abrelivros.org.br\/site\/wp-json\/wp\/v2\/comments?post=14430"}],"version-history":[{"count":1,"href":"https:\/\/abrelivros.org.br\/site\/wp-json\/wp\/v2\/posts\/14430\/revisions"}],"predecessor-version":[{"id":14431,"href":"https:\/\/abrelivros.org.br\/site\/wp-json\/wp\/v2\/posts\/14430\/revisions\/14431"}],"wp:attachment":[{"href":"https:\/\/abrelivros.org.br\/site\/wp-json\/wp\/v2\/media?parent=14430"}],"wp:term":[{"taxonomy":"category","embeddable":true,"href":"https:\/\/abrelivros.org.br\/site\/wp-json\/wp\/v2\/categories?post=14430"},{"taxonomy":"post_tag","embeddable":true,"href":"https:\/\/abrelivros.org.br\/site\/wp-json\/wp\/v2\/tags?post=14430"}],"curies":[{"name":"wp","href":"https:\/\/api.w.org\/{rel}","templated":true}]}}