{"id":14428,"date":"2021-07-12T14:58:48","date_gmt":"2021-07-12T17:58:48","guid":{"rendered":"https:\/\/abrelivros.org.br\/site\/?p=14428"},"modified":"2021-07-12T14:58:48","modified_gmt":"2021-07-12T17:58:48","slug":"apanhadao-privatizacao-dos-correios-mais-uma-ameaca-para-o-mercado-editorial","status":"publish","type":"post","link":"https:\/\/abrelivros.org.br\/site\/apanhadao-privatizacao-dos-correios-mais-uma-ameaca-para-o-mercado-editorial\/","title":{"rendered":"Apanhad\u00e3o: Privatiza\u00e7\u00e3o dos Correios &#8211; mais uma amea\u00e7a para o mercado editorial"},"content":{"rendered":"<p>A privatiza\u00e7\u00e3o dos Correios pode ser pior para o mercado editorial que taxa\u00e7\u00e3o de livros. A constata\u00e7\u00e3o foi publicada no <a href=\"https:\/\/alias.estadao.com.br\/noticias\/geral,privatizacao-dos-correios-pode-ser-pior-para-mercado-editorial-que-taxacao-de-livros,70003773223\" target=\"_blank\" rel=\"noopener noreferrer\">Estad\u00e3o<\/a> na \u00faltima quinta. Em meio aos diversos problemas que o setor enfrenta, como o cancelamento de eventos liter\u00e1rios, fechamento de com\u00e9rcio impostos pela pandemia e concorr\u00eancia com gigantes do marketplace.<!--more--> agora os editores devem lidar com o risco de aumento do valor do frete por conta da poss\u00edvel privatiza\u00e7\u00e3o a ser votada na C\u00e2mara nos pr\u00f3ximos dias. A Frente Parlamentar Mista em Defesa do Livro, da Leitura e da Escrita, criada em 2019 com 220 assinaturas entre senadores e deputados de diferentes partidos, prepara uma nota de rep\u00fadio sobre a quest\u00e3o e deve se reunir com representantes do mercado editorial nessa semana. A modalidade de registro m\u00f3dico dos Correios, hoje, d\u00e1 cerca de 50% de desconto no envio de livros e materiais did\u00e1ticos ao cobrar por peso em vez de dist\u00e2ncia. Com a privatiza\u00e7\u00e3o, o subs\u00eddio deve acabar, o que pode encarecer o frete e atrasar entregas para o consumidor. De acordo com a deputada Fernanda Melchionna (PSOL-RS), presidente do grupo em Defesa do Livro, isso significaria a inviabiliza\u00e7\u00e3o de diversas pequenas empresas.<\/p>\n<p>O <a href=\"https:\/\/valor.globo.com\/eu-e\/noticia\/2021\/07\/09\/como-se-faz-um-best-seller.ghtml\" target=\"_blank\" rel=\"noopener noreferrer\">Valor<\/a> publicou uma mat\u00e9ria sobre a combina\u00e7\u00e3o de fatores que faz um livro se tornar um best-seller. Fen\u00f4menos como Itamar Vieira Junior e Djamila Ribeiro capturam o \u2018zeitgeist\u2019 e furam bolha liter\u00e1ria com uso das redes sociais. Segundo o texto, uma combina\u00e7\u00e3o de fatores vem catapultando as vendas de livros como Torto arado, de Itamar e Pequeno manual antirracista, de Djamila. Al\u00e9m da qualidade das obras, h\u00e1 uma conjun\u00e7\u00e3o de duas for\u00e7as: de um lado, um boca a boca virtual nas redes sociais intensificado pela quarentena prolongada. Do outro, dois acontecimentos que fomentaram a busca por livros que tratam, direta ou indiretamente, de quest\u00f5es raciais, de ancestralidade negra e minorias.<\/p>\n<p>O jornal tamb\u00e9m focou no <a href=\"https:\/\/valor.globo.com\/eu-e\/noticia\/2021\/07\/09\/mulheres-se-tornam-protagonistas-no-mercado-editorial.ghtml\" target=\"_blank\" rel=\"noopener noreferrer\">protagonismo feminino no mercado editorial<\/a>. A dissemina\u00e7\u00e3o de ideias feministas, aposta em mercados segmentados e conscientiza\u00e7\u00e3o coletiva estimulam surgimento de editoras e livrarias especializadas. S\u00e3o exemplos a jornalista e editora Simone Paulino, fundadora da N\u00f3s; Carol Magalh\u00e3es, da Quintal Edi\u00e7\u00f5es; Sarah Rebecca Kersley, respons\u00e1vel pela Livraria Boto-Cor-de-Rosa e pelo selo Paralelo 13S; Johanna Stein, da livraria gato sem rabo; Nanni Rios, da livraria Baleia; Rosa Amanda Strausz, da Ventania Editorial; Ana Rocha e CI\u00e7a Pinheiro, da Dois Pontos; Elisa Ventura, da Blooks e Fernanda Diamant, nome por tr\u00e1s da livraria Megafauna e editora F\u00f3sforo.<\/p>\n<p>O jornal <a href=\"https:\/\/atarde.uol.com.br\/cultura\/literatura\/noticias\/2175759-fechamento-de-grandes-livrarias-mostra-mudancas-no-setor?utm_campaign=apanhadao_-_12072021&amp;utm_medium=email&amp;utm_source=RD+Station\" target=\"_blank\" rel=\"noopener noreferrer\">A Tarde<\/a> avaliou que o fechamento de grandes livrarias mostra mudan\u00e7as no setor. A pandemia pode ter acelerado o processo, mas o encerramento das atividades de grandes redes j\u00e1 era esperado por figuras do mercado liter\u00e1rio.<\/p>\n<p>Fechado desde o inc\u00eandio de 2015, o Museu da L\u00edngua Portuguesa ser\u00e1 reinaugurado no dia 31 com a exposi\u00e7\u00e3o L\u00edngua Solta. Segundo o <a href=\"https:\/\/valor.globo.com\/eu-e\/noticia\/2021\/07\/09\/reconstruido-museu-da-lingua-portuguesa-reabre-com-a-exposicao-lingua-solta.ghtml\" target=\"_blank\" rel=\"noopener noreferrer\">Valor<\/a>, s\u00e3o mais de 180 obras, como o manto \u201cEu Preciso de Palavras Escritas\u201d, de Arthur Bispo do Ros\u00e1rio. \u201cA ideia \u00e9 pensar a palavra &#8211; brasileira, angolana, portuguesa &#8211; a partir de uma n\u00e3o hierarquiza\u00e7\u00e3o\u201d, disse ao jornal a curadora Fabiana Mor.<\/p>\n<p>Renata Pallottini, poeta, dramaturga, contista, romancista, tradutora e ensa\u00edsta, faleceu na \u00faltima quinta, aos 90 anos. O <a href=\"https:\/\/cultura.estadao.com.br\/noticias\/literatura,renata-pallottini-poeta-e-dramaturga-morre-aos-90-anos,70003772649\" target=\"_blank\" rel=\"noopener noreferrer\">Estad\u00e3o<\/a> informou que ela lutava contra um mieloma e estava internada desde a quinta passada (1\u00ba). Renata se formou em Direito, em 1951, e em Filosofia, em 1953. Em 1951, come\u00e7ou a trabalhar como revisora na Tipografia Pallottini, de sua fam\u00edlia. Em 1952, produziu, l\u00e1, Acalanto, seu primeiro livro de poemas.<\/p>\n<p>A coluna <a href=\"https:\/\/www1.folha.uol.com.br\/colunas\/walter-porto\/2021\/07\/substack-e-suas-newsletters-poem-mercado-em-atencao-com-volta-dos-folhetins.shtml\" target=\"_blank\" rel=\"noopener noreferrer\">Painel das Letras<\/a> deu destaque para a plataforma de newsletters pagas Substack, que tem se movimentado para entrar no mundo das hist\u00f3rias em quadrinhos. Ela j\u00e1 \u00e9 palco de nomes como Roxane Gay, Andrew Sullivan, Glenn Greenwald, Maggir Stiefvater e no m\u00eas passado, contratou o quadrinista Nick Spencer, que j\u00e1 trabalhou para DC e Marvel, para capitanear sua entrada no mundo das HQs.<\/p>\n<p>No prelo das editoras, a coluna adiantou que a americana Kristen Arnett chega ao Brasil em 2022. \u00c9 que a HarperCollins comprou os direitos de seus dois romances, Mostly dead things e With teeth. A Paralelo13S, da livraria Boto-Cor-de-Rosa, prepara para o primeiro semestre do ano que vem a obra Black on both sides, de C. Riley Snorton. E a Todavia tamb\u00e9m publicar\u00e1 no pr\u00f3ximo ao, o novo livro de Mary Beard. Em Doze C\u00e9sares, a autora investiga como as representa\u00e7\u00f5es do poder na arte foram influenciadas pela imagem de l\u00edderes romanos.<\/p>\n<p>Na <a href=\"https:\/\/cultura.estadao.com.br\/blogs\/babel\/um-livro-por-semana-a-odisseia-de-patti-smith-os-cavalos-de-patti\/\" target=\"_blank\" rel=\"noopener noreferrer\">coluna da Babel<\/a>, mais prelo. The wooden robot and the log princess, primeiro livro infantil do quadrinista e ilustrador escoc\u00eas Tom Gauld, sai no primeiro semestre, pela VR. A Todavia lan\u00e7a, tamb\u00e9m no ano que vem, Rasl, sequ\u00eancia (vencedora do Eisner) da s\u00e9rie Bone, do quadrinista Jeff Smith. E a Editora 34 publica este m\u00eas a colet\u00e2nea By heart e outras pe\u00e7as, que apresenta obras do dramaturgo portugu\u00eas Tiago Rodrigues.<\/p>\n<p>Em sua coluna quinzenal para o <a href=\"https:\/\/valor.globo.com\/eu-e\/coluna\/tatiana-salem-levy-a-literatura-nao-existe-para-agradar-mas-para-mergulhar-no-que-temos-de-mais-obscuro.ghtml\" target=\"_blank\" rel=\"noopener noreferrer\">Valor<\/a>, Tatiana Salem Levy fala sobre as obras de \u00c9douard Louis e Marieke Lucas Rijneveld que explodem com for\u00e7a po\u00e9tica ao retratarem brutalidade social.<\/p>\n<p>A <a href=\"https:\/\/www1.folha.uol.com.br\/ilustrada\/2021\/07\/tarantino-dira-mesmo-adeus-ao-cinema-depois-do-proximo-filme-para-virar-escritor.shtml\" target=\"_blank\" rel=\"noopener noreferrer\">Folha<\/a> informou que Tarantino dir\u00e1 mesmo adeus ao cinema depois do pr\u00f3ximo filme para se tornar escritor. O cineasta acaba de lan\u00e7ar a romantiza\u00e7\u00e3o de Era uma vez em Hollywood (Intr\u00ednseca) e reitera que s\u00f3 ter\u00e1 dez t\u00edtulos na filmografia. O livro do cineasta tamb\u00e9m foi not\u00edcia no <a href=\"https:\/\/cultura.estadao.com.br\/noticias\/literatura,quentin-tarantino-a-maioria-dos-cineastas-dirige-seus-piores-filmes-no-final-da-carreira,70003773072\" target=\"_blank\" rel=\"noopener noreferrer\">Estad\u00e3o<\/a>.<\/p>\n<p><a href=\"https:\/\/blogs.oglobo.globo.com\/ancelmo\/post\/centenario-de-proust-sera-comemorado-por-editora-com-livro-de-roberto-machadoo-filosofo-que-nos-deixou-em-maio.html\" target=\"_blank\" rel=\"noopener noreferrer\">Ancelmo Gois<\/a> adiantou que o centen\u00e1rio de Proust ser\u00e1 comemorado por editora com livro de Roberto Machado, o fil\u00f3sofo que nos deixou em maio.<\/p>\n","protected":false},"excerpt":{"rendered":"<p>A privatiza\u00e7\u00e3o dos Correios pode ser pior para o mercado editorial que taxa\u00e7\u00e3o de livros. A constata\u00e7\u00e3o foi publicada no Estad\u00e3o na \u00faltima quinta. Em meio aos diversos problemas que o setor enfrenta, como o cancelamento de eventos liter\u00e1rios, fechamento de com\u00e9rcio impostos pela pandemia e concorr\u00eancia com gigantes do marketplace.<\/p>\n","protected":false},"author":4,"featured_media":0,"comment_status":"closed","ping_status":"closed","sticky":false,"template":"","format":"standard","meta":{"footnotes":"","_links_to":"","_links_to_target":""},"categories":[9],"tags":[],"class_list":["post-14428","post","type-post","status-publish","format-standard","hentry","category-noticias-da-imprensa"],"yoast_head":"<!-- This site is optimized with the Yoast SEO plugin v15.1 - https:\/\/yoast.com\/wordpress\/plugins\/seo\/ -->\n<title>Apanhad\u00e3o: Privatiza\u00e7\u00e3o dos Correios - mais uma amea\u00e7a para o mercado editorial &raquo; Abrelivros<\/title>\n<meta name=\"robots\" content=\"index, follow, max-snippet:-1, max-image-preview:large, max-video-preview:-1\" \/>\n<link rel=\"canonical\" href=\"https:\/\/abrelivros.org.br\/site\/apanhadao-privatizacao-dos-correios-mais-uma-ameaca-para-o-mercado-editorial\/\" \/>\n<meta property=\"og:locale\" content=\"pt_BR\" \/>\n<meta property=\"og:type\" content=\"article\" \/>\n<meta property=\"og:title\" content=\"Apanhad\u00e3o: Privatiza\u00e7\u00e3o dos Correios - mais uma amea\u00e7a para o mercado editorial &raquo; Abrelivros\" \/>\n<meta property=\"og:description\" content=\"A privatiza\u00e7\u00e3o dos Correios pode ser pior para o mercado editorial que taxa\u00e7\u00e3o de livros. A constata\u00e7\u00e3o foi publicada no Estad\u00e3o na \u00faltima quinta. Em meio aos diversos problemas que o setor enfrenta, como o cancelamento de eventos liter\u00e1rios, fechamento de com\u00e9rcio impostos pela pandemia e concorr\u00eancia com gigantes do marketplace.\" \/>\n<meta property=\"og:url\" content=\"https:\/\/abrelivros.org.br\/site\/apanhadao-privatizacao-dos-correios-mais-uma-ameaca-para-o-mercado-editorial\/\" \/>\n<meta property=\"og:site_name\" content=\"Abrelivros\" \/>\n<meta property=\"article:published_time\" content=\"2021-07-12T17:58:48+00:00\" \/>\n<meta name=\"twitter:card\" content=\"summary_large_image\" \/>\n<script type=\"application\/ld+json\" class=\"yoast-schema-graph\">{\"@context\":\"https:\/\/schema.org\",\"@graph\":[{\"@type\":\"WebSite\",\"@id\":\"https:\/\/abrelivros.org.br\/site\/#website\",\"url\":\"https:\/\/abrelivros.org.br\/site\/\",\"name\":\"Abrelivros\",\"description\":\"\",\"potentialAction\":[{\"@type\":\"SearchAction\",\"target\":\"https:\/\/abrelivros.org.br\/site\/?s={search_term_string}\",\"query-input\":\"required name=search_term_string\"}],\"inLanguage\":\"pt-BR\"},{\"@type\":\"WebPage\",\"@id\":\"https:\/\/abrelivros.org.br\/site\/apanhadao-privatizacao-dos-correios-mais-uma-ameaca-para-o-mercado-editorial\/#webpage\",\"url\":\"https:\/\/abrelivros.org.br\/site\/apanhadao-privatizacao-dos-correios-mais-uma-ameaca-para-o-mercado-editorial\/\",\"name\":\"Apanhad\\u00e3o: Privatiza\\u00e7\\u00e3o dos Correios - mais uma amea\\u00e7a para o mercado editorial &raquo; Abrelivros\",\"isPartOf\":{\"@id\":\"https:\/\/abrelivros.org.br\/site\/#website\"},\"datePublished\":\"2021-07-12T17:58:48+00:00\",\"dateModified\":\"2021-07-12T17:58:48+00:00\",\"author\":{\"@id\":\"https:\/\/abrelivros.org.br\/site\/#\/schema\/person\/65db80e26409802ce15ac5feec6a15fd\"},\"breadcrumb\":{\"@id\":\"https:\/\/abrelivros.org.br\/site\/apanhadao-privatizacao-dos-correios-mais-uma-ameaca-para-o-mercado-editorial\/#breadcrumb\"},\"inLanguage\":\"pt-BR\",\"potentialAction\":[{\"@type\":\"ReadAction\",\"target\":[\"https:\/\/abrelivros.org.br\/site\/apanhadao-privatizacao-dos-correios-mais-uma-ameaca-para-o-mercado-editorial\/\"]}]},{\"@type\":\"BreadcrumbList\",\"@id\":\"https:\/\/abrelivros.org.br\/site\/apanhadao-privatizacao-dos-correios-mais-uma-ameaca-para-o-mercado-editorial\/#breadcrumb\",\"itemListElement\":[{\"@type\":\"ListItem\",\"position\":1,\"item\":{\"@type\":\"WebPage\",\"@id\":\"https:\/\/abrelivros.org.br\/site\/\",\"url\":\"https:\/\/abrelivros.org.br\/site\/\",\"name\":\"In\\u00edcio\"}},{\"@type\":\"ListItem\",\"position\":2,\"item\":{\"@type\":\"WebPage\",\"@id\":\"https:\/\/abrelivros.org.br\/site\/category\/noticias\/\",\"url\":\"https:\/\/abrelivros.org.br\/site\/category\/noticias\/\",\"name\":\"Not\\u00edcias\"}},{\"@type\":\"ListItem\",\"position\":3,\"item\":{\"@type\":\"WebPage\",\"@id\":\"https:\/\/abrelivros.org.br\/site\/category\/noticias\/noticias-da-imprensa\/\",\"url\":\"https:\/\/abrelivros.org.br\/site\/category\/noticias\/noticias-da-imprensa\/\",\"name\":\"Not\\u00edcias da imprensa\"}},{\"@type\":\"ListItem\",\"position\":4,\"item\":{\"@type\":\"WebPage\",\"@id\":\"https:\/\/abrelivros.org.br\/site\/apanhadao-privatizacao-dos-correios-mais-uma-ameaca-para-o-mercado-editorial\/\",\"url\":\"https:\/\/abrelivros.org.br\/site\/apanhadao-privatizacao-dos-correios-mais-uma-ameaca-para-o-mercado-editorial\/\",\"name\":\"Apanhad\\u00e3o: Privatiza\\u00e7\\u00e3o dos Correios &#8211; mais uma amea\\u00e7a para o mercado editorial\"}}]},{\"@type\":\"Person\",\"@id\":\"https:\/\/abrelivros.org.br\/site\/#\/schema\/person\/65db80e26409802ce15ac5feec6a15fd\",\"name\":\"Reda\\u00e7\\u00e3o Abrelivros\",\"image\":{\"@type\":\"ImageObject\",\"@id\":\"https:\/\/abrelivros.org.br\/site\/#personlogo\",\"inLanguage\":\"pt-BR\",\"url\":\"https:\/\/secure.gravatar.com\/avatar\/c4e57f9c7e3482965bd428192061218520756c39080b1d1820b679fa5e9af192?s=96&d=mm&r=g\",\"caption\":\"Reda\\u00e7\\u00e3o Abrelivros\"}}]}<\/script>\n<!-- \/ Yoast SEO plugin. -->","_links":{"self":[{"href":"https:\/\/abrelivros.org.br\/site\/wp-json\/wp\/v2\/posts\/14428","targetHints":{"allow":["GET"]}}],"collection":[{"href":"https:\/\/abrelivros.org.br\/site\/wp-json\/wp\/v2\/posts"}],"about":[{"href":"https:\/\/abrelivros.org.br\/site\/wp-json\/wp\/v2\/types\/post"}],"author":[{"embeddable":true,"href":"https:\/\/abrelivros.org.br\/site\/wp-json\/wp\/v2\/users\/4"}],"replies":[{"embeddable":true,"href":"https:\/\/abrelivros.org.br\/site\/wp-json\/wp\/v2\/comments?post=14428"}],"version-history":[{"count":1,"href":"https:\/\/abrelivros.org.br\/site\/wp-json\/wp\/v2\/posts\/14428\/revisions"}],"predecessor-version":[{"id":14429,"href":"https:\/\/abrelivros.org.br\/site\/wp-json\/wp\/v2\/posts\/14428\/revisions\/14429"}],"wp:attachment":[{"href":"https:\/\/abrelivros.org.br\/site\/wp-json\/wp\/v2\/media?parent=14428"}],"wp:term":[{"taxonomy":"category","embeddable":true,"href":"https:\/\/abrelivros.org.br\/site\/wp-json\/wp\/v2\/categories?post=14428"},{"taxonomy":"post_tag","embeddable":true,"href":"https:\/\/abrelivros.org.br\/site\/wp-json\/wp\/v2\/tags?post=14428"}],"curies":[{"name":"wp","href":"https:\/\/api.w.org\/{rel}","templated":true}]}}