{"id":14422,"date":"2021-07-08T15:15:05","date_gmt":"2021-07-08T18:15:05","guid":{"rendered":"https:\/\/abrelivros.org.br\/site\/?p=14422"},"modified":"2021-07-08T15:15:05","modified_gmt":"2021-07-08T18:15:05","slug":"segundo-edtech-debateu-a-gamificacao-e-a-sua-aplicacao-na-educacao-e-no-mercado-editorial-2","status":"publish","type":"post","link":"https:\/\/abrelivros.org.br\/site\/segundo-edtech-debateu-a-gamificacao-e-a-sua-aplicacao-na-educacao-e-no-mercado-editorial-2\/","title":{"rendered":"Segundo EdTech debateu a gamifica\u00e7\u00e3o e a sua aplica\u00e7\u00e3o na educa\u00e7\u00e3o e no mercado editorial"},"content":{"rendered":"<p>O papel dos games na ind\u00fastria do entretenimento j\u00e1 \u00e9 bastante claro, consolidado e crescente. Dados da <a href=\"https:\/\/newzoo.com\/\" target=\"_blank\" rel=\"noopener noreferrer\">Newzoo<\/a>, empresa global que analisa o setor, apontam que em 2020 o faturamento dessa ind\u00fastria foi de US$ 159 bilh\u00f5es, 9,3% superior ao registrado em 2019. Mas e o seu papel na educa\u00e7\u00e3o? E a rela\u00e7\u00e3o dessa ind\u00fastria com a editorial?<br \/>\nEsse foi o tema do segundo EdTech Meeting, s\u00e9rie de encontros que quer debater a inova\u00e7\u00e3o no setor editorial ligado \u00e0 educa\u00e7\u00e3o.<!--more--> A segunda edi\u00e7\u00e3o do EdTech aconteceu nesta quarta-feira (07) e contou com a participa\u00e7\u00e3o de David Oliveira Lemes (Puc\/SP), Pasi Loman (Seppo) e Jo\u00e3o Pires (Escola da Vila) e foi coordenada por Gabriela Dias, especialista em inova\u00e7\u00e3o ecolunista do PN.<\/p>\n<p>J\u00e1 no come\u00e7o, os participantes deixaram claro a diferen\u00e7a entre games e a gamifica\u00e7\u00e3o. Pasi resumiu: \u201cO objetivo do game \u00e9 o entretenimento. J\u00e1 a gamifica\u00e7\u00e3o usa os mesmos elementos para outro motivo, um objetivo que pode ser a aprendizagem ou a mudan\u00e7a de comportamento\u201d.<\/p>\n<p>O debate seguiu para a aplica\u00e7\u00e3o em sala de aula. Jo\u00e3o Pires, assistente de tecnologia da educa\u00e7\u00e3o na Escola da Vila, de S\u00e3o Paulo, apresentou um caso importante. Como professor de l\u00edngua portuguesa, ele aplicou os games em sala de aula e transformou a motiva\u00e7\u00e3o dos alunos. Ele defendeu a import\u00e2ncia de envolver os alunos n\u00e3o s\u00f3 no game, mas nos seus bastidores para que eles tamb\u00e9m entendam a codifica\u00e7\u00e3o. \u201cEles ficam mais cr\u00edticos sobre aquilo que comp\u00f5em o game\u201d, atestou o professor. Esse caso acabou se desdobrando na sua pesquisa de mestrado. Jo\u00e3o falou ainda sobre a aplica\u00e7\u00e3o de games \u00e0 luz da Base Nacional Comum Curricular (BNCC).<\/p>\n<p>David, al\u00e9m de falar especificamente sobre o aprendizado e o uso de games na Educa\u00e7\u00e3o Superior, apresentou aos participantes um quadro em que apresenta uma s\u00e9rie de <a href=\"https:\/\/padlet.com\/dolemes1\/ferramentaseducacionais\" target=\"_blank\" rel=\"noopener noreferrer\">ferramentas educacionais<\/a> que tem por base a gamifica\u00e7\u00e3o. \u201cFica o convite para que as pessoas testem as ferramentas e tentem incorpor\u00e1-las nas suas pr\u00e1ticas did\u00e1ticas\u201d, disse j\u00e1 no encerramento.<\/p>\n<p>Pasi aproveitou a sua participa\u00e7\u00e3o no EdTech Meeting para anunciar uma parceria entre a Seppo e a Pearson em um curso de l\u00edngua inglesa para alunos do ensino fundamental. A parceria global nasceu da experi\u00eancia da Seppo com a Y\u00e1zigi\/Person no Brasil e os games que far\u00e3o parte desse projeto global est\u00e3o sendo montados aqui no Brasil sob coordena\u00e7\u00e3o de Lilia Loman, com quem Pasi \u00e9 casada e s\u00f3cia dele na ag\u00eancia liter\u00e1ria Vikings of Brazil.<\/p>\n<p>Para assistir ao EdTech Meeting, \u00e9 necess\u00e1rio fazer um breve <a href=\"https:\/\/conteudo.publishnews.com.br\/edtech-meeting-2\" target=\"_blank\" rel=\"noopener noreferrer\">cadastro aqui<\/a>. Logo depois do cadastro, voc\u00ea ser\u00e1 levado para a p\u00e1gina do v\u00eddeo.<\/p>\n<p>O EdTech Meeting \u00e9 realizado pelo PublishNews em parceria com a Posigraf.<\/p>\n","protected":false},"excerpt":{"rendered":"<p>O papel dos games na ind\u00fastria do entretenimento j\u00e1 \u00e9 bastante claro, consolidado e crescente. Dados da Newzoo, empresa global que analisa o setor, apontam que em 2020 o faturamento dessa ind\u00fastria foi de US$ 159 bilh\u00f5es, 9,3% superior ao registrado em 2019. Mas e o seu papel na educa\u00e7\u00e3o? E a rela\u00e7\u00e3o dessa ind\u00fastria [&hellip;]<\/p>\n","protected":false},"author":4,"featured_media":0,"comment_status":"closed","ping_status":"closed","sticky":false,"template":"","format":"standard","meta":{"footnotes":"","_links_to":"","_links_to_target":""},"categories":[9],"tags":[],"class_list":["post-14422","post","type-post","status-publish","format-standard","hentry","category-noticias-da-imprensa"],"yoast_head":"<!-- This site is optimized with the Yoast SEO plugin v15.1 - https:\/\/yoast.com\/wordpress\/plugins\/seo\/ -->\n<title>Segundo EdTech debateu a gamifica\u00e7\u00e3o e a sua aplica\u00e7\u00e3o na educa\u00e7\u00e3o e no mercado editorial &raquo; Abrelivros<\/title>\n<meta name=\"robots\" content=\"index, follow, max-snippet:-1, max-image-preview:large, max-video-preview:-1\" \/>\n<link rel=\"canonical\" href=\"https:\/\/abrelivros.org.br\/site\/segundo-edtech-debateu-a-gamificacao-e-a-sua-aplicacao-na-educacao-e-no-mercado-editorial-2\/\" \/>\n<meta property=\"og:locale\" content=\"pt_BR\" \/>\n<meta property=\"og:type\" content=\"article\" \/>\n<meta property=\"og:title\" content=\"Segundo EdTech debateu a gamifica\u00e7\u00e3o e a sua aplica\u00e7\u00e3o na educa\u00e7\u00e3o e no mercado editorial &raquo; Abrelivros\" \/>\n<meta property=\"og:description\" content=\"O papel dos games na ind\u00fastria do entretenimento j\u00e1 \u00e9 bastante claro, consolidado e crescente. Dados da Newzoo, empresa global que analisa o setor, apontam que em 2020 o faturamento dessa ind\u00fastria foi de US$ 159 bilh\u00f5es, 9,3% superior ao registrado em 2019. Mas e o seu papel na educa\u00e7\u00e3o? E a rela\u00e7\u00e3o dessa ind\u00fastria [&hellip;]\" \/>\n<meta property=\"og:url\" content=\"https:\/\/abrelivros.org.br\/site\/segundo-edtech-debateu-a-gamificacao-e-a-sua-aplicacao-na-educacao-e-no-mercado-editorial-2\/\" \/>\n<meta property=\"og:site_name\" content=\"Abrelivros\" \/>\n<meta property=\"article:published_time\" content=\"2021-07-08T18:15:05+00:00\" \/>\n<meta name=\"twitter:card\" content=\"summary_large_image\" \/>\n<script type=\"application\/ld+json\" class=\"yoast-schema-graph\">{\"@context\":\"https:\/\/schema.org\",\"@graph\":[{\"@type\":\"WebSite\",\"@id\":\"https:\/\/abrelivros.org.br\/site\/#website\",\"url\":\"https:\/\/abrelivros.org.br\/site\/\",\"name\":\"Abrelivros\",\"description\":\"\",\"potentialAction\":[{\"@type\":\"SearchAction\",\"target\":\"https:\/\/abrelivros.org.br\/site\/?s={search_term_string}\",\"query-input\":\"required name=search_term_string\"}],\"inLanguage\":\"pt-BR\"},{\"@type\":\"WebPage\",\"@id\":\"https:\/\/abrelivros.org.br\/site\/segundo-edtech-debateu-a-gamificacao-e-a-sua-aplicacao-na-educacao-e-no-mercado-editorial-2\/#webpage\",\"url\":\"https:\/\/abrelivros.org.br\/site\/segundo-edtech-debateu-a-gamificacao-e-a-sua-aplicacao-na-educacao-e-no-mercado-editorial-2\/\",\"name\":\"Segundo EdTech debateu a gamifica\\u00e7\\u00e3o e a sua aplica\\u00e7\\u00e3o na educa\\u00e7\\u00e3o e no mercado editorial &raquo; Abrelivros\",\"isPartOf\":{\"@id\":\"https:\/\/abrelivros.org.br\/site\/#website\"},\"datePublished\":\"2021-07-08T18:15:05+00:00\",\"dateModified\":\"2021-07-08T18:15:05+00:00\",\"author\":{\"@id\":\"https:\/\/abrelivros.org.br\/site\/#\/schema\/person\/65db80e26409802ce15ac5feec6a15fd\"},\"breadcrumb\":{\"@id\":\"https:\/\/abrelivros.org.br\/site\/segundo-edtech-debateu-a-gamificacao-e-a-sua-aplicacao-na-educacao-e-no-mercado-editorial-2\/#breadcrumb\"},\"inLanguage\":\"pt-BR\",\"potentialAction\":[{\"@type\":\"ReadAction\",\"target\":[\"https:\/\/abrelivros.org.br\/site\/segundo-edtech-debateu-a-gamificacao-e-a-sua-aplicacao-na-educacao-e-no-mercado-editorial-2\/\"]}]},{\"@type\":\"BreadcrumbList\",\"@id\":\"https:\/\/abrelivros.org.br\/site\/segundo-edtech-debateu-a-gamificacao-e-a-sua-aplicacao-na-educacao-e-no-mercado-editorial-2\/#breadcrumb\",\"itemListElement\":[{\"@type\":\"ListItem\",\"position\":1,\"item\":{\"@type\":\"WebPage\",\"@id\":\"https:\/\/abrelivros.org.br\/site\/\",\"url\":\"https:\/\/abrelivros.org.br\/site\/\",\"name\":\"In\\u00edcio\"}},{\"@type\":\"ListItem\",\"position\":2,\"item\":{\"@type\":\"WebPage\",\"@id\":\"https:\/\/abrelivros.org.br\/site\/category\/noticias\/\",\"url\":\"https:\/\/abrelivros.org.br\/site\/category\/noticias\/\",\"name\":\"Not\\u00edcias\"}},{\"@type\":\"ListItem\",\"position\":3,\"item\":{\"@type\":\"WebPage\",\"@id\":\"https:\/\/abrelivros.org.br\/site\/category\/noticias\/noticias-da-imprensa\/\",\"url\":\"https:\/\/abrelivros.org.br\/site\/category\/noticias\/noticias-da-imprensa\/\",\"name\":\"Not\\u00edcias da imprensa\"}},{\"@type\":\"ListItem\",\"position\":4,\"item\":{\"@type\":\"WebPage\",\"@id\":\"https:\/\/abrelivros.org.br\/site\/segundo-edtech-debateu-a-gamificacao-e-a-sua-aplicacao-na-educacao-e-no-mercado-editorial-2\/\",\"url\":\"https:\/\/abrelivros.org.br\/site\/segundo-edtech-debateu-a-gamificacao-e-a-sua-aplicacao-na-educacao-e-no-mercado-editorial-2\/\",\"name\":\"Segundo EdTech debateu a gamifica\\u00e7\\u00e3o e a sua aplica\\u00e7\\u00e3o na educa\\u00e7\\u00e3o e no mercado editorial\"}}]},{\"@type\":\"Person\",\"@id\":\"https:\/\/abrelivros.org.br\/site\/#\/schema\/person\/65db80e26409802ce15ac5feec6a15fd\",\"name\":\"Reda\\u00e7\\u00e3o Abrelivros\",\"image\":{\"@type\":\"ImageObject\",\"@id\":\"https:\/\/abrelivros.org.br\/site\/#personlogo\",\"inLanguage\":\"pt-BR\",\"url\":\"https:\/\/secure.gravatar.com\/avatar\/c4e57f9c7e3482965bd428192061218520756c39080b1d1820b679fa5e9af192?s=96&d=mm&r=g\",\"caption\":\"Reda\\u00e7\\u00e3o Abrelivros\"}}]}<\/script>\n<!-- \/ Yoast SEO plugin. -->","_links":{"self":[{"href":"https:\/\/abrelivros.org.br\/site\/wp-json\/wp\/v2\/posts\/14422","targetHints":{"allow":["GET"]}}],"collection":[{"href":"https:\/\/abrelivros.org.br\/site\/wp-json\/wp\/v2\/posts"}],"about":[{"href":"https:\/\/abrelivros.org.br\/site\/wp-json\/wp\/v2\/types\/post"}],"author":[{"embeddable":true,"href":"https:\/\/abrelivros.org.br\/site\/wp-json\/wp\/v2\/users\/4"}],"replies":[{"embeddable":true,"href":"https:\/\/abrelivros.org.br\/site\/wp-json\/wp\/v2\/comments?post=14422"}],"version-history":[{"count":1,"href":"https:\/\/abrelivros.org.br\/site\/wp-json\/wp\/v2\/posts\/14422\/revisions"}],"predecessor-version":[{"id":14423,"href":"https:\/\/abrelivros.org.br\/site\/wp-json\/wp\/v2\/posts\/14422\/revisions\/14423"}],"wp:attachment":[{"href":"https:\/\/abrelivros.org.br\/site\/wp-json\/wp\/v2\/media?parent=14422"}],"wp:term":[{"taxonomy":"category","embeddable":true,"href":"https:\/\/abrelivros.org.br\/site\/wp-json\/wp\/v2\/categories?post=14422"},{"taxonomy":"post_tag","embeddable":true,"href":"https:\/\/abrelivros.org.br\/site\/wp-json\/wp\/v2\/tags?post=14422"}],"curies":[{"name":"wp","href":"https:\/\/api.w.org\/{rel}","templated":true}]}}