{"id":14418,"date":"2021-07-08T14:47:56","date_gmt":"2021-07-08T17:47:56","guid":{"rendered":"https:\/\/abrelivros.org.br\/site\/?p=14418"},"modified":"2021-07-08T14:47:56","modified_gmt":"2021-07-08T17:47:56","slug":"ministro-da-educacao-diz-nao-se-opor-a-conectividade-em-escolas","status":"publish","type":"post","link":"https:\/\/abrelivros.org.br\/site\/ministro-da-educacao-diz-nao-se-opor-a-conectividade-em-escolas\/","title":{"rendered":"Ministro da Educa\u00e7\u00e3o diz n\u00e3o se opor \u00e0 conectividade em escolas"},"content":{"rendered":"<p>O ministro da Educa\u00e7\u00e3o, Milton Ribeiro, disse, ontem (7), que jamais se op\u00f4s \u00e0 informatiza\u00e7\u00e3o de escolas p\u00fablicas ou \u00e0 distribui\u00e7\u00e3o de tablets, notebooks ou computadores para estudantes carentes. No entanto, a exemplo de outros setores do governo federal, o ministro considera que h\u00e1 outras prioridades para melhorar a qualidade estrutural da rede de ensino.<!--more--><\/p>\n<p>\u201cA quest\u00e3o da conex\u00e3o \u00e9 important\u00edssima, mas, como gestor, acredito que haja outras prioridades. Temos, em todo o pa\u00eds, 54 mil escolas rurais que carecem de aten\u00e7\u00e3o especial. Temos 3.817 escolas sem energia el\u00e9trica. Oito mil quinhentos e vinte e sete estabelecimentos de ensino sem saneamento. H\u00e1 3.447 escolas sem \u00e1gua no Brasil e 36.054 escolas que n\u00e3o tem acesso \u00e0 internet\u201d, detalhou Ribeiro durante reuni\u00e3o da Comiss\u00e3o de Educa\u00e7\u00e3o da C\u00e2mara dos Deputados.<\/p>\n<p>\u201c\u00c9 certo que uma coisa n\u00e3o exclui a outra, mas, com todo respeito, temos que voltar nossa aten\u00e7\u00e3o, a este grupo de pessoas. Que esses dados pesem nas nossas decis\u00f5es, pois gerir, governar, exige saber escolher onde aplicar os recursos p\u00fablicos\u201d, comentou o ministro ao justificar a iniciativa do governo federal, que, por meio da Advocacia-Geral da Uni\u00e3o (AGU), recorreu ao Supremo Tribunal Federal (STF) contra a Lei 14.172\/2021, que prev\u00ea o repasse de R$ 3,5 bilh\u00f5es da Uni\u00e3o para ajudar os governos estaduais e do Distrito Federal a custearem o acesso \u00e0 internet de alunos e professores da educa\u00e7\u00e3o b\u00e1sica p\u00fablica.<\/p>\n<p>\u201cO MEC nunca foi contra a conectividade nas escolas ou contra a distribui\u00e7\u00e3o de equipamentos de inform\u00e1tica. Que isso fique claro. Assim que a lei entrou em vigor, o minist\u00e9rio empreendeu esfor\u00e7os para estabelecer os procedimentos necess\u00e1rios. No entanto, as equipes t\u00e9cnicas do governo federal entenderam que [na aprova\u00e7\u00e3o da <a href=\"https:\/\/www.in.gov.br\/en\/web\/dou\/-\/lei-n-14.172-de-10-de-junho-de-2021-325242900\" target=\"_blank\" rel=\"noopener noreferrer\">Lei 14.172<\/a>] n\u00e3o foram cumpridos os mandamentos legais or\u00e7ament\u00e1rios e a pr\u00f3pria Constitui\u00e7\u00e3o\u201d, comentou Ribeiro, acrescentando que a A\u00e7\u00e3o Direta de Inconstitucionalidade (ADI) 6926 questiona, entre outros pontos, a n\u00e3o observ\u00e2ncia do limite impostos pelo chamado Teto dos Gastos, que, em 2016, estabeleceu limites para o crescimento das despesas do governo.<\/p>\n<p>\u201cO MEC defende a conectividade nas escolas por meio de a\u00e7\u00f5es planejadas, estruturadas; de maneira respons\u00e1vel; com regras claras de repasse e crit\u00e9rios de transpar\u00eancia e observando as peculiaridades regionais e a maturidade para o uso da tecnologia de cada escola, de forma a assegurar a efici\u00eancia dos investimentos p\u00fablicos\u201d, afirmou Ribeiro, questionando a falta de crit\u00e9rios t\u00e9cnicos da Lei 14.172 \u2013 que, ap\u00f3s ser aprovada no Congresso Nacional, foi vetada pelo presidente Jair Bolsonaro. Posteriormente, o veto foi derrubado pelos parlamentares.<\/p>\n<p>\u201cDe que adianta dar um tablet para um menino que n\u00e3o tem energia el\u00e9trica ou para um professor que n\u00e3o tem nenhuma capacita\u00e7\u00e3o para oper\u00e1-lo. Temos que ter esta estrutura\u00e7\u00e3o e \u00e9 isso que o MEC est\u00e1 querendo fazer\u201d, garantiu o ministro, destacando que o pa\u00eds vive em um contexto de \u201ceconomia de guerra\u201d, que torna ainda mais necess\u00e1rio elencar prioridades no momento de definir onde aplicar os recursos p\u00fablicos. De acordo com Ribeiro, o minist\u00e9rio investir\u00e1 ao menos R$ 320 milh\u00f5es em a\u00e7\u00f5es de conectividade estabelecidas por meio de outra <a href=\"https:\/\/www.in.gov.br\/en\/web\/dou\/-\/lei-n-14.180-de-1-de-julho-de-2021-329472130#:~:text=1%C2%BA%20%C3%89%20institu%C3%ADda%20a%20Pol%C3%ADtica,pedag%C3%B3gico%20de%20tecnologias%20digitais%20na\" target=\"_blank\" rel=\"noopener noreferrer\">lei federal<\/a>, a 14.180\/2021, que instituiu a Pol\u00edtica de Inova\u00e7\u00e3o Educa\u00e7\u00e3o Conectada.<\/p>\n<p>\u201cN\u00e3o adianta eu distribuir recursos de maneira direta, ratear equipamentos. Temos que conhecer qual a real necessidade de cada escola. Tem estabelecimento que precisa apenas aumentar a velocidade de acesso \u00e0 internet. Outros precisam de um computador. N\u00e3o adianta despejar recursos indistintamente para as escolas. Isso j\u00e1 foi feito no passado e est\u00e1 provado que n\u00e3o d\u00e1 certo. Vamos detectar as necessidades e o grau de maturidade de cada rede para ent\u00e3o poder dispensar o pouco de recursos de que dispomos\u201d, complementou o ministro.<\/p>\n<p>Perguntado sobre o que a pasta, afetada por cortes or\u00e7ament\u00e1rios, vem fazendo para incrementar suas a\u00e7\u00f5es e tentar preparar ou melhorar o ensino h\u00edbrido (no qual parte das atividades pedag\u00f3gicas acontece presencialmente, parte \u00e0 dist\u00e2ncia], Ribeiro disse buscar ajuda da iniciativa privada para oferecer a estabelecimentos de ensino federais, estaduais e municipais acesso gratuito a plataformas de ensino.<\/p>\n<p>\u201cEu n\u00e3o tenho que ter medo do capital privado. Tenho que tentar conseguir que o capital privado ajude a escola p\u00fablica. E isso eu n\u00e3o tenho vergonha de pedir e tenho feito. Al\u00e9m disso, o MEC oferece cursos de capacita\u00e7\u00e3o para os professores utilizarem as novas tecnologias no ensino. Basta acessar o site do minist\u00e9rio\u201d, complementou o ministro, voltando a defender a retomada das atividades escolares presenciais, com a observ\u00e2ncia das recomenda\u00e7\u00f5es sanit\u00e1rias, como o uso de m\u00e1scaras, a higieniza\u00e7\u00e3o de m\u00e3os e objetos e o distanciamento social. \u201cPrecisamos reabrir as escolas. Com todo o respeito que tenho aos profissionais da Educa\u00e7\u00e3o: creio que est\u00e1 na hora de retomarmos \u00e0s escolas.\u201d<\/p>\n<p>Durante o debate, parlamentares como a presidente da Comiss\u00e3o de Educa\u00e7\u00e3o, deputada Professora Dorinha (DEM-TO), criticaram a iniciativa do governo federal de recorrer ao STF contra a aplica\u00e7\u00e3o da Lei 14.172. &#8220;Na minha opini\u00e3o, \u00e9 um desrespeito e lamentei muito. A lei nasceu de um acordo inicial, com participa\u00e7\u00e3o de v\u00e1rios atores do governo federal, como uma resposta de apoio \u00e0s redes estaduais e municipais. Os n\u00fameros relativos \u00e0 baixa conectividade e \u00e0 dificuldade de acesso [\u00e0 internet] s\u00e3o conhecidos e todos sabemos o quanto estas desigualdades impactam a aprendizagem. Em momento algum pensamos que este dinheiro [R$ 3,5 bi] deveria sair do or\u00e7amento do MEC, que j\u00e1 tem grandes dificuldades de implementar suas a\u00e7\u00f5es. A lei apresenta como poss\u00edvel fonte o Fust [Fundo de Universaliza\u00e7\u00e3o dos Servi\u00e7os de Telecomunica\u00e7\u00f5es]. Nossa preocupa\u00e7\u00e3o \u00e9 que o volume de recursos [atualmente] investidos \u00e9 muito distante do necess\u00e1rio. E mesmo os R$ 3,5 bi ainda seria pouco, pois este dinheiro n\u00e3o \u00e9 para entregar um computador, um chip [a alunos e professores]. Precisa vir com um arcabou\u00e7o pedag\u00f3gico a fim de ter efeito na aprendizagem. Conhe\u00e7o um estado que comprou tablets para todo mundo e mandou para escolas que nem energia t\u00eam. Nenhum de n\u00f3s defende absurdos como este&#8221;, comentou a deputada.<\/p>\n","protected":false},"excerpt":{"rendered":"<p>O ministro da Educa\u00e7\u00e3o, Milton Ribeiro, disse, ontem (7), que jamais se op\u00f4s \u00e0 informatiza\u00e7\u00e3o de escolas p\u00fablicas ou \u00e0 distribui\u00e7\u00e3o de tablets, notebooks ou computadores para estudantes carentes. No entanto, a exemplo de outros setores do governo federal, o ministro considera que h\u00e1 outras prioridades para melhorar a qualidade estrutural da rede de ensino.<\/p>\n","protected":false},"author":4,"featured_media":0,"comment_status":"closed","ping_status":"closed","sticky":false,"template":"","format":"standard","meta":{"footnotes":"","_links_to":"","_links_to_target":""},"categories":[9],"tags":[],"class_list":["post-14418","post","type-post","status-publish","format-standard","hentry","category-noticias-da-imprensa"],"yoast_head":"<!-- This site is optimized with the Yoast SEO plugin v15.1 - https:\/\/yoast.com\/wordpress\/plugins\/seo\/ -->\n<title>Ministro da Educa\u00e7\u00e3o diz n\u00e3o se opor \u00e0 conectividade em escolas &raquo; Abrelivros<\/title>\n<meta name=\"robots\" content=\"index, follow, max-snippet:-1, max-image-preview:large, max-video-preview:-1\" \/>\n<link rel=\"canonical\" href=\"https:\/\/abrelivros.org.br\/site\/ministro-da-educacao-diz-nao-se-opor-a-conectividade-em-escolas\/\" \/>\n<meta property=\"og:locale\" content=\"pt_BR\" \/>\n<meta property=\"og:type\" content=\"article\" \/>\n<meta property=\"og:title\" content=\"Ministro da Educa\u00e7\u00e3o diz n\u00e3o se opor \u00e0 conectividade em escolas &raquo; Abrelivros\" \/>\n<meta property=\"og:description\" content=\"O ministro da Educa\u00e7\u00e3o, Milton Ribeiro, disse, ontem (7), que jamais se op\u00f4s \u00e0 informatiza\u00e7\u00e3o de escolas p\u00fablicas ou \u00e0 distribui\u00e7\u00e3o de tablets, notebooks ou computadores para estudantes carentes. No entanto, a exemplo de outros setores do governo federal, o ministro considera que h\u00e1 outras prioridades para melhorar a qualidade estrutural da rede de ensino.\" \/>\n<meta property=\"og:url\" content=\"https:\/\/abrelivros.org.br\/site\/ministro-da-educacao-diz-nao-se-opor-a-conectividade-em-escolas\/\" \/>\n<meta property=\"og:site_name\" content=\"Abrelivros\" \/>\n<meta property=\"article:published_time\" content=\"2021-07-08T17:47:56+00:00\" \/>\n<meta name=\"twitter:card\" content=\"summary_large_image\" \/>\n<script type=\"application\/ld+json\" class=\"yoast-schema-graph\">{\"@context\":\"https:\/\/schema.org\",\"@graph\":[{\"@type\":\"WebSite\",\"@id\":\"https:\/\/abrelivros.org.br\/site\/#website\",\"url\":\"https:\/\/abrelivros.org.br\/site\/\",\"name\":\"Abrelivros\",\"description\":\"\",\"potentialAction\":[{\"@type\":\"SearchAction\",\"target\":\"https:\/\/abrelivros.org.br\/site\/?s={search_term_string}\",\"query-input\":\"required name=search_term_string\"}],\"inLanguage\":\"pt-BR\"},{\"@type\":\"WebPage\",\"@id\":\"https:\/\/abrelivros.org.br\/site\/ministro-da-educacao-diz-nao-se-opor-a-conectividade-em-escolas\/#webpage\",\"url\":\"https:\/\/abrelivros.org.br\/site\/ministro-da-educacao-diz-nao-se-opor-a-conectividade-em-escolas\/\",\"name\":\"Ministro da Educa\\u00e7\\u00e3o diz n\\u00e3o se opor \\u00e0 conectividade em escolas &raquo; Abrelivros\",\"isPartOf\":{\"@id\":\"https:\/\/abrelivros.org.br\/site\/#website\"},\"datePublished\":\"2021-07-08T17:47:56+00:00\",\"dateModified\":\"2021-07-08T17:47:56+00:00\",\"author\":{\"@id\":\"https:\/\/abrelivros.org.br\/site\/#\/schema\/person\/65db80e26409802ce15ac5feec6a15fd\"},\"breadcrumb\":{\"@id\":\"https:\/\/abrelivros.org.br\/site\/ministro-da-educacao-diz-nao-se-opor-a-conectividade-em-escolas\/#breadcrumb\"},\"inLanguage\":\"pt-BR\",\"potentialAction\":[{\"@type\":\"ReadAction\",\"target\":[\"https:\/\/abrelivros.org.br\/site\/ministro-da-educacao-diz-nao-se-opor-a-conectividade-em-escolas\/\"]}]},{\"@type\":\"BreadcrumbList\",\"@id\":\"https:\/\/abrelivros.org.br\/site\/ministro-da-educacao-diz-nao-se-opor-a-conectividade-em-escolas\/#breadcrumb\",\"itemListElement\":[{\"@type\":\"ListItem\",\"position\":1,\"item\":{\"@type\":\"WebPage\",\"@id\":\"https:\/\/abrelivros.org.br\/site\/\",\"url\":\"https:\/\/abrelivros.org.br\/site\/\",\"name\":\"In\\u00edcio\"}},{\"@type\":\"ListItem\",\"position\":2,\"item\":{\"@type\":\"WebPage\",\"@id\":\"https:\/\/abrelivros.org.br\/site\/category\/noticias\/\",\"url\":\"https:\/\/abrelivros.org.br\/site\/category\/noticias\/\",\"name\":\"Not\\u00edcias\"}},{\"@type\":\"ListItem\",\"position\":3,\"item\":{\"@type\":\"WebPage\",\"@id\":\"https:\/\/abrelivros.org.br\/site\/category\/noticias\/noticias-da-imprensa\/\",\"url\":\"https:\/\/abrelivros.org.br\/site\/category\/noticias\/noticias-da-imprensa\/\",\"name\":\"Not\\u00edcias da imprensa\"}},{\"@type\":\"ListItem\",\"position\":4,\"item\":{\"@type\":\"WebPage\",\"@id\":\"https:\/\/abrelivros.org.br\/site\/ministro-da-educacao-diz-nao-se-opor-a-conectividade-em-escolas\/\",\"url\":\"https:\/\/abrelivros.org.br\/site\/ministro-da-educacao-diz-nao-se-opor-a-conectividade-em-escolas\/\",\"name\":\"Ministro da Educa\\u00e7\\u00e3o diz n\\u00e3o se opor \\u00e0 conectividade em escolas\"}}]},{\"@type\":\"Person\",\"@id\":\"https:\/\/abrelivros.org.br\/site\/#\/schema\/person\/65db80e26409802ce15ac5feec6a15fd\",\"name\":\"Reda\\u00e7\\u00e3o Abrelivros\",\"image\":{\"@type\":\"ImageObject\",\"@id\":\"https:\/\/abrelivros.org.br\/site\/#personlogo\",\"inLanguage\":\"pt-BR\",\"url\":\"https:\/\/secure.gravatar.com\/avatar\/c4e57f9c7e3482965bd428192061218520756c39080b1d1820b679fa5e9af192?s=96&d=mm&r=g\",\"caption\":\"Reda\\u00e7\\u00e3o Abrelivros\"}}]}<\/script>\n<!-- \/ Yoast SEO plugin. -->","_links":{"self":[{"href":"https:\/\/abrelivros.org.br\/site\/wp-json\/wp\/v2\/posts\/14418","targetHints":{"allow":["GET"]}}],"collection":[{"href":"https:\/\/abrelivros.org.br\/site\/wp-json\/wp\/v2\/posts"}],"about":[{"href":"https:\/\/abrelivros.org.br\/site\/wp-json\/wp\/v2\/types\/post"}],"author":[{"embeddable":true,"href":"https:\/\/abrelivros.org.br\/site\/wp-json\/wp\/v2\/users\/4"}],"replies":[{"embeddable":true,"href":"https:\/\/abrelivros.org.br\/site\/wp-json\/wp\/v2\/comments?post=14418"}],"version-history":[{"count":1,"href":"https:\/\/abrelivros.org.br\/site\/wp-json\/wp\/v2\/posts\/14418\/revisions"}],"predecessor-version":[{"id":14419,"href":"https:\/\/abrelivros.org.br\/site\/wp-json\/wp\/v2\/posts\/14418\/revisions\/14419"}],"wp:attachment":[{"href":"https:\/\/abrelivros.org.br\/site\/wp-json\/wp\/v2\/media?parent=14418"}],"wp:term":[{"taxonomy":"category","embeddable":true,"href":"https:\/\/abrelivros.org.br\/site\/wp-json\/wp\/v2\/categories?post=14418"},{"taxonomy":"post_tag","embeddable":true,"href":"https:\/\/abrelivros.org.br\/site\/wp-json\/wp\/v2\/tags?post=14418"}],"curies":[{"name":"wp","href":"https:\/\/api.w.org\/{rel}","templated":true}]}}