{"id":14416,"date":"2021-07-08T14:41:25","date_gmt":"2021-07-08T17:41:25","guid":{"rendered":"https:\/\/abrelivros.org.br\/site\/?p=14416"},"modified":"2021-07-08T14:41:25","modified_gmt":"2021-07-08T17:41:25","slug":"saude-e-educacao-avaliam-criar-protocolo-para-retorno-de-aulas-presenciais","status":"publish","type":"post","link":"https:\/\/abrelivros.org.br\/site\/saude-e-educacao-avaliam-criar-protocolo-para-retorno-de-aulas-presenciais\/","title":{"rendered":"Sa\u00fade e Educa\u00e7\u00e3o avaliam criar protocolo para retorno de aulas presenciais"},"content":{"rendered":"<p>Os ministros da Educa\u00e7\u00e3o, Milton Ribeiro, e da Sa\u00fade, Marcelo Queiroga, afirmaram hoje que as pastas discutiram a cria\u00e7\u00e3o de um protocolo de seguran\u00e7a contra a covid-19 estabelecendo regras para o retorno das aulas presenciais no pa\u00eds.<!--more--><\/p>\n<p>Em conversa com jornalistas em Bras\u00edlia, ao lado de Ribeiro, Queiroga afirmou que esse protocolo ser\u00e1 estabelecido por uma portaria interministerial do Minist\u00e9rio da Sa\u00fade, Minist\u00e9rio da Educa\u00e7\u00e3o e AGU (Advocacia-Geral da Uni\u00e3o).<\/p>\n<p>Os ministros n\u00e3o disseram quando deve ser publicada essa portaria nem quando dever\u00e1 ser o retorno das aulas presenciais no pa\u00eds. A maioria das escolas e universidades p\u00fablicas est\u00e1 fechada desde mar\u00e7o do ano passado por causa da pandemia do <a href=\"https:\/\/www.uol.com.br\/vivabem\/noticias\/redacao\/2020\/01\/25\/tire-suas-principais-duvidas-sobre-o-coronavirus-que-se-espalha-pelo-mundo.htm\" target=\"_blank\" rel=\"noopener noreferrer\">coronav\u00edrus<\/a>.<\/p>\n<p>Os ministros da Sa\u00fade, Marcelo Queiroga, e da Educa\u00e7\u00e3o, Milton Ribeiro, realizaram pronunciamento h\u00e1 pouco ap\u00f3s discutirem, entre outros temas, a cria\u00e7\u00e3o de protocolos para a retomada segura das aulas no Brasil. <a href=\"https:\/\/twitter.com\/hashtag\/BrasilUnido?src=hash&amp;ref_src=twsrc%5Etfw\" target=\"_blank\" rel=\"noopener noreferrer\">#BrasilUnido<\/a> <a href=\"https:\/\/twitter.com\/hashtag\/P%C3%A1triaVacinada?src=hash&amp;ref_src=twsrc%5Etfw\" target=\"_blank\" rel=\"noopener noreferrer\">#P\u00e1triaVacinada<\/a> <a href=\"https:\/\/twitter.com\/minsaude\/status\/1413133439553859590\" target=\"_blank\" rel=\"noopener noreferrer\">pic.twitter.com\/XCHW3CLvvc<\/a><\/p>\n<p>Queiroga recha\u00e7ou o discurso de que seria necess\u00e1rio vacinar crian\u00e7as e adolescentes para retomar as aulas presenciais de forma segura. Segundo ele, &#8220;h\u00e1 um consenso&#8221; entre especialistas de que vacina\u00e7\u00e3o n\u00e3o \u00e9 &#8220;pr\u00e9-requisito&#8221; para a reabertura das escolas.<\/p>\n<p>&#8220;Fizemos ontem um semin\u00e1rio muito interessante com a presen\u00e7a da Florence Bauer, que \u00e9 do Unicef, da doutora Marlova [Jovchelovitch Noleto, da Unesco], da doutora Socorro Gross [representante da Opas\/OMS], e h\u00e1 absoluto consenso de que vacina\u00e7\u00e3o n\u00e3o \u00e9 pr\u00e9-rquisito para retorno \u00e0s aulas&#8221;, afirmou.<\/p>\n<p>O ministro da Sa\u00fade ainda ressaltou a campanha de vacina\u00e7\u00e3o do governo brasileiro e disse que a narrativa de que o Brasil vai mal na vacina\u00e7\u00e3o &#8220;est\u00e1 se dissolvendo&#8221;.<\/p>\n<p>&#8220;Nossa campanha \u00e9 como sempre foi, um orgulho de todos brasileiros. Estamos entre os cinco pa\u00edses que mais distribuem vacina para sua popula\u00e7\u00e3o. Na nossa curta gest\u00e3o de menos de em dias no Minist\u00e9rio da Sa\u00fade, j\u00e1 distribu\u00edmos mais vacinas do que o Covax Facility&#8221;, declarou Queiroga, citando o programa da OMS (Organiza\u00e7\u00e3o Mundial da Sa\u00fade) para distribuir vacinas para pa\u00edses mais pobres.<\/p>\n<p><strong>Ministro fala em rod\u00edzio de alunos<\/strong><\/p>\n<p>O ministro da Educa\u00e7\u00e3o, Milton Ribeiro, afirmou que o governo estuda como reduzir o risco de transmiss\u00e3o do coronav\u00edrus nas escolas. Sem confirmar nenhuma medida, o ministro deixou em aberto a possibilidade de se fazer um rod\u00edzio de alunos, em que uma parte iria \u00e0 escola e a outra assistiria \u00e0 aula pela internet.<\/p>\n<p>&#8220;O Brasil todo funciona, supermercado funciona, todos com distanciamento, com cuidados. Dizer que tem problemas estruturais na educa\u00e7\u00e3o, isso j\u00e1 vem h\u00e1 20 anos, estamos procurando sanar. Sanar como? Com rodizio de aulas, uma parte vem. Ah, mas n\u00e3o cabem 40 alunos numa sala? Vem 15 num dia, uma semana e outros assistem pela internet&#8221;, disse.<\/p>\n<p>Ribeiro afirmou ainda ter passado &#8220;vergonha&#8221; em uma reuni\u00e3o com ministros da Educa\u00e7\u00e3o de pa\u00edses do G20 porque o Brasil, segundo ele, seria o \u00fanico a n\u00e3o ter retomado as aulas presenciais.<\/p>\n<p>&#8220;Podem anotar, eu passei vergonha na reuni\u00e3o do G20 porque o Brasil era o \u00fanico pa\u00eds com 450 dias de escolas fechadas. \u00c1frica do Sul voltou no ano passado \u00e0s aulas presenciais. A grande maioria dos pa\u00edses do G20 voltaram \u00e0s aulas presenciais&#8221;, declarou.<\/p>\n<p><strong>MEC n\u00e3o entregou chips prometidos a alunos<\/strong><\/p>\n<p>Apesar de o ministro falar na possibilidade de alunos assistirem aulas pela internet, o MEC <a href=\"https:\/\/educacao.uol.com.br\/noticias\/2021\/07\/07\/mec-33-chips-internet-segundo-semestre.htm\" target=\"_blank\" rel=\"noopener noreferrer\">n\u00e3o entregou nem a metade de chips com internet prometidos para alunos<\/a> do ensino superior e t\u00e9cnico para 2020, conforme relat\u00f3rio da Comex\/MEC (Comiss\u00e3o Externa de acompanhamento do Minist\u00e9rio da Educa\u00e7\u00e3o).<\/p>\n<p>At\u00e9 agora, 143.855 alunos receberam o material, mas a meta do governo federal era beneficiar 424.025 estudantes.<\/p>\n<p>Ainda em rela\u00e7\u00e3o \u00e0 educa\u00e7\u00e3o a dist\u00e2ncia, o presidente <a href=\"https:\/\/noticias.uol.com.br\/politica\/governo-bolsonaro\/\" target=\"_blank\" rel=\"noopener noreferrer\">Jair Bolsonaro<\/a> (sem partido) acionou o <a href=\"https:\/\/noticias.uol.com.br\/politica\/stf-supremo-tribunal-federal\/\" target=\"_blank\" rel=\"noopener noreferrer\">STF<\/a> (Supremo Tribunal Federal) contra a Lei que obriga o repasse de recursos da Uni\u00e3o para os estados com o objetivo de garantir o <a href=\"https:\/\/educacao.uol.com.br\/noticias\/2021\/07\/06\/bolsonaro-aciona-stf-para-nao-financiar-internet-de-alunos-e-professores.htm\" target=\"_blank\" rel=\"noopener noreferrer\">acesso \u00e0 internet de alunos e professores da educa\u00e7\u00e3o b\u00e1sica p\u00fablica.<\/a><\/p>\n<p>A lei 14.172 de 2021 prev\u00ea o repasse de R$ 3,5 bilh\u00f5es para financiar o acesso \u00e0 internet com fins educacionais. Ela havia sido vetada por Bolsonaro, mas o veto foi derrubado pelo Congresso.<\/p>\n<p>O governo alega que, para implementar a norma, seria necess\u00e1rio fazer uma reorganiza\u00e7\u00e3o dentro dos \u00f3rg\u00e3os competentes. Al\u00e9m disso, a imposi\u00e7\u00e3o afronta o devido processo legislativo, pois interfere na gest\u00e3o material e de pessoal da Administra\u00e7\u00e3o P\u00fablica.<\/p>\n","protected":false},"excerpt":{"rendered":"<p>Os ministros da Educa\u00e7\u00e3o, Milton Ribeiro, e da Sa\u00fade, Marcelo Queiroga, afirmaram hoje que as pastas discutiram a cria\u00e7\u00e3o de um protocolo de seguran\u00e7a contra a covid-19 estabelecendo regras para o retorno das aulas presenciais no pa\u00eds.<\/p>\n","protected":false},"author":4,"featured_media":0,"comment_status":"closed","ping_status":"closed","sticky":false,"template":"","format":"standard","meta":{"footnotes":"","_links_to":"","_links_to_target":""},"categories":[9],"tags":[],"class_list":["post-14416","post","type-post","status-publish","format-standard","hentry","category-noticias-da-imprensa"],"yoast_head":"<!-- This site is optimized with the Yoast SEO plugin v15.1 - https:\/\/yoast.com\/wordpress\/plugins\/seo\/ -->\n<title>Sa\u00fade e Educa\u00e7\u00e3o avaliam criar protocolo para retorno de aulas presenciais &raquo; Abrelivros<\/title>\n<meta name=\"robots\" content=\"index, follow, max-snippet:-1, max-image-preview:large, max-video-preview:-1\" \/>\n<link rel=\"canonical\" href=\"https:\/\/abrelivros.org.br\/site\/saude-e-educacao-avaliam-criar-protocolo-para-retorno-de-aulas-presenciais\/\" \/>\n<meta property=\"og:locale\" content=\"pt_BR\" \/>\n<meta property=\"og:type\" content=\"article\" \/>\n<meta property=\"og:title\" content=\"Sa\u00fade e Educa\u00e7\u00e3o avaliam criar protocolo para retorno de aulas presenciais &raquo; Abrelivros\" \/>\n<meta property=\"og:description\" content=\"Os ministros da Educa\u00e7\u00e3o, Milton Ribeiro, e da Sa\u00fade, Marcelo Queiroga, afirmaram hoje que as pastas discutiram a cria\u00e7\u00e3o de um protocolo de seguran\u00e7a contra a covid-19 estabelecendo regras para o retorno das aulas presenciais no pa\u00eds.\" \/>\n<meta property=\"og:url\" content=\"https:\/\/abrelivros.org.br\/site\/saude-e-educacao-avaliam-criar-protocolo-para-retorno-de-aulas-presenciais\/\" \/>\n<meta property=\"og:site_name\" content=\"Abrelivros\" \/>\n<meta property=\"article:published_time\" content=\"2021-07-08T17:41:25+00:00\" \/>\n<meta name=\"twitter:card\" content=\"summary_large_image\" \/>\n<script type=\"application\/ld+json\" class=\"yoast-schema-graph\">{\"@context\":\"https:\/\/schema.org\",\"@graph\":[{\"@type\":\"WebSite\",\"@id\":\"https:\/\/abrelivros.org.br\/site\/#website\",\"url\":\"https:\/\/abrelivros.org.br\/site\/\",\"name\":\"Abrelivros\",\"description\":\"\",\"potentialAction\":[{\"@type\":\"SearchAction\",\"target\":\"https:\/\/abrelivros.org.br\/site\/?s={search_term_string}\",\"query-input\":\"required name=search_term_string\"}],\"inLanguage\":\"pt-BR\"},{\"@type\":\"WebPage\",\"@id\":\"https:\/\/abrelivros.org.br\/site\/saude-e-educacao-avaliam-criar-protocolo-para-retorno-de-aulas-presenciais\/#webpage\",\"url\":\"https:\/\/abrelivros.org.br\/site\/saude-e-educacao-avaliam-criar-protocolo-para-retorno-de-aulas-presenciais\/\",\"name\":\"Sa\\u00fade e Educa\\u00e7\\u00e3o avaliam criar protocolo para retorno de aulas presenciais &raquo; Abrelivros\",\"isPartOf\":{\"@id\":\"https:\/\/abrelivros.org.br\/site\/#website\"},\"datePublished\":\"2021-07-08T17:41:25+00:00\",\"dateModified\":\"2021-07-08T17:41:25+00:00\",\"author\":{\"@id\":\"https:\/\/abrelivros.org.br\/site\/#\/schema\/person\/65db80e26409802ce15ac5feec6a15fd\"},\"breadcrumb\":{\"@id\":\"https:\/\/abrelivros.org.br\/site\/saude-e-educacao-avaliam-criar-protocolo-para-retorno-de-aulas-presenciais\/#breadcrumb\"},\"inLanguage\":\"pt-BR\",\"potentialAction\":[{\"@type\":\"ReadAction\",\"target\":[\"https:\/\/abrelivros.org.br\/site\/saude-e-educacao-avaliam-criar-protocolo-para-retorno-de-aulas-presenciais\/\"]}]},{\"@type\":\"BreadcrumbList\",\"@id\":\"https:\/\/abrelivros.org.br\/site\/saude-e-educacao-avaliam-criar-protocolo-para-retorno-de-aulas-presenciais\/#breadcrumb\",\"itemListElement\":[{\"@type\":\"ListItem\",\"position\":1,\"item\":{\"@type\":\"WebPage\",\"@id\":\"https:\/\/abrelivros.org.br\/site\/\",\"url\":\"https:\/\/abrelivros.org.br\/site\/\",\"name\":\"In\\u00edcio\"}},{\"@type\":\"ListItem\",\"position\":2,\"item\":{\"@type\":\"WebPage\",\"@id\":\"https:\/\/abrelivros.org.br\/site\/category\/noticias\/\",\"url\":\"https:\/\/abrelivros.org.br\/site\/category\/noticias\/\",\"name\":\"Not\\u00edcias\"}},{\"@type\":\"ListItem\",\"position\":3,\"item\":{\"@type\":\"WebPage\",\"@id\":\"https:\/\/abrelivros.org.br\/site\/category\/noticias\/noticias-da-imprensa\/\",\"url\":\"https:\/\/abrelivros.org.br\/site\/category\/noticias\/noticias-da-imprensa\/\",\"name\":\"Not\\u00edcias da imprensa\"}},{\"@type\":\"ListItem\",\"position\":4,\"item\":{\"@type\":\"WebPage\",\"@id\":\"https:\/\/abrelivros.org.br\/site\/saude-e-educacao-avaliam-criar-protocolo-para-retorno-de-aulas-presenciais\/\",\"url\":\"https:\/\/abrelivros.org.br\/site\/saude-e-educacao-avaliam-criar-protocolo-para-retorno-de-aulas-presenciais\/\",\"name\":\"Sa\\u00fade e Educa\\u00e7\\u00e3o avaliam criar protocolo para retorno de aulas presenciais\"}}]},{\"@type\":\"Person\",\"@id\":\"https:\/\/abrelivros.org.br\/site\/#\/schema\/person\/65db80e26409802ce15ac5feec6a15fd\",\"name\":\"Reda\\u00e7\\u00e3o Abrelivros\",\"image\":{\"@type\":\"ImageObject\",\"@id\":\"https:\/\/abrelivros.org.br\/site\/#personlogo\",\"inLanguage\":\"pt-BR\",\"url\":\"https:\/\/secure.gravatar.com\/avatar\/c4e57f9c7e3482965bd428192061218520756c39080b1d1820b679fa5e9af192?s=96&d=mm&r=g\",\"caption\":\"Reda\\u00e7\\u00e3o Abrelivros\"}}]}<\/script>\n<!-- \/ Yoast SEO plugin. -->","_links":{"self":[{"href":"https:\/\/abrelivros.org.br\/site\/wp-json\/wp\/v2\/posts\/14416","targetHints":{"allow":["GET"]}}],"collection":[{"href":"https:\/\/abrelivros.org.br\/site\/wp-json\/wp\/v2\/posts"}],"about":[{"href":"https:\/\/abrelivros.org.br\/site\/wp-json\/wp\/v2\/types\/post"}],"author":[{"embeddable":true,"href":"https:\/\/abrelivros.org.br\/site\/wp-json\/wp\/v2\/users\/4"}],"replies":[{"embeddable":true,"href":"https:\/\/abrelivros.org.br\/site\/wp-json\/wp\/v2\/comments?post=14416"}],"version-history":[{"count":1,"href":"https:\/\/abrelivros.org.br\/site\/wp-json\/wp\/v2\/posts\/14416\/revisions"}],"predecessor-version":[{"id":14417,"href":"https:\/\/abrelivros.org.br\/site\/wp-json\/wp\/v2\/posts\/14416\/revisions\/14417"}],"wp:attachment":[{"href":"https:\/\/abrelivros.org.br\/site\/wp-json\/wp\/v2\/media?parent=14416"}],"wp:term":[{"taxonomy":"category","embeddable":true,"href":"https:\/\/abrelivros.org.br\/site\/wp-json\/wp\/v2\/categories?post=14416"},{"taxonomy":"post_tag","embeddable":true,"href":"https:\/\/abrelivros.org.br\/site\/wp-json\/wp\/v2\/tags?post=14416"}],"curies":[{"name":"wp","href":"https:\/\/api.w.org\/{rel}","templated":true}]}}