{"id":13795,"date":"2021-04-20T15:44:54","date_gmt":"2021-04-20T18:44:54","guid":{"rendered":"https:\/\/abrelivros.org.br\/site\/?p=13795"},"modified":"2021-04-20T15:45:26","modified_gmt":"2021-04-20T18:45:26","slug":"cbl-comemora-dia-mundial-do-livro-com-duas-lives","status":"publish","type":"post","link":"https:\/\/abrelivros.org.br\/site\/cbl-comemora-dia-mundial-do-livro-com-duas-lives\/","title":{"rendered":"CBL comemora Dia Mundial do Livro com duas lives"},"content":{"rendered":"<p>O Dia Mundial do Livro est\u00e1 chegando e para celebrar essa data t\u00e3o importante preparamos dois encontros muito especiais!<\/p>\n<p>No primeiro momento, o debate ser\u00e1 sobre a import\u00e2ncia do livro e da leitura, e o segundo falar\u00e1 sobre a literatura brasileira al\u00e9m das fronteiras.<!--more--><br \/>\nAnote na agenda: dia 23 de abril, sexta-feira, \u00e0s 11h e \u00e0s 16h, no nosso canal no YouTube.<\/p>\n<p>&nbsp;<\/p>\n<p>11h \u2013 <a href=\"https:\/\/www.youtube.com\/watch?v=-6TEx_aZnWo\" target=\"_blank\" rel=\"noopener noreferrer\">www.youtube.com\/watch?v=-6TEx_aZnWo<\/a><br \/>\n16h \u2013 <a href=\"https:\/\/www.youtube.com\/watch?v=GWrJYSNI5CI\" target=\"_blank\" rel=\"noopener noreferrer\">www.youtube.com\/watch?v=GWrJYSNI5CI<\/a><\/p>\n","protected":false},"excerpt":{"rendered":"<p>O Dia Mundial do Livro est\u00e1 chegando e para celebrar essa data t\u00e3o importante preparamos dois encontros muito especiais! No primeiro momento, o debate ser\u00e1 sobre a import\u00e2ncia do livro e da leitura, e o segundo falar\u00e1 sobre a literatura brasileira al\u00e9m das fronteiras.<\/p>\n","protected":false},"author":4,"featured_media":0,"comment_status":"closed","ping_status":"closed","sticky":false,"template":"","format":"standard","meta":{"footnotes":"","_links_to":"","_links_to_target":""},"categories":[9],"tags":[],"class_list":["post-13795","post","type-post","status-publish","format-standard","hentry","category-noticias-da-imprensa"],"yoast_head":"<!-- This site is optimized with the Yoast SEO plugin v15.1 - https:\/\/yoast.com\/wordpress\/plugins\/seo\/ -->\n<title>CBL comemora Dia Mundial do Livro com duas lives &raquo; Abrelivros<\/title>\n<meta name=\"robots\" content=\"index, follow, max-snippet:-1, max-image-preview:large, max-video-preview:-1\" \/>\n<link rel=\"canonical\" href=\"https:\/\/abrelivros.org.br\/site\/cbl-comemora-dia-mundial-do-livro-com-duas-lives\/\" \/>\n<meta property=\"og:locale\" content=\"pt_BR\" \/>\n<meta property=\"og:type\" content=\"article\" \/>\n<meta property=\"og:title\" content=\"CBL comemora Dia Mundial do Livro com duas lives &raquo; Abrelivros\" \/>\n<meta property=\"og:description\" content=\"O Dia Mundial do Livro est\u00e1 chegando e para celebrar essa data t\u00e3o importante preparamos dois encontros muito especiais! No primeiro momento, o debate ser\u00e1 sobre a import\u00e2ncia do livro e da leitura, e o segundo falar\u00e1 sobre a literatura brasileira al\u00e9m das fronteiras.\" \/>\n<meta property=\"og:url\" content=\"https:\/\/abrelivros.org.br\/site\/cbl-comemora-dia-mundial-do-livro-com-duas-lives\/\" \/>\n<meta property=\"og:site_name\" content=\"Abrelivros\" \/>\n<meta property=\"article:published_time\" content=\"2021-04-20T18:44:54+00:00\" \/>\n<meta property=\"article:modified_time\" content=\"2021-04-20T18:45:26+00:00\" \/>\n<meta name=\"twitter:card\" content=\"summary_large_image\" \/>\n<script type=\"application\/ld+json\" class=\"yoast-schema-graph\">{\"@context\":\"https:\/\/schema.org\",\"@graph\":[{\"@type\":\"WebSite\",\"@id\":\"https:\/\/abrelivros.org.br\/site\/#website\",\"url\":\"https:\/\/abrelivros.org.br\/site\/\",\"name\":\"Abrelivros\",\"description\":\"\",\"potentialAction\":[{\"@type\":\"SearchAction\",\"target\":\"https:\/\/abrelivros.org.br\/site\/?s={search_term_string}\",\"query-input\":\"required name=search_term_string\"}],\"inLanguage\":\"pt-BR\"},{\"@type\":\"WebPage\",\"@id\":\"https:\/\/abrelivros.org.br\/site\/cbl-comemora-dia-mundial-do-livro-com-duas-lives\/#webpage\",\"url\":\"https:\/\/abrelivros.org.br\/site\/cbl-comemora-dia-mundial-do-livro-com-duas-lives\/\",\"name\":\"CBL comemora Dia Mundial do Livro com duas lives &raquo; Abrelivros\",\"isPartOf\":{\"@id\":\"https:\/\/abrelivros.org.br\/site\/#website\"},\"datePublished\":\"2021-04-20T18:44:54+00:00\",\"dateModified\":\"2021-04-20T18:45:26+00:00\",\"author\":{\"@id\":\"https:\/\/abrelivros.org.br\/site\/#\/schema\/person\/65db80e26409802ce15ac5feec6a15fd\"},\"breadcrumb\":{\"@id\":\"https:\/\/abrelivros.org.br\/site\/cbl-comemora-dia-mundial-do-livro-com-duas-lives\/#breadcrumb\"},\"inLanguage\":\"pt-BR\",\"potentialAction\":[{\"@type\":\"ReadAction\",\"target\":[\"https:\/\/abrelivros.org.br\/site\/cbl-comemora-dia-mundial-do-livro-com-duas-lives\/\"]}]},{\"@type\":\"BreadcrumbList\",\"@id\":\"https:\/\/abrelivros.org.br\/site\/cbl-comemora-dia-mundial-do-livro-com-duas-lives\/#breadcrumb\",\"itemListElement\":[{\"@type\":\"ListItem\",\"position\":1,\"item\":{\"@type\":\"WebPage\",\"@id\":\"https:\/\/abrelivros.org.br\/site\/\",\"url\":\"https:\/\/abrelivros.org.br\/site\/\",\"name\":\"In\\u00edcio\"}},{\"@type\":\"ListItem\",\"position\":2,\"item\":{\"@type\":\"WebPage\",\"@id\":\"https:\/\/abrelivros.org.br\/site\/category\/noticias\/\",\"url\":\"https:\/\/abrelivros.org.br\/site\/category\/noticias\/\",\"name\":\"Not\\u00edcias\"}},{\"@type\":\"ListItem\",\"position\":3,\"item\":{\"@type\":\"WebPage\",\"@id\":\"https:\/\/abrelivros.org.br\/site\/category\/noticias\/noticias-da-imprensa\/\",\"url\":\"https:\/\/abrelivros.org.br\/site\/category\/noticias\/noticias-da-imprensa\/\",\"name\":\"Not\\u00edcias da imprensa\"}},{\"@type\":\"ListItem\",\"position\":4,\"item\":{\"@type\":\"WebPage\",\"@id\":\"https:\/\/abrelivros.org.br\/site\/cbl-comemora-dia-mundial-do-livro-com-duas-lives\/\",\"url\":\"https:\/\/abrelivros.org.br\/site\/cbl-comemora-dia-mundial-do-livro-com-duas-lives\/\",\"name\":\"CBL comemora Dia Mundial do Livro com duas lives\"}}]},{\"@type\":\"Person\",\"@id\":\"https:\/\/abrelivros.org.br\/site\/#\/schema\/person\/65db80e26409802ce15ac5feec6a15fd\",\"name\":\"Reda\\u00e7\\u00e3o Abrelivros\",\"image\":{\"@type\":\"ImageObject\",\"@id\":\"https:\/\/abrelivros.org.br\/site\/#personlogo\",\"inLanguage\":\"pt-BR\",\"url\":\"https:\/\/secure.gravatar.com\/avatar\/c4e57f9c7e3482965bd428192061218520756c39080b1d1820b679fa5e9af192?s=96&d=mm&r=g\",\"caption\":\"Reda\\u00e7\\u00e3o Abrelivros\"}}]}<\/script>\n<!-- \/ Yoast SEO plugin. -->","_links":{"self":[{"href":"https:\/\/abrelivros.org.br\/site\/wp-json\/wp\/v2\/posts\/13795","targetHints":{"allow":["GET"]}}],"collection":[{"href":"https:\/\/abrelivros.org.br\/site\/wp-json\/wp\/v2\/posts"}],"about":[{"href":"https:\/\/abrelivros.org.br\/site\/wp-json\/wp\/v2\/types\/post"}],"author":[{"embeddable":true,"href":"https:\/\/abrelivros.org.br\/site\/wp-json\/wp\/v2\/users\/4"}],"replies":[{"embeddable":true,"href":"https:\/\/abrelivros.org.br\/site\/wp-json\/wp\/v2\/comments?post=13795"}],"version-history":[{"count":1,"href":"https:\/\/abrelivros.org.br\/site\/wp-json\/wp\/v2\/posts\/13795\/revisions"}],"predecessor-version":[{"id":13796,"href":"https:\/\/abrelivros.org.br\/site\/wp-json\/wp\/v2\/posts\/13795\/revisions\/13796"}],"wp:attachment":[{"href":"https:\/\/abrelivros.org.br\/site\/wp-json\/wp\/v2\/media?parent=13795"}],"wp:term":[{"taxonomy":"category","embeddable":true,"href":"https:\/\/abrelivros.org.br\/site\/wp-json\/wp\/v2\/categories?post=13795"},{"taxonomy":"post_tag","embeddable":true,"href":"https:\/\/abrelivros.org.br\/site\/wp-json\/wp\/v2\/tags?post=13795"}],"curies":[{"name":"wp","href":"https:\/\/api.w.org\/{rel}","templated":true}]}}