{"id":13789,"date":"2021-04-20T15:51:14","date_gmt":"2021-04-20T18:51:14","guid":{"rendered":"https:\/\/abrelivros.org.br\/site\/?p=13789"},"modified":"2021-04-20T15:17:31","modified_gmt":"2021-04-20T18:17:31","slug":"so-1-em-cada-5-escolas-tem-atendimento-educacional-especializado-para-criancas-com-deficiencia-no-brasil","status":"publish","type":"post","link":"https:\/\/abrelivros.org.br\/site\/so-1-em-cada-5-escolas-tem-atendimento-educacional-especializado-para-criancas-com-deficiencia-no-brasil\/","title":{"rendered":"S\u00f3 1 em cada 5 escolas tem atendimento educacional especializado para crian\u00e7as com defici\u00eancia no Brasil"},"content":{"rendered":"<p>S\u00f3 uma em cada cinco escolas p\u00fablicas no Brasil possui atendimento educacional especializado (AEE) para crian\u00e7as com defici\u00eancia. Al\u00e9m disso, 1.117 munic\u00edpios n\u00e3o contam com nenhum col\u00e9gio com esse tipo de oferta. Os dados s\u00e3o do Censo Escolar de 2020, de antes da pandemia, que piorou ainda mais o atendimento a esses alunos.<!--more--><\/p>\n<p>Pesquisa da Funda\u00e7\u00e3o Carlos Chagas com a UFABC, a Ufes e a USP, realizada em junho de 2020, mostrou que 41% dos professores acharam que o desempenho dos alunos com defici\u00eancia caiu na pandemia, e 28% afirmaram que o material ofertado n\u00e3o tinha vers\u00e3o com acessibilidade.<\/p>\n<p>\u2014 Toda escola devia ter o AEE. Esse atendimento trabalha com aquilo que, num ambiente escolar, est\u00e1 sendo uma barreira ao aprendizado das crian\u00e7as \u2014 afirma Maria Teresa Mantoan, coordenadora do Laborat\u00f3rio de Estudos e Pesquisas em Ensino e Diferen\u00e7a (Leped), da Unicamp.<\/p>\n<p>Na pr\u00e1tica, crian\u00e7as ficam sem atendimento ou alunos de diferentes escolas s\u00e3o reunidos num \u00fanico col\u00e9gio para o AEE, o que, segundo Mantoan, desvirtua a concep\u00e7\u00e3o desse tipo de atendimento.<\/p>\n<p>\u2014 O AEE n\u00e3o \u00e9 um servi\u00e7o itinerante. Tem que estar sediado na escola. O professor do AEE tem que conhecer o docente da classe regular para identificar as barreiras e, a partir da\u00ed, entender os melhores recursos para derrub\u00e1-las \u2014 diz.<\/p>\n<p><a href=\"https:\/\/oglobo.globo.com\/sociedade\/educacao\/2275-criancas-com-deficiencia-so-tem-atendimento-educacional-especializado-em-uma-cada-cinco-escolas-publicas\" target=\"_blank\" rel=\"noopener noreferrer\">Leia a reportagem completa aqui<\/a><\/p>\n","protected":false},"excerpt":{"rendered":"<p>S\u00f3 uma em cada cinco escolas p\u00fablicas no Brasil possui atendimento educacional especializado (AEE) para crian\u00e7as com defici\u00eancia. Al\u00e9m disso, 1.117 munic\u00edpios n\u00e3o contam com nenhum col\u00e9gio com esse tipo de oferta. Os dados s\u00e3o do Censo Escolar de 2020, de antes da pandemia, que piorou ainda mais o atendimento a esses alunos.<\/p>\n","protected":false},"author":4,"featured_media":0,"comment_status":"closed","ping_status":"closed","sticky":false,"template":"","format":"standard","meta":{"footnotes":"","_links_to":"","_links_to_target":""},"categories":[9],"tags":[],"class_list":["post-13789","post","type-post","status-publish","format-standard","hentry","category-noticias-da-imprensa"],"yoast_head":"<!-- This site is optimized with the Yoast SEO plugin v15.1 - https:\/\/yoast.com\/wordpress\/plugins\/seo\/ -->\n<title>S\u00f3 1 em cada 5 escolas tem atendimento educacional especializado para crian\u00e7as com defici\u00eancia no Brasil &raquo; Abrelivros<\/title>\n<meta name=\"robots\" content=\"index, follow, max-snippet:-1, max-image-preview:large, max-video-preview:-1\" \/>\n<link rel=\"canonical\" href=\"https:\/\/abrelivros.org.br\/site\/so-1-em-cada-5-escolas-tem-atendimento-educacional-especializado-para-criancas-com-deficiencia-no-brasil\/\" \/>\n<meta property=\"og:locale\" content=\"pt_BR\" \/>\n<meta property=\"og:type\" content=\"article\" \/>\n<meta property=\"og:title\" content=\"S\u00f3 1 em cada 5 escolas tem atendimento educacional especializado para crian\u00e7as com defici\u00eancia no Brasil &raquo; Abrelivros\" \/>\n<meta property=\"og:description\" content=\"S\u00f3 uma em cada cinco escolas p\u00fablicas no Brasil possui atendimento educacional especializado (AEE) para crian\u00e7as com defici\u00eancia. Al\u00e9m disso, 1.117 munic\u00edpios n\u00e3o contam com nenhum col\u00e9gio com esse tipo de oferta. Os dados s\u00e3o do Censo Escolar de 2020, de antes da pandemia, que piorou ainda mais o atendimento a esses alunos.\" \/>\n<meta property=\"og:url\" content=\"https:\/\/abrelivros.org.br\/site\/so-1-em-cada-5-escolas-tem-atendimento-educacional-especializado-para-criancas-com-deficiencia-no-brasil\/\" \/>\n<meta property=\"og:site_name\" content=\"Abrelivros\" \/>\n<meta property=\"article:published_time\" content=\"2021-04-20T18:51:14+00:00\" \/>\n<meta property=\"article:modified_time\" content=\"2021-04-20T18:17:31+00:00\" \/>\n<meta name=\"twitter:card\" content=\"summary_large_image\" \/>\n<script type=\"application\/ld+json\" class=\"yoast-schema-graph\">{\"@context\":\"https:\/\/schema.org\",\"@graph\":[{\"@type\":\"WebSite\",\"@id\":\"https:\/\/abrelivros.org.br\/site\/#website\",\"url\":\"https:\/\/abrelivros.org.br\/site\/\",\"name\":\"Abrelivros\",\"description\":\"\",\"potentialAction\":[{\"@type\":\"SearchAction\",\"target\":\"https:\/\/abrelivros.org.br\/site\/?s={search_term_string}\",\"query-input\":\"required name=search_term_string\"}],\"inLanguage\":\"pt-BR\"},{\"@type\":\"WebPage\",\"@id\":\"https:\/\/abrelivros.org.br\/site\/so-1-em-cada-5-escolas-tem-atendimento-educacional-especializado-para-criancas-com-deficiencia-no-brasil\/#webpage\",\"url\":\"https:\/\/abrelivros.org.br\/site\/so-1-em-cada-5-escolas-tem-atendimento-educacional-especializado-para-criancas-com-deficiencia-no-brasil\/\",\"name\":\"S\\u00f3 1 em cada 5 escolas tem atendimento educacional especializado para crian\\u00e7as com defici\\u00eancia no Brasil &raquo; Abrelivros\",\"isPartOf\":{\"@id\":\"https:\/\/abrelivros.org.br\/site\/#website\"},\"datePublished\":\"2021-04-20T18:51:14+00:00\",\"dateModified\":\"2021-04-20T18:17:31+00:00\",\"author\":{\"@id\":\"https:\/\/abrelivros.org.br\/site\/#\/schema\/person\/65db80e26409802ce15ac5feec6a15fd\"},\"breadcrumb\":{\"@id\":\"https:\/\/abrelivros.org.br\/site\/so-1-em-cada-5-escolas-tem-atendimento-educacional-especializado-para-criancas-com-deficiencia-no-brasil\/#breadcrumb\"},\"inLanguage\":\"pt-BR\",\"potentialAction\":[{\"@type\":\"ReadAction\",\"target\":[\"https:\/\/abrelivros.org.br\/site\/so-1-em-cada-5-escolas-tem-atendimento-educacional-especializado-para-criancas-com-deficiencia-no-brasil\/\"]}]},{\"@type\":\"BreadcrumbList\",\"@id\":\"https:\/\/abrelivros.org.br\/site\/so-1-em-cada-5-escolas-tem-atendimento-educacional-especializado-para-criancas-com-deficiencia-no-brasil\/#breadcrumb\",\"itemListElement\":[{\"@type\":\"ListItem\",\"position\":1,\"item\":{\"@type\":\"WebPage\",\"@id\":\"https:\/\/abrelivros.org.br\/site\/\",\"url\":\"https:\/\/abrelivros.org.br\/site\/\",\"name\":\"In\\u00edcio\"}},{\"@type\":\"ListItem\",\"position\":2,\"item\":{\"@type\":\"WebPage\",\"@id\":\"https:\/\/abrelivros.org.br\/site\/category\/noticias\/\",\"url\":\"https:\/\/abrelivros.org.br\/site\/category\/noticias\/\",\"name\":\"Not\\u00edcias\"}},{\"@type\":\"ListItem\",\"position\":3,\"item\":{\"@type\":\"WebPage\",\"@id\":\"https:\/\/abrelivros.org.br\/site\/category\/noticias\/noticias-da-imprensa\/\",\"url\":\"https:\/\/abrelivros.org.br\/site\/category\/noticias\/noticias-da-imprensa\/\",\"name\":\"Not\\u00edcias da imprensa\"}},{\"@type\":\"ListItem\",\"position\":4,\"item\":{\"@type\":\"WebPage\",\"@id\":\"https:\/\/abrelivros.org.br\/site\/so-1-em-cada-5-escolas-tem-atendimento-educacional-especializado-para-criancas-com-deficiencia-no-brasil\/\",\"url\":\"https:\/\/abrelivros.org.br\/site\/so-1-em-cada-5-escolas-tem-atendimento-educacional-especializado-para-criancas-com-deficiencia-no-brasil\/\",\"name\":\"S\\u00f3 1 em cada 5 escolas tem atendimento educacional especializado para crian\\u00e7as com defici\\u00eancia no Brasil\"}}]},{\"@type\":\"Person\",\"@id\":\"https:\/\/abrelivros.org.br\/site\/#\/schema\/person\/65db80e26409802ce15ac5feec6a15fd\",\"name\":\"Reda\\u00e7\\u00e3o Abrelivros\",\"image\":{\"@type\":\"ImageObject\",\"@id\":\"https:\/\/abrelivros.org.br\/site\/#personlogo\",\"inLanguage\":\"pt-BR\",\"url\":\"https:\/\/secure.gravatar.com\/avatar\/c4e57f9c7e3482965bd428192061218520756c39080b1d1820b679fa5e9af192?s=96&d=mm&r=g\",\"caption\":\"Reda\\u00e7\\u00e3o Abrelivros\"}}]}<\/script>\n<!-- \/ Yoast SEO plugin. -->","_links":{"self":[{"href":"https:\/\/abrelivros.org.br\/site\/wp-json\/wp\/v2\/posts\/13789","targetHints":{"allow":["GET"]}}],"collection":[{"href":"https:\/\/abrelivros.org.br\/site\/wp-json\/wp\/v2\/posts"}],"about":[{"href":"https:\/\/abrelivros.org.br\/site\/wp-json\/wp\/v2\/types\/post"}],"author":[{"embeddable":true,"href":"https:\/\/abrelivros.org.br\/site\/wp-json\/wp\/v2\/users\/4"}],"replies":[{"embeddable":true,"href":"https:\/\/abrelivros.org.br\/site\/wp-json\/wp\/v2\/comments?post=13789"}],"version-history":[{"count":1,"href":"https:\/\/abrelivros.org.br\/site\/wp-json\/wp\/v2\/posts\/13789\/revisions"}],"predecessor-version":[{"id":13790,"href":"https:\/\/abrelivros.org.br\/site\/wp-json\/wp\/v2\/posts\/13789\/revisions\/13790"}],"wp:attachment":[{"href":"https:\/\/abrelivros.org.br\/site\/wp-json\/wp\/v2\/media?parent=13789"}],"wp:term":[{"taxonomy":"category","embeddable":true,"href":"https:\/\/abrelivros.org.br\/site\/wp-json\/wp\/v2\/categories?post=13789"},{"taxonomy":"post_tag","embeddable":true,"href":"https:\/\/abrelivros.org.br\/site\/wp-json\/wp\/v2\/tags?post=13789"}],"curies":[{"name":"wp","href":"https:\/\/api.w.org\/{rel}","templated":true}]}}