{"id":13787,"date":"2021-04-20T15:56:59","date_gmt":"2021-04-20T18:56:59","guid":{"rendered":"https:\/\/abrelivros.org.br\/site\/?p=13787"},"modified":"2021-04-20T15:56:35","modified_gmt":"2021-04-20T18:56:35","slug":"pandemia-e-ensino-remoto-impulsionam-crescimento-de-edtechs","status":"publish","type":"post","link":"https:\/\/abrelivros.org.br\/site\/pandemia-e-ensino-remoto-impulsionam-crescimento-de-edtechs\/","title":{"rendered":"Pandemia e ensino remoto impulsionam crescimento de edtechs"},"content":{"rendered":"<p>O ramo das edtechs, empresas que adotam a tecnologia como facilitadora de processos de aprendizagem e melhoria dos sistemas educacionais, cresceu durante o per\u00edodo da <a href=\"https:\/\/porvir.org\/coronavirus\/\" target=\"_blank\" rel=\"noopener noreferrer\">pandemia de Covid-19<\/a>, apesar da crise econ\u00f4mica que atingiu a economia brasileira. Entre 2019 e 2020, o n\u00famero de neg\u00f3cios desse tipo avan\u00e7ou 26%, para 566.<!--more--><\/p>\n<p>Este cen\u00e1rio est\u00e1 amparado no aumento da demanda de ensino remoto e uso de tecnologias digitais nos contextos de educa\u00e7\u00e3o. Segundo o <a href=\"https:\/\/cieb.net.br\/edtechs\/\" target=\"_blank\" rel=\"noopener noreferrer\">Mapeamento de EdTechs 2020<\/a>, 208 edtechs apontaram que o faturamento ficou igual ou superior ao ano passado e 90% dessas empresas n\u00e3o precisaram realizar cortes em seu quadro de funcion\u00e1rios.<\/p>\n<p>Tanto escolas de ensino b\u00e1sico quanto de ensino superior e at\u00e9 mesmo institui\u00e7\u00f5es que promovem cursos preparat\u00f3rios e de educa\u00e7\u00e3o corporativa passaram a ter maior contato com edtechs, sendo comercializadas no segmento de \u201cSorftware como Servi\u00e7o\u201d (ou SAS, software as a service, como \u00e9 conhecido em ingl\u00eas).<\/p>\n<p><strong>Nem tudo s\u00e3o flores<\/strong><\/p>\n<p>O mapeamento mostrou, por outro lado, que as edtechs ainda n\u00e3o chegaram a todos os setores, em especial ao<a href=\"https:\/\/porvir.org\/ensino-remoto-o-que-aprendemos-e-o-que-pode-mudar-nas-praticas-e-politicas-publicas\/\" target=\"_blank\" rel=\"noopener noreferrer\"> setor p\u00fablico<\/a>. Apenas 13% das empresas que participaram do estudo conseguiram vender ou prestar servi\u00e7o para as redes p\u00fablicas de ensino.<\/p>\n<p>Em conjunto com o estudo \u201c<a href=\"https:\/\/cieb.net.br\/downloads\/\" target=\"_blank\" rel=\"noopener noreferrer\">Como o mercado de tecnologias educacionais se relaciona com a rede p\u00fablica de ensino<\/a>\u201d, produzido pelo CIEB, desta vez com o Plano CDE, a institui\u00e7\u00e3o indica que uma das maiores dificuldades encontradas nesse setor \u00e9 a morosidade e complexidade encontradas nos processos de compra da rede p\u00fablica.<\/p>\n<p>\u201cSecretarias e \u00f3rg\u00e3os da administra\u00e7\u00e3o p\u00fablica estadual e municipal que tiveram avan\u00e7os nas compras p\u00fablicas de tecnologias educacionais nos \u00faltimos anos s\u00f3 alcan\u00e7aram tais feitos por constru\u00edrem um cen\u00e1rio institucional onde existiam, concomitantemente, tr\u00eas fatores\u201d, aponta Thalles Gomes, coordenador jur\u00eddico e de parcerias p\u00fablicas do <a href=\"https:\/\/porvir.org\/acontece\/cieb-manual-de-protecao-de-dados-pessoais\/\" target=\"_blank\" rel=\"noopener noreferrer\">CIEB<\/a>.<\/p>\n<p>Os fatores elencados por Gomes s\u00e3o: previs\u00e3o or\u00e7ament\u00e1ria e decis\u00e3o pol\u00edtica clara; a exist\u00eancia de uma equipe multissetorial engajada e capacitada e aquisi\u00e7\u00e3o de infraestrutura necess\u00e1ria para o uso dessas tecnologias educacionais por alunos e professores.<\/p>\n<p>Uma possibilidade apontada para mudar esse cen\u00e1rio, \u00e9 tornar regras de processos de compra aptas a abarcar as edtechs, que s\u00e3o startups e podem variar o modelo de trabalho encontrado em empresas tradicionais com quem o setor p\u00fablico est\u00e1 acostumado a trabalhar.<\/p>\n","protected":false},"excerpt":{"rendered":"<p>O ramo das edtechs, empresas que adotam a tecnologia como facilitadora de processos de aprendizagem e melhoria dos sistemas educacionais, cresceu durante o per\u00edodo da pandemia de Covid-19, apesar da crise econ\u00f4mica que atingiu a economia brasileira. Entre 2019 e 2020, o n\u00famero de neg\u00f3cios desse tipo avan\u00e7ou 26%, para 566.<\/p>\n","protected":false},"author":4,"featured_media":0,"comment_status":"closed","ping_status":"closed","sticky":false,"template":"","format":"standard","meta":{"footnotes":"","_links_to":"","_links_to_target":""},"categories":[9],"tags":[],"class_list":["post-13787","post","type-post","status-publish","format-standard","hentry","category-noticias-da-imprensa"],"yoast_head":"<!-- This site is optimized with the Yoast SEO plugin v15.1 - https:\/\/yoast.com\/wordpress\/plugins\/seo\/ -->\n<title>Pandemia e ensino remoto impulsionam crescimento de edtechs &raquo; Abrelivros<\/title>\n<meta name=\"robots\" content=\"index, follow, max-snippet:-1, max-image-preview:large, max-video-preview:-1\" \/>\n<link rel=\"canonical\" href=\"https:\/\/abrelivros.org.br\/site\/pandemia-e-ensino-remoto-impulsionam-crescimento-de-edtechs\/\" \/>\n<meta property=\"og:locale\" content=\"pt_BR\" \/>\n<meta property=\"og:type\" content=\"article\" \/>\n<meta property=\"og:title\" content=\"Pandemia e ensino remoto impulsionam crescimento de edtechs &raquo; Abrelivros\" \/>\n<meta property=\"og:description\" content=\"O ramo das edtechs, empresas que adotam a tecnologia como facilitadora de processos de aprendizagem e melhoria dos sistemas educacionais, cresceu durante o per\u00edodo da pandemia de Covid-19, apesar da crise econ\u00f4mica que atingiu a economia brasileira. Entre 2019 e 2020, o n\u00famero de neg\u00f3cios desse tipo avan\u00e7ou 26%, para 566.\" \/>\n<meta property=\"og:url\" content=\"https:\/\/abrelivros.org.br\/site\/pandemia-e-ensino-remoto-impulsionam-crescimento-de-edtechs\/\" \/>\n<meta property=\"og:site_name\" content=\"Abrelivros\" \/>\n<meta property=\"article:published_time\" content=\"2021-04-20T18:56:59+00:00\" \/>\n<meta property=\"article:modified_time\" content=\"2021-04-20T18:56:35+00:00\" \/>\n<meta name=\"twitter:card\" content=\"summary_large_image\" \/>\n<script type=\"application\/ld+json\" class=\"yoast-schema-graph\">{\"@context\":\"https:\/\/schema.org\",\"@graph\":[{\"@type\":\"WebSite\",\"@id\":\"https:\/\/abrelivros.org.br\/site\/#website\",\"url\":\"https:\/\/abrelivros.org.br\/site\/\",\"name\":\"Abrelivros\",\"description\":\"\",\"potentialAction\":[{\"@type\":\"SearchAction\",\"target\":\"https:\/\/abrelivros.org.br\/site\/?s={search_term_string}\",\"query-input\":\"required name=search_term_string\"}],\"inLanguage\":\"pt-BR\"},{\"@type\":\"WebPage\",\"@id\":\"https:\/\/abrelivros.org.br\/site\/pandemia-e-ensino-remoto-impulsionam-crescimento-de-edtechs\/#webpage\",\"url\":\"https:\/\/abrelivros.org.br\/site\/pandemia-e-ensino-remoto-impulsionam-crescimento-de-edtechs\/\",\"name\":\"Pandemia e ensino remoto impulsionam crescimento de edtechs &raquo; Abrelivros\",\"isPartOf\":{\"@id\":\"https:\/\/abrelivros.org.br\/site\/#website\"},\"datePublished\":\"2021-04-20T18:56:59+00:00\",\"dateModified\":\"2021-04-20T18:56:35+00:00\",\"author\":{\"@id\":\"https:\/\/abrelivros.org.br\/site\/#\/schema\/person\/65db80e26409802ce15ac5feec6a15fd\"},\"breadcrumb\":{\"@id\":\"https:\/\/abrelivros.org.br\/site\/pandemia-e-ensino-remoto-impulsionam-crescimento-de-edtechs\/#breadcrumb\"},\"inLanguage\":\"pt-BR\",\"potentialAction\":[{\"@type\":\"ReadAction\",\"target\":[\"https:\/\/abrelivros.org.br\/site\/pandemia-e-ensino-remoto-impulsionam-crescimento-de-edtechs\/\"]}]},{\"@type\":\"BreadcrumbList\",\"@id\":\"https:\/\/abrelivros.org.br\/site\/pandemia-e-ensino-remoto-impulsionam-crescimento-de-edtechs\/#breadcrumb\",\"itemListElement\":[{\"@type\":\"ListItem\",\"position\":1,\"item\":{\"@type\":\"WebPage\",\"@id\":\"https:\/\/abrelivros.org.br\/site\/\",\"url\":\"https:\/\/abrelivros.org.br\/site\/\",\"name\":\"In\\u00edcio\"}},{\"@type\":\"ListItem\",\"position\":2,\"item\":{\"@type\":\"WebPage\",\"@id\":\"https:\/\/abrelivros.org.br\/site\/category\/noticias\/\",\"url\":\"https:\/\/abrelivros.org.br\/site\/category\/noticias\/\",\"name\":\"Not\\u00edcias\"}},{\"@type\":\"ListItem\",\"position\":3,\"item\":{\"@type\":\"WebPage\",\"@id\":\"https:\/\/abrelivros.org.br\/site\/category\/noticias\/noticias-da-imprensa\/\",\"url\":\"https:\/\/abrelivros.org.br\/site\/category\/noticias\/noticias-da-imprensa\/\",\"name\":\"Not\\u00edcias da imprensa\"}},{\"@type\":\"ListItem\",\"position\":4,\"item\":{\"@type\":\"WebPage\",\"@id\":\"https:\/\/abrelivros.org.br\/site\/pandemia-e-ensino-remoto-impulsionam-crescimento-de-edtechs\/\",\"url\":\"https:\/\/abrelivros.org.br\/site\/pandemia-e-ensino-remoto-impulsionam-crescimento-de-edtechs\/\",\"name\":\"Pandemia e ensino remoto impulsionam crescimento de edtechs\"}}]},{\"@type\":\"Person\",\"@id\":\"https:\/\/abrelivros.org.br\/site\/#\/schema\/person\/65db80e26409802ce15ac5feec6a15fd\",\"name\":\"Reda\\u00e7\\u00e3o Abrelivros\",\"image\":{\"@type\":\"ImageObject\",\"@id\":\"https:\/\/abrelivros.org.br\/site\/#personlogo\",\"inLanguage\":\"pt-BR\",\"url\":\"https:\/\/secure.gravatar.com\/avatar\/c4e57f9c7e3482965bd428192061218520756c39080b1d1820b679fa5e9af192?s=96&d=mm&r=g\",\"caption\":\"Reda\\u00e7\\u00e3o Abrelivros\"}}]}<\/script>\n<!-- \/ Yoast SEO plugin. -->","_links":{"self":[{"href":"https:\/\/abrelivros.org.br\/site\/wp-json\/wp\/v2\/posts\/13787","targetHints":{"allow":["GET"]}}],"collection":[{"href":"https:\/\/abrelivros.org.br\/site\/wp-json\/wp\/v2\/posts"}],"about":[{"href":"https:\/\/abrelivros.org.br\/site\/wp-json\/wp\/v2\/types\/post"}],"author":[{"embeddable":true,"href":"https:\/\/abrelivros.org.br\/site\/wp-json\/wp\/v2\/users\/4"}],"replies":[{"embeddable":true,"href":"https:\/\/abrelivros.org.br\/site\/wp-json\/wp\/v2\/comments?post=13787"}],"version-history":[{"count":1,"href":"https:\/\/abrelivros.org.br\/site\/wp-json\/wp\/v2\/posts\/13787\/revisions"}],"predecessor-version":[{"id":13788,"href":"https:\/\/abrelivros.org.br\/site\/wp-json\/wp\/v2\/posts\/13787\/revisions\/13788"}],"wp:attachment":[{"href":"https:\/\/abrelivros.org.br\/site\/wp-json\/wp\/v2\/media?parent=13787"}],"wp:term":[{"taxonomy":"category","embeddable":true,"href":"https:\/\/abrelivros.org.br\/site\/wp-json\/wp\/v2\/categories?post=13787"},{"taxonomy":"post_tag","embeddable":true,"href":"https:\/\/abrelivros.org.br\/site\/wp-json\/wp\/v2\/tags?post=13787"}],"curies":[{"name":"wp","href":"https:\/\/api.w.org\/{rel}","templated":true}]}}