{"id":13780,"date":"2021-04-19T13:56:12","date_gmt":"2021-04-19T16:56:12","guid":{"rendered":"https:\/\/abrelivros.org.br\/site\/?p=13780"},"modified":"2021-04-19T14:48:27","modified_gmt":"2021-04-19T17:48:27","slug":"lancamento-da-agenda-da-aprendizagem-2021-2022","status":"publish","type":"post","link":"https:\/\/abrelivros.org.br\/site\/lancamento-da-agenda-da-aprendizagem-2021-2022\/","title":{"rendered":"Lan\u00e7amento da Agenda da Aprendizagem (2021-2022)"},"content":{"rendered":"<p>Nesta sexta-feira (16\/04) ocorreu o lan\u00e7amento da Agenda da Aprendizagem (2021-2022) na Comiss\u00e3o de Educa\u00e7\u00e3o. O documento re\u00fane os temas priorit\u00e1rios pelos secret\u00e1rios e dirigentes da educa\u00e7\u00e3o. Destacam-se:<!--more--><\/p>\n<p>&#8211; Sistema Nacional de Avalia\u00e7\u00e3o<br \/>\n&#8211; Novo Enem e Novo Saeb<br \/>\n&#8211; Revis\u00e3o do Fundeb, a partir dos indicadores do INEP<br \/>\n&#8211; Avalia\u00e7\u00f5es diagn\u00f3sticas no contexto de pandemia<br \/>\n&#8211; Educa\u00e7\u00e3o h\u00edbrida<br \/>\n&#8211; Educa\u00e7\u00e3o Digital na forma\u00e7\u00e3o de professores<br \/>\n&#8211; Implementa\u00e7\u00e3o do Novo Fundeb<\/p>\n<p>O Secret\u00e1rio de Educa\u00e7\u00e3o B\u00e1sica, Mauro Rabelo, participou do evento e elencou a\u00e7\u00f5es do MEC previstas para 2021. Destacam-se:<\/p>\n<p>&#8211; <strong>Gest\u00e3o da educa\u00e7\u00e3o<\/strong>: Cria\u00e7\u00e3o da Plataforma Brasil de Aprendizagem, que concentrar\u00e1 ferramentas para auxiliar as escolas.<br \/>\n&#8211; <strong>Professores<\/strong>: Lan\u00e7amento de programas de fomento \u00e0 licenciatura e de forma\u00e7\u00e3o de professores para o uso de tecnologias.<br \/>\n&#8211; <strong>Apoio \u00e0s escolas<\/strong>: fomento para implementa\u00e7\u00e3o de centros de m\u00eddia em todos os estados.<br \/>\n&#8211; <strong>Conectividade<\/strong>: Aprimoramento do PIEC em parceria com a RNP, BNDES, CIEB E <a href=\"https:\/\/nic.br\/\" target=\"_blank\" rel=\"noopener noreferrer\">NIC.BR<\/a> e cria\u00e7\u00e3o de Espa\u00e7o de Forma\u00e7\u00e3o e Experimenta\u00e7\u00e3o em Tecnologias para Professores, junto ao CIEB.<br \/>\n&#8211; <strong>Avalia\u00e7\u00e3o<\/strong>: Elabora\u00e7\u00e3o de avalia\u00e7\u00e3o diagn\u00f3stica amostral sobre a perda da aprendizagem dos alunos, no contexto da Covid-19.<\/p>\n<p>&nbsp;<\/p>\n","protected":false},"excerpt":{"rendered":"<p>Nesta sexta-feira (16\/04) ocorreu o lan\u00e7amento da Agenda da Aprendizagem (2021-2022) na Comiss\u00e3o de Educa\u00e7\u00e3o. O documento re\u00fane os temas priorit\u00e1rios pelos secret\u00e1rios e dirigentes da educa\u00e7\u00e3o. Destacam-se:<\/p>\n","protected":false},"author":4,"featured_media":0,"comment_status":"closed","ping_status":"closed","sticky":false,"template":"","format":"standard","meta":{"footnotes":"","_links_to":"","_links_to_target":""},"categories":[9],"tags":[],"class_list":["post-13780","post","type-post","status-publish","format-standard","hentry","category-noticias-da-imprensa"],"yoast_head":"<!-- This site is optimized with the Yoast SEO plugin v15.1 - https:\/\/yoast.com\/wordpress\/plugins\/seo\/ -->\n<title>Lan\u00e7amento da Agenda da Aprendizagem (2021-2022) &raquo; Abrelivros<\/title>\n<meta name=\"robots\" content=\"index, follow, max-snippet:-1, max-image-preview:large, max-video-preview:-1\" \/>\n<link rel=\"canonical\" href=\"https:\/\/abrelivros.org.br\/site\/lancamento-da-agenda-da-aprendizagem-2021-2022\/\" \/>\n<meta property=\"og:locale\" content=\"pt_BR\" \/>\n<meta property=\"og:type\" content=\"article\" \/>\n<meta property=\"og:title\" content=\"Lan\u00e7amento da Agenda da Aprendizagem (2021-2022) &raquo; Abrelivros\" \/>\n<meta property=\"og:description\" content=\"Nesta sexta-feira (16\/04) ocorreu o lan\u00e7amento da Agenda da Aprendizagem (2021-2022) na Comiss\u00e3o de Educa\u00e7\u00e3o. O documento re\u00fane os temas priorit\u00e1rios pelos secret\u00e1rios e dirigentes da educa\u00e7\u00e3o. Destacam-se:\" \/>\n<meta property=\"og:url\" content=\"https:\/\/abrelivros.org.br\/site\/lancamento-da-agenda-da-aprendizagem-2021-2022\/\" \/>\n<meta property=\"og:site_name\" content=\"Abrelivros\" \/>\n<meta property=\"article:published_time\" content=\"2021-04-19T16:56:12+00:00\" \/>\n<meta property=\"article:modified_time\" content=\"2021-04-19T17:48:27+00:00\" \/>\n<meta name=\"twitter:card\" content=\"summary_large_image\" \/>\n<script type=\"application\/ld+json\" class=\"yoast-schema-graph\">{\"@context\":\"https:\/\/schema.org\",\"@graph\":[{\"@type\":\"WebSite\",\"@id\":\"https:\/\/abrelivros.org.br\/site\/#website\",\"url\":\"https:\/\/abrelivros.org.br\/site\/\",\"name\":\"Abrelivros\",\"description\":\"\",\"potentialAction\":[{\"@type\":\"SearchAction\",\"target\":\"https:\/\/abrelivros.org.br\/site\/?s={search_term_string}\",\"query-input\":\"required name=search_term_string\"}],\"inLanguage\":\"pt-BR\"},{\"@type\":\"WebPage\",\"@id\":\"https:\/\/abrelivros.org.br\/site\/lancamento-da-agenda-da-aprendizagem-2021-2022\/#webpage\",\"url\":\"https:\/\/abrelivros.org.br\/site\/lancamento-da-agenda-da-aprendizagem-2021-2022\/\",\"name\":\"Lan\\u00e7amento da Agenda da Aprendizagem (2021-2022) &raquo; Abrelivros\",\"isPartOf\":{\"@id\":\"https:\/\/abrelivros.org.br\/site\/#website\"},\"datePublished\":\"2021-04-19T16:56:12+00:00\",\"dateModified\":\"2021-04-19T17:48:27+00:00\",\"author\":{\"@id\":\"https:\/\/abrelivros.org.br\/site\/#\/schema\/person\/65db80e26409802ce15ac5feec6a15fd\"},\"breadcrumb\":{\"@id\":\"https:\/\/abrelivros.org.br\/site\/lancamento-da-agenda-da-aprendizagem-2021-2022\/#breadcrumb\"},\"inLanguage\":\"pt-BR\",\"potentialAction\":[{\"@type\":\"ReadAction\",\"target\":[\"https:\/\/abrelivros.org.br\/site\/lancamento-da-agenda-da-aprendizagem-2021-2022\/\"]}]},{\"@type\":\"BreadcrumbList\",\"@id\":\"https:\/\/abrelivros.org.br\/site\/lancamento-da-agenda-da-aprendizagem-2021-2022\/#breadcrumb\",\"itemListElement\":[{\"@type\":\"ListItem\",\"position\":1,\"item\":{\"@type\":\"WebPage\",\"@id\":\"https:\/\/abrelivros.org.br\/site\/\",\"url\":\"https:\/\/abrelivros.org.br\/site\/\",\"name\":\"In\\u00edcio\"}},{\"@type\":\"ListItem\",\"position\":2,\"item\":{\"@type\":\"WebPage\",\"@id\":\"https:\/\/abrelivros.org.br\/site\/category\/noticias\/\",\"url\":\"https:\/\/abrelivros.org.br\/site\/category\/noticias\/\",\"name\":\"Not\\u00edcias\"}},{\"@type\":\"ListItem\",\"position\":3,\"item\":{\"@type\":\"WebPage\",\"@id\":\"https:\/\/abrelivros.org.br\/site\/category\/noticias\/noticias-da-imprensa\/\",\"url\":\"https:\/\/abrelivros.org.br\/site\/category\/noticias\/noticias-da-imprensa\/\",\"name\":\"Not\\u00edcias da imprensa\"}},{\"@type\":\"ListItem\",\"position\":4,\"item\":{\"@type\":\"WebPage\",\"@id\":\"https:\/\/abrelivros.org.br\/site\/lancamento-da-agenda-da-aprendizagem-2021-2022\/\",\"url\":\"https:\/\/abrelivros.org.br\/site\/lancamento-da-agenda-da-aprendizagem-2021-2022\/\",\"name\":\"Lan\\u00e7amento da Agenda da Aprendizagem (2021-2022)\"}}]},{\"@type\":\"Person\",\"@id\":\"https:\/\/abrelivros.org.br\/site\/#\/schema\/person\/65db80e26409802ce15ac5feec6a15fd\",\"name\":\"Reda\\u00e7\\u00e3o Abrelivros\",\"image\":{\"@type\":\"ImageObject\",\"@id\":\"https:\/\/abrelivros.org.br\/site\/#personlogo\",\"inLanguage\":\"pt-BR\",\"url\":\"https:\/\/secure.gravatar.com\/avatar\/c4e57f9c7e3482965bd428192061218520756c39080b1d1820b679fa5e9af192?s=96&d=mm&r=g\",\"caption\":\"Reda\\u00e7\\u00e3o Abrelivros\"}}]}<\/script>\n<!-- \/ Yoast SEO plugin. -->","_links":{"self":[{"href":"https:\/\/abrelivros.org.br\/site\/wp-json\/wp\/v2\/posts\/13780","targetHints":{"allow":["GET"]}}],"collection":[{"href":"https:\/\/abrelivros.org.br\/site\/wp-json\/wp\/v2\/posts"}],"about":[{"href":"https:\/\/abrelivros.org.br\/site\/wp-json\/wp\/v2\/types\/post"}],"author":[{"embeddable":true,"href":"https:\/\/abrelivros.org.br\/site\/wp-json\/wp\/v2\/users\/4"}],"replies":[{"embeddable":true,"href":"https:\/\/abrelivros.org.br\/site\/wp-json\/wp\/v2\/comments?post=13780"}],"version-history":[{"count":1,"href":"https:\/\/abrelivros.org.br\/site\/wp-json\/wp\/v2\/posts\/13780\/revisions"}],"predecessor-version":[{"id":13781,"href":"https:\/\/abrelivros.org.br\/site\/wp-json\/wp\/v2\/posts\/13780\/revisions\/13781"}],"wp:attachment":[{"href":"https:\/\/abrelivros.org.br\/site\/wp-json\/wp\/v2\/media?parent=13780"}],"wp:term":[{"taxonomy":"category","embeddable":true,"href":"https:\/\/abrelivros.org.br\/site\/wp-json\/wp\/v2\/categories?post=13780"},{"taxonomy":"post_tag","embeddable":true,"href":"https:\/\/abrelivros.org.br\/site\/wp-json\/wp\/v2\/tags?post=13780"}],"curies":[{"name":"wp","href":"https:\/\/api.w.org\/{rel}","templated":true}]}}