{"id":13768,"date":"2021-04-16T13:02:16","date_gmt":"2021-04-16T16:02:16","guid":{"rendered":"https:\/\/abrelivros.org.br\/site\/?p=13768"},"modified":"2021-04-16T13:02:55","modified_gmt":"2021-04-16T16:02:55","slug":"deputados-e-secretarios-de-educacao-lancam-agenda-com-temas-prioritarios-para-2021-2022","status":"publish","type":"post","link":"https:\/\/abrelivros.org.br\/site\/deputados-e-secretarios-de-educacao-lancam-agenda-com-temas-prioritarios-para-2021-2022\/","title":{"rendered":"Deputados e secret\u00e1rios de Educa\u00e7\u00e3o lan\u00e7am agenda com temas priorit\u00e1rios para 2021-2022"},"content":{"rendered":"<p>A Comiss\u00e3o de Educa\u00e7\u00e3o da C\u00e2mara dos Deputados promove, nesta sexta-feira (16), evento para lan\u00e7amento da Agenda da Aprendizagem 2021-2022, que re\u00fane os temas considerados priorit\u00e1rios pelos gestores da \u00e1rea para o bi\u00eanio.<!--more--><\/p>\n<p>O lan\u00e7amento \u00e9 uma iniciativa da comiss\u00e3o, do Conselho Nacional de Secret\u00e1rios de Educa\u00e7\u00e3o (Consed) e da Uni\u00e3o Nacional dos Dirigentes Municipais de Educa\u00e7\u00e3o (Undime). Foi convidado o presidente da Comiss\u00e3o de Educa\u00e7\u00e3o, Cultura e Esporte do Senado, senador Marcelo Castro (MDB-PI).<\/p>\n<p>Essa \u00e9 a segunda edi\u00e7\u00e3o da Agenda da Aprendizagem, mas \u00e9 a primeira vez que a Comiss\u00e3o de Educa\u00e7\u00e3o assina o documento, pela necessidade de discuss\u00e3o e regulamenta\u00e7\u00e3o dos temas no Congresso Nacional. Os trabalhos tamb\u00e9m contam com o apoio de organiza\u00e7\u00f5es da sociedade civil.<\/p>\n<p><strong>Ensino h\u00edbrido<\/strong><\/p>\n<p>Para o bi\u00eanio 2021-2022 foram escolhidos 10 temas priorit\u00e1rios que ser\u00e3o discutidos em frentes de trabalho e grupos de estudo e pesquisa. Esses grupos reunir\u00e3o representantes das secretarias estaduais e municipais, especialistas, consultores e parlamentares. O objetivo \u00e9 realizar diagn\u00f3sticos e encontrar solu\u00e7\u00f5es para os principais desafios enfrentados pela educa\u00e7\u00e3o b\u00e1sica p\u00fablica.<\/p>\n<p>Um dos temas a serem apresentados como priorit\u00e1rios \u00e9 o ensino h\u00edbrido, que ganhou destaque durante a pandemia, pela necessidade de amplia\u00e7\u00e3o da conectividade e oferecimento de novas formas de ensinar que ultrapassem as paredes f\u00edsicas da sala de aula.<\/p>\n<p>O evento est\u00e1 marcado para as 14h30 e ser\u00e1 transmitido ao vivo pelo canal da C\u00e2mara dos Deputados no <a href=\"https:\/\/www.youtube.com\/channel\/UC-ZkSRh-7UEuwXJQ9UMCFJA\" target=\"_blank\" rel=\"noopener noreferrer\">Youtube<\/a>.<\/p>\n","protected":false},"excerpt":{"rendered":"<p>A Comiss\u00e3o de Educa\u00e7\u00e3o da C\u00e2mara dos Deputados promove, nesta sexta-feira (16), evento para lan\u00e7amento da Agenda da Aprendizagem 2021-2022, que re\u00fane os temas considerados priorit\u00e1rios pelos gestores da \u00e1rea para o bi\u00eanio.<\/p>\n","protected":false},"author":4,"featured_media":0,"comment_status":"closed","ping_status":"closed","sticky":false,"template":"","format":"standard","meta":{"footnotes":"","_links_to":"","_links_to_target":""},"categories":[9],"tags":[],"class_list":["post-13768","post","type-post","status-publish","format-standard","hentry","category-noticias-da-imprensa"],"yoast_head":"<!-- This site is optimized with the Yoast SEO plugin v15.1 - https:\/\/yoast.com\/wordpress\/plugins\/seo\/ -->\n<title>Deputados e secret\u00e1rios de Educa\u00e7\u00e3o lan\u00e7am agenda com temas priorit\u00e1rios para 2021-2022 &raquo; Abrelivros<\/title>\n<meta name=\"robots\" content=\"index, follow, max-snippet:-1, max-image-preview:large, max-video-preview:-1\" \/>\n<link rel=\"canonical\" href=\"https:\/\/abrelivros.org.br\/site\/deputados-e-secretarios-de-educacao-lancam-agenda-com-temas-prioritarios-para-2021-2022\/\" \/>\n<meta property=\"og:locale\" content=\"pt_BR\" \/>\n<meta property=\"og:type\" content=\"article\" \/>\n<meta property=\"og:title\" content=\"Deputados e secret\u00e1rios de Educa\u00e7\u00e3o lan\u00e7am agenda com temas priorit\u00e1rios para 2021-2022 &raquo; Abrelivros\" \/>\n<meta property=\"og:description\" content=\"A Comiss\u00e3o de Educa\u00e7\u00e3o da C\u00e2mara dos Deputados promove, nesta sexta-feira (16), evento para lan\u00e7amento da Agenda da Aprendizagem 2021-2022, que re\u00fane os temas considerados priorit\u00e1rios pelos gestores da \u00e1rea para o bi\u00eanio.\" \/>\n<meta property=\"og:url\" content=\"https:\/\/abrelivros.org.br\/site\/deputados-e-secretarios-de-educacao-lancam-agenda-com-temas-prioritarios-para-2021-2022\/\" \/>\n<meta property=\"og:site_name\" content=\"Abrelivros\" \/>\n<meta property=\"article:published_time\" content=\"2021-04-16T16:02:16+00:00\" \/>\n<meta property=\"article:modified_time\" content=\"2021-04-16T16:02:55+00:00\" \/>\n<meta name=\"twitter:card\" content=\"summary_large_image\" \/>\n<script type=\"application\/ld+json\" class=\"yoast-schema-graph\">{\"@context\":\"https:\/\/schema.org\",\"@graph\":[{\"@type\":\"WebSite\",\"@id\":\"https:\/\/abrelivros.org.br\/site\/#website\",\"url\":\"https:\/\/abrelivros.org.br\/site\/\",\"name\":\"Abrelivros\",\"description\":\"\",\"potentialAction\":[{\"@type\":\"SearchAction\",\"target\":\"https:\/\/abrelivros.org.br\/site\/?s={search_term_string}\",\"query-input\":\"required name=search_term_string\"}],\"inLanguage\":\"pt-BR\"},{\"@type\":\"WebPage\",\"@id\":\"https:\/\/abrelivros.org.br\/site\/deputados-e-secretarios-de-educacao-lancam-agenda-com-temas-prioritarios-para-2021-2022\/#webpage\",\"url\":\"https:\/\/abrelivros.org.br\/site\/deputados-e-secretarios-de-educacao-lancam-agenda-com-temas-prioritarios-para-2021-2022\/\",\"name\":\"Deputados e secret\\u00e1rios de Educa\\u00e7\\u00e3o lan\\u00e7am agenda com temas priorit\\u00e1rios para 2021-2022 &raquo; Abrelivros\",\"isPartOf\":{\"@id\":\"https:\/\/abrelivros.org.br\/site\/#website\"},\"datePublished\":\"2021-04-16T16:02:16+00:00\",\"dateModified\":\"2021-04-16T16:02:55+00:00\",\"author\":{\"@id\":\"https:\/\/abrelivros.org.br\/site\/#\/schema\/person\/65db80e26409802ce15ac5feec6a15fd\"},\"breadcrumb\":{\"@id\":\"https:\/\/abrelivros.org.br\/site\/deputados-e-secretarios-de-educacao-lancam-agenda-com-temas-prioritarios-para-2021-2022\/#breadcrumb\"},\"inLanguage\":\"pt-BR\",\"potentialAction\":[{\"@type\":\"ReadAction\",\"target\":[\"https:\/\/abrelivros.org.br\/site\/deputados-e-secretarios-de-educacao-lancam-agenda-com-temas-prioritarios-para-2021-2022\/\"]}]},{\"@type\":\"BreadcrumbList\",\"@id\":\"https:\/\/abrelivros.org.br\/site\/deputados-e-secretarios-de-educacao-lancam-agenda-com-temas-prioritarios-para-2021-2022\/#breadcrumb\",\"itemListElement\":[{\"@type\":\"ListItem\",\"position\":1,\"item\":{\"@type\":\"WebPage\",\"@id\":\"https:\/\/abrelivros.org.br\/site\/\",\"url\":\"https:\/\/abrelivros.org.br\/site\/\",\"name\":\"In\\u00edcio\"}},{\"@type\":\"ListItem\",\"position\":2,\"item\":{\"@type\":\"WebPage\",\"@id\":\"https:\/\/abrelivros.org.br\/site\/category\/noticias\/\",\"url\":\"https:\/\/abrelivros.org.br\/site\/category\/noticias\/\",\"name\":\"Not\\u00edcias\"}},{\"@type\":\"ListItem\",\"position\":3,\"item\":{\"@type\":\"WebPage\",\"@id\":\"https:\/\/abrelivros.org.br\/site\/category\/noticias\/noticias-da-imprensa\/\",\"url\":\"https:\/\/abrelivros.org.br\/site\/category\/noticias\/noticias-da-imprensa\/\",\"name\":\"Not\\u00edcias da imprensa\"}},{\"@type\":\"ListItem\",\"position\":4,\"item\":{\"@type\":\"WebPage\",\"@id\":\"https:\/\/abrelivros.org.br\/site\/deputados-e-secretarios-de-educacao-lancam-agenda-com-temas-prioritarios-para-2021-2022\/\",\"url\":\"https:\/\/abrelivros.org.br\/site\/deputados-e-secretarios-de-educacao-lancam-agenda-com-temas-prioritarios-para-2021-2022\/\",\"name\":\"Deputados e secret\\u00e1rios de Educa\\u00e7\\u00e3o lan\\u00e7am agenda com temas priorit\\u00e1rios para 2021-2022\"}}]},{\"@type\":\"Person\",\"@id\":\"https:\/\/abrelivros.org.br\/site\/#\/schema\/person\/65db80e26409802ce15ac5feec6a15fd\",\"name\":\"Reda\\u00e7\\u00e3o Abrelivros\",\"image\":{\"@type\":\"ImageObject\",\"@id\":\"https:\/\/abrelivros.org.br\/site\/#personlogo\",\"inLanguage\":\"pt-BR\",\"url\":\"https:\/\/secure.gravatar.com\/avatar\/c4e57f9c7e3482965bd428192061218520756c39080b1d1820b679fa5e9af192?s=96&d=mm&r=g\",\"caption\":\"Reda\\u00e7\\u00e3o Abrelivros\"}}]}<\/script>\n<!-- \/ Yoast SEO plugin. -->","_links":{"self":[{"href":"https:\/\/abrelivros.org.br\/site\/wp-json\/wp\/v2\/posts\/13768","targetHints":{"allow":["GET"]}}],"collection":[{"href":"https:\/\/abrelivros.org.br\/site\/wp-json\/wp\/v2\/posts"}],"about":[{"href":"https:\/\/abrelivros.org.br\/site\/wp-json\/wp\/v2\/types\/post"}],"author":[{"embeddable":true,"href":"https:\/\/abrelivros.org.br\/site\/wp-json\/wp\/v2\/users\/4"}],"replies":[{"embeddable":true,"href":"https:\/\/abrelivros.org.br\/site\/wp-json\/wp\/v2\/comments?post=13768"}],"version-history":[{"count":2,"href":"https:\/\/abrelivros.org.br\/site\/wp-json\/wp\/v2\/posts\/13768\/revisions"}],"predecessor-version":[{"id":13770,"href":"https:\/\/abrelivros.org.br\/site\/wp-json\/wp\/v2\/posts\/13768\/revisions\/13770"}],"wp:attachment":[{"href":"https:\/\/abrelivros.org.br\/site\/wp-json\/wp\/v2\/media?parent=13768"}],"wp:term":[{"taxonomy":"category","embeddable":true,"href":"https:\/\/abrelivros.org.br\/site\/wp-json\/wp\/v2\/categories?post=13768"},{"taxonomy":"post_tag","embeddable":true,"href":"https:\/\/abrelivros.org.br\/site\/wp-json\/wp\/v2\/tags?post=13768"}],"curies":[{"name":"wp","href":"https:\/\/api.w.org\/{rel}","templated":true}]}}