{"id":13762,"date":"2021-04-16T12:37:51","date_gmt":"2021-04-16T15:37:51","guid":{"rendered":"https:\/\/abrelivros.org.br\/site\/?p=13762"},"modified":"2021-04-16T12:37:51","modified_gmt":"2021-04-16T15:37:51","slug":"mec-critica-base-curricular-e-defende-revisao","status":"publish","type":"post","link":"https:\/\/abrelivros.org.br\/site\/mec-critica-base-curricular-e-defende-revisao\/","title":{"rendered":"MEC critica base curricular e defende revis\u00e3o"},"content":{"rendered":"<p>Documento apresentado nesta quarta-feira, 14, pelo Minist\u00e9rio da Educa\u00e7\u00e3o (MEC) sugere fazer uma revis\u00e3o da Base Nacional Comum Curricular (BNCC) na parte de alfabetiza\u00e7\u00e3o. Aprovada em 2017, a BNCC indica o que devem aprender os estudantes em cada etapa de ensino.<!--more--> Em rela\u00e7\u00e3o \u00e0 alfabetiza\u00e7\u00e3o, o relat\u00f3rio do MEC afirma que a Base ignora conceitos do m\u00e9todo f\u00f4nico, que p\u00f5e foco na conex\u00e3o entre os sons e as letras.<\/p>\n<p>O Relat\u00f3rio Nacional da Alfabetiza\u00e7\u00e3o Baseada em Evid\u00eancias (Renabe) do MEC foi elaborado ap\u00f3s um congresso com especialistas sobre alfabetiza\u00e7\u00e3o, em outubro de 2019. Desde o in\u00edcio da gest\u00e3o Jair Bolsonaro, os m\u00e9todos de alfabetiza\u00e7\u00e3o se tornaram terreno de pol\u00eamicas.<\/p>\n<p>O secret\u00e1rio de Alfabetiza\u00e7\u00e3o do MEC, Carlos Nadalim, encabe\u00e7a a defesa do m\u00e9todo f\u00f4nico de alfabetiza\u00e7\u00e3o e critica o foco dado ao construtivismo nas escolas brasileiras. Ligado ao escritor Olavo de Carvalho, Nadalim \u00e9 um dos poucos nomes do primeiro escal\u00e3o do MEC que continuam no governo. Ap\u00f3s sucessivas trocas de ministros e secret\u00e1rios, o minist\u00e9rio tem sido alvo de cr\u00edticas por falta de pol\u00edticas mais estruturadas na \u00e1rea e omiss\u00f5es durante a pandemia, como no apoio ao ensino remoto e \u00e0 reabertura das escolas.<\/p>\n<p>O m\u00e9todo f\u00f4nico parte da associa\u00e7\u00e3o entre a letra e seu som, para depois chegar \u00e0s palavras. Esse modelo se op\u00f5e ao m\u00e9todo global, ligado \u00e0 corrente construtivista. Nesse modelo, o caminho costuma ser o inverso: a alfabetiza\u00e7\u00e3o parte de textos e experi\u00eancias sobre as fun\u00e7\u00f5es da linguagem para chegar \u00e0s letras e sons, com o foco na compreens\u00e3o da leitura.<\/p>\n<p>O Renabe reuniu artigos escritos por especialistas em alfabetiza\u00e7\u00e3o. No fim do documento, no cap\u00edtulo de recomenda\u00e7\u00f5es, s\u00e3o listadas sugest\u00f5es para alavancar os indicadores de alfabetiza\u00e7\u00e3o no Brasil. Uma delas afirma que conceitos como consci\u00eancia fonol\u00f3gica e fon\u00eamica, decodifica\u00e7\u00e3o e flu\u00eancia oral de leitura &#8211; ligados ao m\u00e9todo f\u00f4nico &#8211; &#8220;est\u00e3o cada vez mais presentes em documentos curriculares internacionais&#8221;.<\/p>\n<p>&#8220;Esses documentos estabelecem, de forma clara e articulada, as habilidades e conhecimentos esperados para cada etapa escolar. Os documentos nacionais n\u00e3o devem mais continuar a ignorar esses conhecimentos&#8221;. &#8220;\u00c9 necess\u00e1rio&#8221;, continua o documento do governo, &#8220;que a BNCC seja revista, no per\u00edodo apropriado, \u00e0 luz do conhecimento cient\u00edfico internacional&#8221;.<\/p>\n<p>O Renabe tamb\u00e9m destaca que crian\u00e7as na educa\u00e7\u00e3o infantil (creche e pr\u00e9-escolas, de zero a cinco anos) j\u00e1 devem aprender habilidades fundamentais para a alfabetiza\u00e7\u00e3o, como aprender as letras &#8211; proposta que n\u00e3o \u00e9 consenso entre especialistas. &#8220;A alfabetiza\u00e7\u00e3o propriamente dita deve ocorrer mormente no 1\u00ba ano do ensino fundamental&#8221;, indica o relat\u00f3rio. J\u00e1 a BNCC define que as crian\u00e7as devem ser alfabetizadas at\u00e9 o 2.\u00ba ano do fundamental (crian\u00e7as de sete anos).<\/p>\n<p>O relat\u00f3rio faz parte da Pol\u00edtica Nacional de Alfabetiza\u00e7\u00e3o (PNA) da gest\u00e3o Bolsonaro, uma das principais bandeiras do presidente na \u00e1rea de Educa\u00e7\u00e3o. A PNA foi institu\u00edda por meio de decreto em abril de 2019, com \u00eanfase no m\u00e9todo f\u00f4nico. Na pr\u00e1tica, experi\u00eancias exitosas no Brasil, como em cidades do Cear\u00e1, combinam v\u00e1rios modelos de alfabetiza\u00e7\u00e3o.<\/p>\n<p>O MEC tenta ainda fazer uma nova prova de alfabetiza\u00e7\u00e3o no Pa\u00eds sem a participa\u00e7\u00e3o de t\u00e9cnicos e estat\u00edsticos do Instituto Nacional de Pesquisas Educacionais (Inep), autarquia respons\u00e1vel pelas avalia\u00e7\u00f5es, que discordam do conte\u00fado. Nesta avalia\u00e7\u00e3o, a inten\u00e7\u00e3o da pasta \u00e9 dar \u00eanfase ao m\u00e9todo f\u00f4nico.<\/p>\n<p>Para a especialista em alfabetiza\u00e7\u00e3o Maria Alice Junqueira, a BNCC n\u00e3o ignora os aspectos relacionados aos sons das letras. &#8220;A PNA \u00e9 que ignora tudo o que veio antes. A BNCC foi constru\u00edda ap\u00f3s um processo de di\u00e1logo entre as diferentes perspectivas e concep\u00e7\u00f5es de ensino e aprendizagem&#8221;, diz Maria Alice, coordenadora de projetos do Centro de Estudos e Pesquisas em Educa\u00e7\u00e3o, Cultura e A\u00e7\u00e3o Comunit\u00e1ria (Cenpec).<\/p>\n<p>Segundo ela, a PNA induz os munic\u00edpios \u00e0 ado\u00e7\u00e3o do m\u00e9todo f\u00f4nico, uma vez que condiciona recursos \u00e0 ades\u00e3o ao programa. O risco de que a pol\u00edtica seja conduzida como foi aprovada pelo MEC \u00e9 de uma abordagem mecanizada da alfabetiza\u00e7\u00e3o. &#8220;O perigo \u00e9 formar pessoas com menos capacidade de compreens\u00e3o do que leem.&#8221;<\/p>\n<p>Favor\u00e1vel \u00e0 mudan\u00e7a na BNCC, Jo\u00e3o Batista Oliveira, presidente do Instituto Alfa e Beto, diz que a Base Curricular tem conceitos &#8220;confusos e equivocados&#8221;. Para ele, faltou trabalhar \u00e0 luz das evid\u00eancias cient\u00edficas para construir a BNCC. &#8220;O curr\u00edculo da educa\u00e7\u00e3o infantil n\u00e3o fala em letra. \u00c9 t\u00e3o ideologizada a base, t\u00e3o anticient\u00edfica. E isso prejudica as pessoas pobres&#8221;, diz ele, que j\u00e1 foi secret\u00e1rio executivo do MEC.<\/p>\n","protected":false},"excerpt":{"rendered":"<p>Documento apresentado nesta quarta-feira, 14, pelo Minist\u00e9rio da Educa\u00e7\u00e3o (MEC) sugere fazer uma revis\u00e3o da Base Nacional Comum Curricular (BNCC) na parte de alfabetiza\u00e7\u00e3o. Aprovada em 2017, a BNCC indica o que devem aprender os estudantes em cada etapa de ensino.<\/p>\n","protected":false},"author":4,"featured_media":0,"comment_status":"closed","ping_status":"closed","sticky":false,"template":"","format":"standard","meta":{"footnotes":"","_links_to":"","_links_to_target":""},"categories":[9],"tags":[],"class_list":["post-13762","post","type-post","status-publish","format-standard","hentry","category-noticias-da-imprensa"],"yoast_head":"<!-- This site is optimized with the Yoast SEO plugin v15.1 - https:\/\/yoast.com\/wordpress\/plugins\/seo\/ -->\n<title>MEC critica base curricular e defende revis\u00e3o &raquo; Abrelivros<\/title>\n<meta name=\"robots\" content=\"index, follow, max-snippet:-1, max-image-preview:large, max-video-preview:-1\" \/>\n<link rel=\"canonical\" href=\"https:\/\/abrelivros.org.br\/site\/mec-critica-base-curricular-e-defende-revisao\/\" \/>\n<meta property=\"og:locale\" content=\"pt_BR\" \/>\n<meta property=\"og:type\" content=\"article\" \/>\n<meta property=\"og:title\" content=\"MEC critica base curricular e defende revis\u00e3o &raquo; Abrelivros\" \/>\n<meta property=\"og:description\" content=\"Documento apresentado nesta quarta-feira, 14, pelo Minist\u00e9rio da Educa\u00e7\u00e3o (MEC) sugere fazer uma revis\u00e3o da Base Nacional Comum Curricular (BNCC) na parte de alfabetiza\u00e7\u00e3o. Aprovada em 2017, a BNCC indica o que devem aprender os estudantes em cada etapa de ensino.\" \/>\n<meta property=\"og:url\" content=\"https:\/\/abrelivros.org.br\/site\/mec-critica-base-curricular-e-defende-revisao\/\" \/>\n<meta property=\"og:site_name\" content=\"Abrelivros\" \/>\n<meta property=\"article:published_time\" content=\"2021-04-16T15:37:51+00:00\" \/>\n<meta name=\"twitter:card\" content=\"summary_large_image\" \/>\n<script type=\"application\/ld+json\" class=\"yoast-schema-graph\">{\"@context\":\"https:\/\/schema.org\",\"@graph\":[{\"@type\":\"WebSite\",\"@id\":\"https:\/\/abrelivros.org.br\/site\/#website\",\"url\":\"https:\/\/abrelivros.org.br\/site\/\",\"name\":\"Abrelivros\",\"description\":\"\",\"potentialAction\":[{\"@type\":\"SearchAction\",\"target\":\"https:\/\/abrelivros.org.br\/site\/?s={search_term_string}\",\"query-input\":\"required name=search_term_string\"}],\"inLanguage\":\"pt-BR\"},{\"@type\":\"WebPage\",\"@id\":\"https:\/\/abrelivros.org.br\/site\/mec-critica-base-curricular-e-defende-revisao\/#webpage\",\"url\":\"https:\/\/abrelivros.org.br\/site\/mec-critica-base-curricular-e-defende-revisao\/\",\"name\":\"MEC critica base curricular e defende revis\\u00e3o &raquo; Abrelivros\",\"isPartOf\":{\"@id\":\"https:\/\/abrelivros.org.br\/site\/#website\"},\"datePublished\":\"2021-04-16T15:37:51+00:00\",\"dateModified\":\"2021-04-16T15:37:51+00:00\",\"author\":{\"@id\":\"https:\/\/abrelivros.org.br\/site\/#\/schema\/person\/65db80e26409802ce15ac5feec6a15fd\"},\"breadcrumb\":{\"@id\":\"https:\/\/abrelivros.org.br\/site\/mec-critica-base-curricular-e-defende-revisao\/#breadcrumb\"},\"inLanguage\":\"pt-BR\",\"potentialAction\":[{\"@type\":\"ReadAction\",\"target\":[\"https:\/\/abrelivros.org.br\/site\/mec-critica-base-curricular-e-defende-revisao\/\"]}]},{\"@type\":\"BreadcrumbList\",\"@id\":\"https:\/\/abrelivros.org.br\/site\/mec-critica-base-curricular-e-defende-revisao\/#breadcrumb\",\"itemListElement\":[{\"@type\":\"ListItem\",\"position\":1,\"item\":{\"@type\":\"WebPage\",\"@id\":\"https:\/\/abrelivros.org.br\/site\/\",\"url\":\"https:\/\/abrelivros.org.br\/site\/\",\"name\":\"In\\u00edcio\"}},{\"@type\":\"ListItem\",\"position\":2,\"item\":{\"@type\":\"WebPage\",\"@id\":\"https:\/\/abrelivros.org.br\/site\/category\/noticias\/\",\"url\":\"https:\/\/abrelivros.org.br\/site\/category\/noticias\/\",\"name\":\"Not\\u00edcias\"}},{\"@type\":\"ListItem\",\"position\":3,\"item\":{\"@type\":\"WebPage\",\"@id\":\"https:\/\/abrelivros.org.br\/site\/category\/noticias\/noticias-da-imprensa\/\",\"url\":\"https:\/\/abrelivros.org.br\/site\/category\/noticias\/noticias-da-imprensa\/\",\"name\":\"Not\\u00edcias da imprensa\"}},{\"@type\":\"ListItem\",\"position\":4,\"item\":{\"@type\":\"WebPage\",\"@id\":\"https:\/\/abrelivros.org.br\/site\/mec-critica-base-curricular-e-defende-revisao\/\",\"url\":\"https:\/\/abrelivros.org.br\/site\/mec-critica-base-curricular-e-defende-revisao\/\",\"name\":\"MEC critica base curricular e defende revis\\u00e3o\"}}]},{\"@type\":\"Person\",\"@id\":\"https:\/\/abrelivros.org.br\/site\/#\/schema\/person\/65db80e26409802ce15ac5feec6a15fd\",\"name\":\"Reda\\u00e7\\u00e3o Abrelivros\",\"image\":{\"@type\":\"ImageObject\",\"@id\":\"https:\/\/abrelivros.org.br\/site\/#personlogo\",\"inLanguage\":\"pt-BR\",\"url\":\"https:\/\/secure.gravatar.com\/avatar\/c4e57f9c7e3482965bd428192061218520756c39080b1d1820b679fa5e9af192?s=96&d=mm&r=g\",\"caption\":\"Reda\\u00e7\\u00e3o Abrelivros\"}}]}<\/script>\n<!-- \/ Yoast SEO plugin. -->","_links":{"self":[{"href":"https:\/\/abrelivros.org.br\/site\/wp-json\/wp\/v2\/posts\/13762","targetHints":{"allow":["GET"]}}],"collection":[{"href":"https:\/\/abrelivros.org.br\/site\/wp-json\/wp\/v2\/posts"}],"about":[{"href":"https:\/\/abrelivros.org.br\/site\/wp-json\/wp\/v2\/types\/post"}],"author":[{"embeddable":true,"href":"https:\/\/abrelivros.org.br\/site\/wp-json\/wp\/v2\/users\/4"}],"replies":[{"embeddable":true,"href":"https:\/\/abrelivros.org.br\/site\/wp-json\/wp\/v2\/comments?post=13762"}],"version-history":[{"count":1,"href":"https:\/\/abrelivros.org.br\/site\/wp-json\/wp\/v2\/posts\/13762\/revisions"}],"predecessor-version":[{"id":13763,"href":"https:\/\/abrelivros.org.br\/site\/wp-json\/wp\/v2\/posts\/13762\/revisions\/13763"}],"wp:attachment":[{"href":"https:\/\/abrelivros.org.br\/site\/wp-json\/wp\/v2\/media?parent=13762"}],"wp:term":[{"taxonomy":"category","embeddable":true,"href":"https:\/\/abrelivros.org.br\/site\/wp-json\/wp\/v2\/categories?post=13762"},{"taxonomy":"post_tag","embeddable":true,"href":"https:\/\/abrelivros.org.br\/site\/wp-json\/wp\/v2\/tags?post=13762"}],"curies":[{"name":"wp","href":"https:\/\/api.w.org\/{rel}","templated":true}]}}