{"id":13758,"date":"2021-04-15T15:22:01","date_gmt":"2021-04-15T18:22:01","guid":{"rendered":"https:\/\/abrelivros.org.br\/site\/?p=13758"},"modified":"2021-04-15T15:22:01","modified_gmt":"2021-04-15T18:22:01","slug":"remota-ou-presencial-educacao-precisa-ser-inclusiva","status":"publish","type":"post","link":"https:\/\/abrelivros.org.br\/site\/remota-ou-presencial-educacao-precisa-ser-inclusiva\/","title":{"rendered":"Remota ou presencial, educa\u00e7\u00e3o precisa ser inclusiva"},"content":{"rendered":"<p>Com mais de 350 mil vidas perdidas no pa\u00eds, aus\u00eancia de um efetivo plano nacional de vacina\u00e7\u00e3o e sequelas deixadas por um ano de escolas fechadas, a Educa\u00e7\u00e3o brasileira enfrenta um de seus momentos mais desafiadores: al\u00e9m das dificuldades hist\u00f3ricas em oferecer qualidade para todos, somam-se agora os riscos ampliados pela pandemia, cujos efeitos s\u00e3o ainda mais brutais entre os mais vulner\u00e1veis socialmente.<!--more--><\/p>\n<p>Mais do que nunca, precisamos pensar e debater o rumo das pol\u00edticas educacionais destinadas \u00e0s parcelas de crian\u00e7as e jovens historicamente exclu\u00eddos \u2013 e datas como o dia 14\/04, Dia Nacional de Luta pela Educa\u00e7\u00e3o Inclusiva, ajudam a dar foco nessa discuss\u00e3o t\u00e3o premente. Institu\u00edda em 2004, neste ano a data ganha uma import\u00e2ncia ainda maior: cobrar e defender a inclus\u00e3o de alunos com defici\u00eancia nas solu\u00e7\u00f5es para o ensino remoto \u00e9 imprescind\u00edvel para que n\u00e3o deixemos ningu\u00e9m para tr\u00e1s. Nesse sentido, mapear e disponibilizar experi\u00eancias exitosas pode representar uma relevante contribui\u00e7\u00e3o para que cada rede de ensino construa sua pr\u00f3pria estrat\u00e9gia, a partir de suas particularidades regionais. No ano passado, por exemplo, o Instituto Rodrigo Mendes (IRM) produziu <a href=\"https:\/\/institutorodrigomendes.org.br\/wp-content\/uploads\/2020\/07\/protocolos-educacao-inclusiva-durante-pandemia.pdf\" target=\"_blank\" rel=\"noopener noreferrer\">uma pesquisa sobre protocolos relacionados \u00e0 Educa\u00e7\u00e3o Inclusiva durante a pandemia<\/a> adotados por 23 pa\u00edses que retomaram as aulas presenciais no primeiro semestre de 2020. Em novembro, criou em seu portal DIVERSA a <a href=\"https:\/\/institutorodrigomendes.org.br\/segundo-ciclo-educacao-inclusiva-durante-a-pandemia\/\" target=\"_blank\" rel=\"noopener noreferrer\">se\u00e7\u00e3o \u201cEduca\u00e7\u00e3o inclusiva na pandemi<\/a><br \/>\na\u201d, divulgando pr\u00e1ticas pedag\u00f3gicas decorrentes da busca por equidade no per\u00edodo do isolamento social e, agora, da ado\u00e7\u00e3o de um modelo h\u00edbrido de ensino.<\/p>\n<p>O mesmo compromisso com a inclus\u00e3o vale para a retomada segura das aulas presenciais, quando for poss\u00edvel. Em meados do ano passado, no auge da discuss\u00e3o dos protocolos para a reabertura das escolas, um trecho do parecer do Conselho Nacional de Educa\u00e7\u00e3o (CNE) sobre volta \u00e0s aulas permitia uma interpreta\u00e7\u00e3o discriminat\u00f3ria: abria-se a possibilidade de manter o ensino remoto para estudantes com defici\u00eancia, enquanto os demais retornariam \u00e0s aulas presenciais. A partir da defici\u00eancia, presumia-se a comorbidade. Ap\u00f3s alerta e press\u00e3o de diversas entidades da sociedade civil, incluindo o Instituto Rodrigo Mendes, e do Minist\u00e9rio P\u00fablico Federal, <a href=\"https:\/\/www.apufsc.org.br\/2020\/07\/28\/cne-muda-parecer-de-volta-as-aulas-e-exclui-discriminacao-com-alunos-com-deficiencia\/\" target=\"_blank\" rel=\"noopener noreferrer\">o CNE mudou o parecer<\/a>.<\/p>\n<p>Quando houver possibilidade de retorno, ele deve ser seguro para todos, sem exce\u00e7\u00e3o. Pois, assim como os demais, os estudantes com defici\u00eancia t\u00eam sofrido os impactos negativos da prolongada suspens\u00e3o das aulas presenciais, muitas vezes em maior intensidade devido \u00e0 falta de acessibilidade das aulas e materiais did\u00e1ticos no modelo remoto. Para todos os alunos, independentemente de suas especificidades, a escola presencial propicia experi\u00eancias insubstitu\u00edveis. A intera\u00e7\u00e3o com as diferen\u00e7as humanas \u00e9 um fator que enriquece sobremaneira seu processo de desenvolvimento.<\/p>\n<p>Essa \u00e9 uma das raz\u00f5es para questionarmos a prioridade dada pelo Governo Federal para a ado\u00e7\u00e3o da Educa\u00e7\u00e3o Domiciliar (ou homeschooling) \u2013 modelo em que crian\u00e7as e jovens s\u00e3o educados em casa, por suas fam\u00edlias, e n\u00e3o em escolas. O Governo a incluiu como \u00fanica tem\u00e1tica na agenda priorit\u00e1ria de 2021, mesmo ante a todas as urg\u00eancias da Educa\u00e7\u00e3o B\u00e1sica na pandemia e o aumento das desigualdades educacionais, conforme alertou <a href=\"https:\/\/todospelaeducacao.org.br\/noticias\/homeschooling-um-debate-fora-de-tempo\/\" target=\"_blank\" rel=\"noopener noreferrer\">posicionamento do Todos Pela Educa\u00e7\u00e3o<\/a>.<\/p>\n<p>Fazemos aqui um chamamento aos gestores p\u00fablicos e legisladores para a necessidade e a responsabilidade de prover valores e a\u00e7\u00f5es de inclus\u00e3o na Educa\u00e7\u00e3o B\u00e1sica p\u00fablica que enderecem as demandas desse momento emergencial. Isso significa investir em infraestrutura adequada, forma\u00e7\u00e3o continuada de educadores e gestores, recursos pedag\u00f3gicos acess\u00edveis e servi\u00e7os de apoio, de modo a garantirmos que todos exer\u00e7am seu direito \u00e0 aprendizagem. A cultura da inclus\u00e3o ajudar\u00e1 o Brasil a livrar-se <a href=\"https:\/\/todospelaeducacao.org.br\/noticias\/os-mitos-que-afastam-o-brasil-de-ter-uma-escola-inclusiva-e-melhor-para-todos\/\" target=\"_blank\" rel=\"noopener noreferrer\">de mitos eternizados sobre a presen\u00e7a da pessoa com defici\u00eancia nas escolas<\/a>. Super\u00e1-los faz parte da jornada necess\u00e1ria para que nosso pa\u00eds ofere\u00e7a a seus estudantes uma Educa\u00e7\u00e3o de qualidade e, de fato, emancipadora.<\/p>\n","protected":false},"excerpt":{"rendered":"<p>Com mais de 350 mil vidas perdidas no pa\u00eds, aus\u00eancia de um efetivo plano nacional de vacina\u00e7\u00e3o e sequelas deixadas por um ano de escolas fechadas, a Educa\u00e7\u00e3o brasileira enfrenta um de seus momentos mais desafiadores: al\u00e9m das dificuldades hist\u00f3ricas em oferecer qualidade para todos, somam-se agora os riscos ampliados pela pandemia, cujos efeitos s\u00e3o [&hellip;]<\/p>\n","protected":false},"author":4,"featured_media":0,"comment_status":"closed","ping_status":"closed","sticky":false,"template":"","format":"standard","meta":{"footnotes":"","_links_to":"","_links_to_target":""},"categories":[9],"tags":[],"class_list":["post-13758","post","type-post","status-publish","format-standard","hentry","category-noticias-da-imprensa"],"yoast_head":"<!-- This site is optimized with the Yoast SEO plugin v15.1 - https:\/\/yoast.com\/wordpress\/plugins\/seo\/ -->\n<title>Remota ou presencial, educa\u00e7\u00e3o precisa ser inclusiva &raquo; Abrelivros<\/title>\n<meta name=\"robots\" content=\"index, follow, max-snippet:-1, max-image-preview:large, max-video-preview:-1\" \/>\n<link rel=\"canonical\" href=\"https:\/\/abrelivros.org.br\/site\/remota-ou-presencial-educacao-precisa-ser-inclusiva\/\" \/>\n<meta property=\"og:locale\" content=\"pt_BR\" \/>\n<meta property=\"og:type\" content=\"article\" \/>\n<meta property=\"og:title\" content=\"Remota ou presencial, educa\u00e7\u00e3o precisa ser inclusiva &raquo; Abrelivros\" \/>\n<meta property=\"og:description\" content=\"Com mais de 350 mil vidas perdidas no pa\u00eds, aus\u00eancia de um efetivo plano nacional de vacina\u00e7\u00e3o e sequelas deixadas por um ano de escolas fechadas, a Educa\u00e7\u00e3o brasileira enfrenta um de seus momentos mais desafiadores: al\u00e9m das dificuldades hist\u00f3ricas em oferecer qualidade para todos, somam-se agora os riscos ampliados pela pandemia, cujos efeitos s\u00e3o [&hellip;]\" \/>\n<meta property=\"og:url\" content=\"https:\/\/abrelivros.org.br\/site\/remota-ou-presencial-educacao-precisa-ser-inclusiva\/\" \/>\n<meta property=\"og:site_name\" content=\"Abrelivros\" \/>\n<meta property=\"article:published_time\" content=\"2021-04-15T18:22:01+00:00\" \/>\n<meta name=\"twitter:card\" content=\"summary_large_image\" \/>\n<script type=\"application\/ld+json\" class=\"yoast-schema-graph\">{\"@context\":\"https:\/\/schema.org\",\"@graph\":[{\"@type\":\"WebSite\",\"@id\":\"https:\/\/abrelivros.org.br\/site\/#website\",\"url\":\"https:\/\/abrelivros.org.br\/site\/\",\"name\":\"Abrelivros\",\"description\":\"\",\"potentialAction\":[{\"@type\":\"SearchAction\",\"target\":\"https:\/\/abrelivros.org.br\/site\/?s={search_term_string}\",\"query-input\":\"required name=search_term_string\"}],\"inLanguage\":\"pt-BR\"},{\"@type\":\"WebPage\",\"@id\":\"https:\/\/abrelivros.org.br\/site\/remota-ou-presencial-educacao-precisa-ser-inclusiva\/#webpage\",\"url\":\"https:\/\/abrelivros.org.br\/site\/remota-ou-presencial-educacao-precisa-ser-inclusiva\/\",\"name\":\"Remota ou presencial, educa\\u00e7\\u00e3o precisa ser inclusiva &raquo; Abrelivros\",\"isPartOf\":{\"@id\":\"https:\/\/abrelivros.org.br\/site\/#website\"},\"datePublished\":\"2021-04-15T18:22:01+00:00\",\"dateModified\":\"2021-04-15T18:22:01+00:00\",\"author\":{\"@id\":\"https:\/\/abrelivros.org.br\/site\/#\/schema\/person\/65db80e26409802ce15ac5feec6a15fd\"},\"breadcrumb\":{\"@id\":\"https:\/\/abrelivros.org.br\/site\/remota-ou-presencial-educacao-precisa-ser-inclusiva\/#breadcrumb\"},\"inLanguage\":\"pt-BR\",\"potentialAction\":[{\"@type\":\"ReadAction\",\"target\":[\"https:\/\/abrelivros.org.br\/site\/remota-ou-presencial-educacao-precisa-ser-inclusiva\/\"]}]},{\"@type\":\"BreadcrumbList\",\"@id\":\"https:\/\/abrelivros.org.br\/site\/remota-ou-presencial-educacao-precisa-ser-inclusiva\/#breadcrumb\",\"itemListElement\":[{\"@type\":\"ListItem\",\"position\":1,\"item\":{\"@type\":\"WebPage\",\"@id\":\"https:\/\/abrelivros.org.br\/site\/\",\"url\":\"https:\/\/abrelivros.org.br\/site\/\",\"name\":\"In\\u00edcio\"}},{\"@type\":\"ListItem\",\"position\":2,\"item\":{\"@type\":\"WebPage\",\"@id\":\"https:\/\/abrelivros.org.br\/site\/category\/noticias\/\",\"url\":\"https:\/\/abrelivros.org.br\/site\/category\/noticias\/\",\"name\":\"Not\\u00edcias\"}},{\"@type\":\"ListItem\",\"position\":3,\"item\":{\"@type\":\"WebPage\",\"@id\":\"https:\/\/abrelivros.org.br\/site\/category\/noticias\/noticias-da-imprensa\/\",\"url\":\"https:\/\/abrelivros.org.br\/site\/category\/noticias\/noticias-da-imprensa\/\",\"name\":\"Not\\u00edcias da imprensa\"}},{\"@type\":\"ListItem\",\"position\":4,\"item\":{\"@type\":\"WebPage\",\"@id\":\"https:\/\/abrelivros.org.br\/site\/remota-ou-presencial-educacao-precisa-ser-inclusiva\/\",\"url\":\"https:\/\/abrelivros.org.br\/site\/remota-ou-presencial-educacao-precisa-ser-inclusiva\/\",\"name\":\"Remota ou presencial, educa\\u00e7\\u00e3o precisa ser inclusiva\"}}]},{\"@type\":\"Person\",\"@id\":\"https:\/\/abrelivros.org.br\/site\/#\/schema\/person\/65db80e26409802ce15ac5feec6a15fd\",\"name\":\"Reda\\u00e7\\u00e3o Abrelivros\",\"image\":{\"@type\":\"ImageObject\",\"@id\":\"https:\/\/abrelivros.org.br\/site\/#personlogo\",\"inLanguage\":\"pt-BR\",\"url\":\"https:\/\/secure.gravatar.com\/avatar\/c4e57f9c7e3482965bd428192061218520756c39080b1d1820b679fa5e9af192?s=96&d=mm&r=g\",\"caption\":\"Reda\\u00e7\\u00e3o Abrelivros\"}}]}<\/script>\n<!-- \/ Yoast SEO plugin. -->","_links":{"self":[{"href":"https:\/\/abrelivros.org.br\/site\/wp-json\/wp\/v2\/posts\/13758","targetHints":{"allow":["GET"]}}],"collection":[{"href":"https:\/\/abrelivros.org.br\/site\/wp-json\/wp\/v2\/posts"}],"about":[{"href":"https:\/\/abrelivros.org.br\/site\/wp-json\/wp\/v2\/types\/post"}],"author":[{"embeddable":true,"href":"https:\/\/abrelivros.org.br\/site\/wp-json\/wp\/v2\/users\/4"}],"replies":[{"embeddable":true,"href":"https:\/\/abrelivros.org.br\/site\/wp-json\/wp\/v2\/comments?post=13758"}],"version-history":[{"count":1,"href":"https:\/\/abrelivros.org.br\/site\/wp-json\/wp\/v2\/posts\/13758\/revisions"}],"predecessor-version":[{"id":13759,"href":"https:\/\/abrelivros.org.br\/site\/wp-json\/wp\/v2\/posts\/13758\/revisions\/13759"}],"wp:attachment":[{"href":"https:\/\/abrelivros.org.br\/site\/wp-json\/wp\/v2\/media?parent=13758"}],"wp:term":[{"taxonomy":"category","embeddable":true,"href":"https:\/\/abrelivros.org.br\/site\/wp-json\/wp\/v2\/categories?post=13758"},{"taxonomy":"post_tag","embeddable":true,"href":"https:\/\/abrelivros.org.br\/site\/wp-json\/wp\/v2\/tags?post=13758"}],"curies":[{"name":"wp","href":"https:\/\/api.w.org\/{rel}","templated":true}]}}