{"id":13752,"date":"2021-04-15T15:40:16","date_gmt":"2021-04-15T18:40:16","guid":{"rendered":"https:\/\/abrelivros.org.br\/site\/?p=13752"},"modified":"2021-04-15T15:43:25","modified_gmt":"2021-04-15T18:43:25","slug":"comemorando-30-anos-de-abrelivros","status":"publish","type":"post","link":"https:\/\/abrelivros.org.br\/site\/comemorando-30-anos-de-abrelivros\/","title":{"rendered":"Comemorando 30 anos de Abrelivros"},"content":{"rendered":"<p>Hoje comemoramos 30 anos e estamos especialmente orgulhosos da nossa trajet\u00f3ria. Em virtude da maior crise sanit\u00e1ria dos \u00faltimos tempos, n\u00e3o poderemos nos reunir para celebrar. Contudo, o distanciamento n\u00e3o nos impede de comemorar e compartilhar mem\u00f3rias com quem, literalmente, como voc\u00ea, nos ajuda a escrever essa hist\u00f3ria de sucesso.<!--more--><\/p>\n<p>Quando a Abrelivros foi criada, em 1991, contava com 10 associados e atualmente s\u00e3o 26 empresas. Na \u00e9poca da funda\u00e7\u00e3o, entre os nossos objetivos estava o de colaborar para o desenvolvimento educacional e cultural do pa\u00eds, inclusive mediante a apresenta\u00e7\u00e3o, aos \u00f3rg\u00e3os e autoridades governamentais dessas \u00e1reas, de estudos, sugest\u00f5es, planos e projetos.<\/p>\n<p>L\u00e1 se v\u00e3o tr\u00eas d\u00e9cadas e podemos afirmar que cumprimos nosso objetivo. Contribu\u00edmos ativamente para a implementa\u00e7\u00e3o de importantes marcos educacionais do pa\u00eds como os Par\u00e2metros Curriculares Nacionais, as Diretrizes Curriculares Nacionais, a Base Nacional Comum Curricular, a Reforma Ortogr\u00e1fica, entre outros.<\/p>\n<p>Em 1996, com a avalia\u00e7\u00e3o estruturada das obras, come\u00e7ou a ser efetivado, nos moldes em que hoje o conhecemos, o Programa Nacional do Livro Did\u00e1tico (PNLD), que se tornaria uma das maiores iniciativas educacionais do mundo, com o Governo Federal se encarregando de adquirir os materiais did\u00e1ticos para os alunos de escolas p\u00fablicas de todo o Brasil. Cabe lembrar que em 2019 quase a metade da produ\u00e7\u00e3o do setor livreiro foi de livros did\u00e1ticos. E al\u00e9m destes, h\u00e1 livros de tem\u00e1ticas de contribui\u00e7\u00e3o ineg\u00e1vel para forma\u00e7\u00e3o educacional, como literatura e livros de n\u00e3o fic\u00e7\u00e3o.<\/p>\n<p>Para atender as mudan\u00e7as estruturais na educa\u00e7\u00e3o e as maiores exig\u00eancias para os materiais did\u00e1ticos, o Brasil conta com uma ind\u00fastria editorial \u00e0 altura dos desafios. Ao longo dos anos, as editoras associadas \u00e0 Abrelivros incorporaram os avan\u00e7os tecnol\u00f3gicos no processo de produ\u00e7\u00e3o de conte\u00fado impresso e digital. E, por isso alteramos nossa raz\u00e3o social de Associa\u00e7\u00e3o Brasileira de Editores de Livros Escolares para Associa\u00e7\u00e3o Brasileira de Editores e Produtores de Conte\u00fado e Tecnologia Educacional.<\/p>\n<p>Em 2019 foram comercializados quase 222 milh\u00f5es de livros did\u00e1ticos. Todos produzidos no Brasil por essa ind\u00fastria que re\u00fane equipes altamente qualificadas e, que al\u00e9m dos autores, incluem profissionais como pedagogos, professores, editores, revisores, diagramadores, especialistas em tecnologia da educa\u00e7\u00e3o e em iconografia.<\/p>\n<p>Olhar o passado \u00e9 tamb\u00e9m uma oportunidade de projetar o futuro que queremos. E \u00e9 certo que a Abrelivros seguir\u00e1 participando de importantes discuss\u00f5es sobre o livro e a educa\u00e7\u00e3o, tais como o papel do livro did\u00e1tico de transi\u00e7\u00e3o para implementa\u00e7\u00e3o do novo ensino m\u00e9dio e a reforma tribut\u00e1ria do governo que poder\u00e1 levar ao fim da isen\u00e7\u00e3o do tributo sobre livros. No final de 2020, por exemplo, assinamos com a C\u00e2mara Brasileira do Livro (CBL) e o Sindicato Nacional dos Editores de Livros (SNEL) um manifesto em defesa da preserva\u00e7\u00e3o da imunidade tribut\u00e1ria do livro, iniciando um movimento que estimulou um abaixo assinado em apoio com mais de 1 milh\u00e3o de assinaturas. Livro n\u00e3o \u00e9 apenas mais um produto, \u00e9 educa\u00e7\u00e3o, cultura, transforma\u00e7\u00e3o pessoal e social. Esperamos que venham mais 30 anos de engajamento e conquistas.<\/p>\n<p>Aproveito esse e-mail para tamb\u00e9m convid\u00e1-los para o debate online \u201cOs novos desafios do professor na sala de aula\u201d, no pr\u00f3ximo dia 29 de abril, das 10h15 \u00e0s 12h00, na Plataforma da Unibes Cultural. Em breve divulgaremos mais informa\u00e7\u00f5es.<\/p>\n<p><img decoding=\"async\" class=\"alignnone size-medium wp-image-13753\" src=\"https:\/\/abrelivros.org.br\/site\/wp-content\/uploads\/2021\/04\/Assinatura-Angelo-Xavier-300x97.jpg\" alt=\"\" width=\"300\" height=\"97\" \/><br \/>\nPresidente da Associa\u00e7\u00e3o Brasileira de Editores e Produtores de Conte\u00fado e Tecnologia Educacional (Abrelivros)<\/p>\n","protected":false},"excerpt":{"rendered":"<p>Hoje comemoramos 30 anos e estamos especialmente orgulhosos da nossa trajet\u00f3ria. Em virtude da maior crise sanit\u00e1ria dos \u00faltimos tempos, n\u00e3o poderemos nos reunir para celebrar. Contudo, o distanciamento n\u00e3o nos impede de comemorar e compartilhar mem\u00f3rias com quem, literalmente, como voc\u00ea, nos ajuda a escrever essa hist\u00f3ria de sucesso.<\/p>\n","protected":false},"author":4,"featured_media":0,"comment_status":"closed","ping_status":"closed","sticky":false,"template":"","format":"standard","meta":{"footnotes":"","_links_to":"","_links_to_target":""},"categories":[9],"tags":[],"class_list":["post-13752","post","type-post","status-publish","format-standard","hentry","category-noticias-da-imprensa"],"yoast_head":"<!-- This site is optimized with the Yoast SEO plugin v15.1 - https:\/\/yoast.com\/wordpress\/plugins\/seo\/ -->\n<title>Comemorando 30 anos de Abrelivros &raquo; Abrelivros<\/title>\n<meta name=\"robots\" content=\"index, follow, max-snippet:-1, max-image-preview:large, max-video-preview:-1\" \/>\n<link rel=\"canonical\" href=\"https:\/\/abrelivros.org.br\/site\/comemorando-30-anos-de-abrelivros\/\" \/>\n<meta property=\"og:locale\" content=\"pt_BR\" \/>\n<meta property=\"og:type\" content=\"article\" \/>\n<meta property=\"og:title\" content=\"Comemorando 30 anos de Abrelivros &raquo; Abrelivros\" \/>\n<meta property=\"og:description\" content=\"Hoje comemoramos 30 anos e estamos especialmente orgulhosos da nossa trajet\u00f3ria. Em virtude da maior crise sanit\u00e1ria dos \u00faltimos tempos, n\u00e3o poderemos nos reunir para celebrar. Contudo, o distanciamento n\u00e3o nos impede de comemorar e compartilhar mem\u00f3rias com quem, literalmente, como voc\u00ea, nos ajuda a escrever essa hist\u00f3ria de sucesso.\" \/>\n<meta property=\"og:url\" content=\"https:\/\/abrelivros.org.br\/site\/comemorando-30-anos-de-abrelivros\/\" \/>\n<meta property=\"og:site_name\" content=\"Abrelivros\" \/>\n<meta property=\"article:published_time\" content=\"2021-04-15T18:40:16+00:00\" \/>\n<meta property=\"article:modified_time\" content=\"2021-04-15T18:43:25+00:00\" \/>\n<meta property=\"og:image\" content=\"https:\/\/abrelivros.org.br\/site\/wp-content\/uploads\/2021\/04\/Assinatura-Angelo-Xavier-300x97.jpg\" \/>\n<meta name=\"twitter:card\" content=\"summary_large_image\" \/>\n<script type=\"application\/ld+json\" class=\"yoast-schema-graph\">{\"@context\":\"https:\/\/schema.org\",\"@graph\":[{\"@type\":\"WebSite\",\"@id\":\"https:\/\/abrelivros.org.br\/site\/#website\",\"url\":\"https:\/\/abrelivros.org.br\/site\/\",\"name\":\"Abrelivros\",\"description\":\"\",\"potentialAction\":[{\"@type\":\"SearchAction\",\"target\":\"https:\/\/abrelivros.org.br\/site\/?s={search_term_string}\",\"query-input\":\"required name=search_term_string\"}],\"inLanguage\":\"pt-BR\"},{\"@type\":\"ImageObject\",\"@id\":\"https:\/\/abrelivros.org.br\/site\/comemorando-30-anos-de-abrelivros\/#primaryimage\",\"inLanguage\":\"pt-BR\",\"url\":\"https:\/\/abrelivros.org.br\/site\/wp-content\/uploads\/2021\/04\/Assinatura-Angelo-Xavier-300x97.jpg\"},{\"@type\":\"WebPage\",\"@id\":\"https:\/\/abrelivros.org.br\/site\/comemorando-30-anos-de-abrelivros\/#webpage\",\"url\":\"https:\/\/abrelivros.org.br\/site\/comemorando-30-anos-de-abrelivros\/\",\"name\":\"Comemorando 30 anos de Abrelivros &raquo; Abrelivros\",\"isPartOf\":{\"@id\":\"https:\/\/abrelivros.org.br\/site\/#website\"},\"primaryImageOfPage\":{\"@id\":\"https:\/\/abrelivros.org.br\/site\/comemorando-30-anos-de-abrelivros\/#primaryimage\"},\"datePublished\":\"2021-04-15T18:40:16+00:00\",\"dateModified\":\"2021-04-15T18:43:25+00:00\",\"author\":{\"@id\":\"https:\/\/abrelivros.org.br\/site\/#\/schema\/person\/65db80e26409802ce15ac5feec6a15fd\"},\"breadcrumb\":{\"@id\":\"https:\/\/abrelivros.org.br\/site\/comemorando-30-anos-de-abrelivros\/#breadcrumb\"},\"inLanguage\":\"pt-BR\",\"potentialAction\":[{\"@type\":\"ReadAction\",\"target\":[\"https:\/\/abrelivros.org.br\/site\/comemorando-30-anos-de-abrelivros\/\"]}]},{\"@type\":\"BreadcrumbList\",\"@id\":\"https:\/\/abrelivros.org.br\/site\/comemorando-30-anos-de-abrelivros\/#breadcrumb\",\"itemListElement\":[{\"@type\":\"ListItem\",\"position\":1,\"item\":{\"@type\":\"WebPage\",\"@id\":\"https:\/\/abrelivros.org.br\/site\/\",\"url\":\"https:\/\/abrelivros.org.br\/site\/\",\"name\":\"In\\u00edcio\"}},{\"@type\":\"ListItem\",\"position\":2,\"item\":{\"@type\":\"WebPage\",\"@id\":\"https:\/\/abrelivros.org.br\/site\/category\/noticias\/\",\"url\":\"https:\/\/abrelivros.org.br\/site\/category\/noticias\/\",\"name\":\"Not\\u00edcias\"}},{\"@type\":\"ListItem\",\"position\":3,\"item\":{\"@type\":\"WebPage\",\"@id\":\"https:\/\/abrelivros.org.br\/site\/category\/noticias\/noticias-da-imprensa\/\",\"url\":\"https:\/\/abrelivros.org.br\/site\/category\/noticias\/noticias-da-imprensa\/\",\"name\":\"Not\\u00edcias da imprensa\"}},{\"@type\":\"ListItem\",\"position\":4,\"item\":{\"@type\":\"WebPage\",\"@id\":\"https:\/\/abrelivros.org.br\/site\/comemorando-30-anos-de-abrelivros\/\",\"url\":\"https:\/\/abrelivros.org.br\/site\/comemorando-30-anos-de-abrelivros\/\",\"name\":\"Comemorando 30 anos de Abrelivros\"}}]},{\"@type\":\"Person\",\"@id\":\"https:\/\/abrelivros.org.br\/site\/#\/schema\/person\/65db80e26409802ce15ac5feec6a15fd\",\"name\":\"Reda\\u00e7\\u00e3o Abrelivros\",\"image\":{\"@type\":\"ImageObject\",\"@id\":\"https:\/\/abrelivros.org.br\/site\/#personlogo\",\"inLanguage\":\"pt-BR\",\"url\":\"https:\/\/secure.gravatar.com\/avatar\/c4e57f9c7e3482965bd428192061218520756c39080b1d1820b679fa5e9af192?s=96&d=mm&r=g\",\"caption\":\"Reda\\u00e7\\u00e3o Abrelivros\"}}]}<\/script>\n<!-- \/ Yoast SEO plugin. -->","_links":{"self":[{"href":"https:\/\/abrelivros.org.br\/site\/wp-json\/wp\/v2\/posts\/13752","targetHints":{"allow":["GET"]}}],"collection":[{"href":"https:\/\/abrelivros.org.br\/site\/wp-json\/wp\/v2\/posts"}],"about":[{"href":"https:\/\/abrelivros.org.br\/site\/wp-json\/wp\/v2\/types\/post"}],"author":[{"embeddable":true,"href":"https:\/\/abrelivros.org.br\/site\/wp-json\/wp\/v2\/users\/4"}],"replies":[{"embeddable":true,"href":"https:\/\/abrelivros.org.br\/site\/wp-json\/wp\/v2\/comments?post=13752"}],"version-history":[{"count":1,"href":"https:\/\/abrelivros.org.br\/site\/wp-json\/wp\/v2\/posts\/13752\/revisions"}],"predecessor-version":[{"id":13754,"href":"https:\/\/abrelivros.org.br\/site\/wp-json\/wp\/v2\/posts\/13752\/revisions\/13754"}],"wp:attachment":[{"href":"https:\/\/abrelivros.org.br\/site\/wp-json\/wp\/v2\/media?parent=13752"}],"wp:term":[{"taxonomy":"category","embeddable":true,"href":"https:\/\/abrelivros.org.br\/site\/wp-json\/wp\/v2\/categories?post=13752"},{"taxonomy":"post_tag","embeddable":true,"href":"https:\/\/abrelivros.org.br\/site\/wp-json\/wp\/v2\/tags?post=13752"}],"curies":[{"name":"wp","href":"https:\/\/api.w.org\/{rel}","templated":true}]}}