{"id":13748,"date":"2021-04-14T14:26:16","date_gmt":"2021-04-14T17:26:16","guid":{"rendered":"https:\/\/abrelivros.org.br\/site\/?p=13748"},"modified":"2021-04-14T14:26:16","modified_gmt":"2021-04-14T17:26:16","slug":"duvidas-sobre-a-tributacao-do-livro-participe-ao-vivo-da-gravacao-do-podcast-do-pn-nessa-semana","status":"publish","type":"post","link":"https:\/\/abrelivros.org.br\/site\/duvidas-sobre-a-tributacao-do-livro-participe-ao-vivo-da-gravacao-do-podcast-do-pn-nessa-semana\/","title":{"rendered":"D\u00favidas sobre a tributa\u00e7\u00e3o do livro? Participe ao vivo da grava\u00e7\u00e3o do Podcast do PN nessa semana"},"content":{"rendered":"<p>Programa receber\u00e1 a economista Mariana Bueno e o tributarista Hugo Segundo que v\u00e3o falar sobre o impacto da reforma tribut\u00e1ria no mercado do livro. Grava\u00e7\u00e3o ser\u00e1 transmitida ao vivo, abrindo-se para a participa\u00e7\u00e3o do p\u00fablico.<!--more--><br \/>\nUm dos grandes assuntos do momento \u00e9 a poss\u00edvel tributa\u00e7\u00e3o do livro. O tema foi reacendido depois que a Receita Federal publicou um documento com perguntas e respostas a respeito da Contribui\u00e7\u00e3o sobre Bens e Servi\u00e7os (CBS), um dos principais t\u00f3picos da reforma tribut\u00e1ria apresentada pelo governo ao Congresso Nacional. No documento, a <a href=\"https:\/\/www.publishnews.com.br\/materias\/2021\/04\/07\/receita-repete-argumento-de-que-livro-e-produto-das-elites-para-justificar-incidencia-de-cbs\" target=\"_blank\" rel=\"noopener noreferrer\">Receita repete o argumento de que o livro \u00e9 um produto das elites para justificar a tributa\u00e7\u00e3o<\/a>. Esse ser\u00e1 o tema do Podcast do PublishNews que vai ao ar na pr\u00f3xima segunda-feira (19), com a participa\u00e7\u00e3o da economista Mariana Bueno e do tributarista Hugo Segundo. E, pela primeira vez, a grava\u00e7\u00e3o do Podcast ser\u00e1 transmitida ao vivo pela p\u00e1gina do PN no <a href=\"https:\/\/www.facebook.com\/publishnews\" target=\"_blank\" rel=\"noopener noreferrer\">Facebook<\/a>. \u00c9 a chance de os ouvintes e assinantes do PN participarem do programa, enviando perguntas e d\u00favidas. A grava\u00e7\u00e3o acontece nesta quinta-feira (15), \u00e0s 16h30.<\/p>\n","protected":false},"excerpt":{"rendered":"<p>Programa receber\u00e1 a economista Mariana Bueno e o tributarista Hugo Segundo que v\u00e3o falar sobre o impacto da reforma tribut\u00e1ria no mercado do livro. Grava\u00e7\u00e3o ser\u00e1 transmitida ao vivo, abrindo-se para a participa\u00e7\u00e3o do p\u00fablico.<\/p>\n","protected":false},"author":4,"featured_media":0,"comment_status":"closed","ping_status":"closed","sticky":false,"template":"","format":"standard","meta":{"footnotes":"","_links_to":"","_links_to_target":""},"categories":[9],"tags":[],"class_list":["post-13748","post","type-post","status-publish","format-standard","hentry","category-noticias-da-imprensa"],"yoast_head":"<!-- This site is optimized with the Yoast SEO plugin v15.1 - https:\/\/yoast.com\/wordpress\/plugins\/seo\/ -->\n<title>D\u00favidas sobre a tributa\u00e7\u00e3o do livro? Participe ao vivo da grava\u00e7\u00e3o do Podcast do PN nessa semana &raquo; Abrelivros<\/title>\n<meta name=\"robots\" content=\"index, follow, max-snippet:-1, max-image-preview:large, max-video-preview:-1\" \/>\n<link rel=\"canonical\" href=\"https:\/\/abrelivros.org.br\/site\/duvidas-sobre-a-tributacao-do-livro-participe-ao-vivo-da-gravacao-do-podcast-do-pn-nessa-semana\/\" \/>\n<meta property=\"og:locale\" content=\"pt_BR\" \/>\n<meta property=\"og:type\" content=\"article\" \/>\n<meta property=\"og:title\" content=\"D\u00favidas sobre a tributa\u00e7\u00e3o do livro? Participe ao vivo da grava\u00e7\u00e3o do Podcast do PN nessa semana &raquo; Abrelivros\" \/>\n<meta property=\"og:description\" content=\"Programa receber\u00e1 a economista Mariana Bueno e o tributarista Hugo Segundo que v\u00e3o falar sobre o impacto da reforma tribut\u00e1ria no mercado do livro. Grava\u00e7\u00e3o ser\u00e1 transmitida ao vivo, abrindo-se para a participa\u00e7\u00e3o do p\u00fablico.\" \/>\n<meta property=\"og:url\" content=\"https:\/\/abrelivros.org.br\/site\/duvidas-sobre-a-tributacao-do-livro-participe-ao-vivo-da-gravacao-do-podcast-do-pn-nessa-semana\/\" \/>\n<meta property=\"og:site_name\" content=\"Abrelivros\" \/>\n<meta property=\"article:published_time\" content=\"2021-04-14T17:26:16+00:00\" \/>\n<meta name=\"twitter:card\" content=\"summary_large_image\" \/>\n<script type=\"application\/ld+json\" class=\"yoast-schema-graph\">{\"@context\":\"https:\/\/schema.org\",\"@graph\":[{\"@type\":\"WebSite\",\"@id\":\"https:\/\/abrelivros.org.br\/site\/#website\",\"url\":\"https:\/\/abrelivros.org.br\/site\/\",\"name\":\"Abrelivros\",\"description\":\"\",\"potentialAction\":[{\"@type\":\"SearchAction\",\"target\":\"https:\/\/abrelivros.org.br\/site\/?s={search_term_string}\",\"query-input\":\"required name=search_term_string\"}],\"inLanguage\":\"pt-BR\"},{\"@type\":\"WebPage\",\"@id\":\"https:\/\/abrelivros.org.br\/site\/duvidas-sobre-a-tributacao-do-livro-participe-ao-vivo-da-gravacao-do-podcast-do-pn-nessa-semana\/#webpage\",\"url\":\"https:\/\/abrelivros.org.br\/site\/duvidas-sobre-a-tributacao-do-livro-participe-ao-vivo-da-gravacao-do-podcast-do-pn-nessa-semana\/\",\"name\":\"D\\u00favidas sobre a tributa\\u00e7\\u00e3o do livro? Participe ao vivo da grava\\u00e7\\u00e3o do Podcast do PN nessa semana &raquo; Abrelivros\",\"isPartOf\":{\"@id\":\"https:\/\/abrelivros.org.br\/site\/#website\"},\"datePublished\":\"2021-04-14T17:26:16+00:00\",\"dateModified\":\"2021-04-14T17:26:16+00:00\",\"author\":{\"@id\":\"https:\/\/abrelivros.org.br\/site\/#\/schema\/person\/65db80e26409802ce15ac5feec6a15fd\"},\"breadcrumb\":{\"@id\":\"https:\/\/abrelivros.org.br\/site\/duvidas-sobre-a-tributacao-do-livro-participe-ao-vivo-da-gravacao-do-podcast-do-pn-nessa-semana\/#breadcrumb\"},\"inLanguage\":\"pt-BR\",\"potentialAction\":[{\"@type\":\"ReadAction\",\"target\":[\"https:\/\/abrelivros.org.br\/site\/duvidas-sobre-a-tributacao-do-livro-participe-ao-vivo-da-gravacao-do-podcast-do-pn-nessa-semana\/\"]}]},{\"@type\":\"BreadcrumbList\",\"@id\":\"https:\/\/abrelivros.org.br\/site\/duvidas-sobre-a-tributacao-do-livro-participe-ao-vivo-da-gravacao-do-podcast-do-pn-nessa-semana\/#breadcrumb\",\"itemListElement\":[{\"@type\":\"ListItem\",\"position\":1,\"item\":{\"@type\":\"WebPage\",\"@id\":\"https:\/\/abrelivros.org.br\/site\/\",\"url\":\"https:\/\/abrelivros.org.br\/site\/\",\"name\":\"In\\u00edcio\"}},{\"@type\":\"ListItem\",\"position\":2,\"item\":{\"@type\":\"WebPage\",\"@id\":\"https:\/\/abrelivros.org.br\/site\/category\/noticias\/\",\"url\":\"https:\/\/abrelivros.org.br\/site\/category\/noticias\/\",\"name\":\"Not\\u00edcias\"}},{\"@type\":\"ListItem\",\"position\":3,\"item\":{\"@type\":\"WebPage\",\"@id\":\"https:\/\/abrelivros.org.br\/site\/category\/noticias\/noticias-da-imprensa\/\",\"url\":\"https:\/\/abrelivros.org.br\/site\/category\/noticias\/noticias-da-imprensa\/\",\"name\":\"Not\\u00edcias da imprensa\"}},{\"@type\":\"ListItem\",\"position\":4,\"item\":{\"@type\":\"WebPage\",\"@id\":\"https:\/\/abrelivros.org.br\/site\/duvidas-sobre-a-tributacao-do-livro-participe-ao-vivo-da-gravacao-do-podcast-do-pn-nessa-semana\/\",\"url\":\"https:\/\/abrelivros.org.br\/site\/duvidas-sobre-a-tributacao-do-livro-participe-ao-vivo-da-gravacao-do-podcast-do-pn-nessa-semana\/\",\"name\":\"D\\u00favidas sobre a tributa\\u00e7\\u00e3o do livro? Participe ao vivo da grava\\u00e7\\u00e3o do Podcast do PN nessa semana\"}}]},{\"@type\":\"Person\",\"@id\":\"https:\/\/abrelivros.org.br\/site\/#\/schema\/person\/65db80e26409802ce15ac5feec6a15fd\",\"name\":\"Reda\\u00e7\\u00e3o Abrelivros\",\"image\":{\"@type\":\"ImageObject\",\"@id\":\"https:\/\/abrelivros.org.br\/site\/#personlogo\",\"inLanguage\":\"pt-BR\",\"url\":\"https:\/\/secure.gravatar.com\/avatar\/c4e57f9c7e3482965bd428192061218520756c39080b1d1820b679fa5e9af192?s=96&d=mm&r=g\",\"caption\":\"Reda\\u00e7\\u00e3o Abrelivros\"}}]}<\/script>\n<!-- \/ Yoast SEO plugin. -->","_links":{"self":[{"href":"https:\/\/abrelivros.org.br\/site\/wp-json\/wp\/v2\/posts\/13748","targetHints":{"allow":["GET"]}}],"collection":[{"href":"https:\/\/abrelivros.org.br\/site\/wp-json\/wp\/v2\/posts"}],"about":[{"href":"https:\/\/abrelivros.org.br\/site\/wp-json\/wp\/v2\/types\/post"}],"author":[{"embeddable":true,"href":"https:\/\/abrelivros.org.br\/site\/wp-json\/wp\/v2\/users\/4"}],"replies":[{"embeddable":true,"href":"https:\/\/abrelivros.org.br\/site\/wp-json\/wp\/v2\/comments?post=13748"}],"version-history":[{"count":1,"href":"https:\/\/abrelivros.org.br\/site\/wp-json\/wp\/v2\/posts\/13748\/revisions"}],"predecessor-version":[{"id":13749,"href":"https:\/\/abrelivros.org.br\/site\/wp-json\/wp\/v2\/posts\/13748\/revisions\/13749"}],"wp:attachment":[{"href":"https:\/\/abrelivros.org.br\/site\/wp-json\/wp\/v2\/media?parent=13748"}],"wp:term":[{"taxonomy":"category","embeddable":true,"href":"https:\/\/abrelivros.org.br\/site\/wp-json\/wp\/v2\/categories?post=13748"},{"taxonomy":"post_tag","embeddable":true,"href":"https:\/\/abrelivros.org.br\/site\/wp-json\/wp\/v2\/tags?post=13748"}],"curies":[{"name":"wp","href":"https:\/\/api.w.org\/{rel}","templated":true}]}}