{"id":13741,"date":"2021-04-14T14:11:11","date_gmt":"2021-04-14T17:11:11","guid":{"rendered":"https:\/\/abrelivros.org.br\/site\/?p=13741"},"modified":"2021-04-14T14:11:11","modified_gmt":"2021-04-14T17:11:11","slug":"camara-aprova-urgencia-de-projeto-de-lei-que-torna-educacao-essencial","status":"publish","type":"post","link":"https:\/\/abrelivros.org.br\/site\/camara-aprova-urgencia-de-projeto-de-lei-que-torna-educacao-essencial\/","title":{"rendered":"C\u00e2mara aprova urg\u00eancia de projeto de lei que torna educa\u00e7\u00e3o essencial"},"content":{"rendered":"<p>A C\u00e2mara aprovou requerimento de urg\u00eancia para o projeto que declara essenciais as aulas presenciais na educa\u00e7\u00e3o b\u00e1sica e no ensino superior nas redes p\u00fablica e privada, inclusive durante a pandemia. O texto \u00e9 mais uma press\u00e3o sobre os governadores e prefeitos que suspenderam aulas presenciais para conter o avan\u00e7o da covid-19.<!--more--><\/p>\n<p>A urg\u00eancia torna a proposta priorit\u00e1ria na fila de vota\u00e7\u00e3o de projetos da Casa e permite que ela possa ser pautada no plen\u00e1rio a qualquer momento. O projeto pro\u00edbe a suspens\u00e3o de atividades presenciais, &#8220;salvo em situa\u00e7\u00f5es excepcionais cujas restri\u00e7\u00f5es sejam fundamentadas em crit\u00e9rios t\u00e9cnicos e cient\u00edficos devidamente comprovados&#8221;.<\/p>\n<p>&#8220;Sendo assim, absurdo \u00e9 quando presenciamos diariamente governantes locais (governadores e prefeitos) elencando as mais diversas e variadas atividades como essenciais, mas n\u00e3o a educa\u00e7\u00e3o. Fica latente que para muitos a educa\u00e7\u00e3o n\u00e3o \u00e9 essencial, n\u00e3o \u00e9 primordial, n\u00e3o \u00e9 priorit\u00e1ria&#8221;, diz a justificativa do projeto, de autoria das deputadas Paula Belmonte (Cidadania-DF) e Adriana Ventura (Novo-SP). Em alguns Estados, como S\u00e3o Paulo, j\u00e1 houve publica\u00e7\u00e3o de decreto que inclui a educa\u00e7\u00e3o no rol de atividades essenciais. Nesta semana, a capital paulista reabriu col\u00e9gios, mas manteve lojas, restaurantes e bares fechados.<\/p>\n<p>A proposta, no entanto, encontra oposi\u00e7\u00e3o entre outro grupo de parlamentares, principalmente de partidos de esquerda. &#8220;Infelizmente, esse n\u00e3o \u00e9 um debate sobre educa\u00e7\u00e3o ser essencial ou n\u00e3o. \u00c9 para obrigar o retorno presencial, ignorando a situa\u00e7\u00e3o de cada Estado ou munic\u00edpio&#8221;, criticou o deputado Idilvan Alencar (PDT-CE), que foi secret\u00e1rio da Educa\u00e7\u00e3o no seu Estado. Segundo declara\u00e7\u00e3o do deputado publicada pelo PDT nas redes sociais, &#8220;ningu\u00e9m vai voltar sem vacina porque ningu\u00e9m \u00e9 burro nem besta&#8221;.<\/p>\n<p>Educadores t\u00eam defendido priorizar a reabertura dos col\u00e9gios para diminuir os preju\u00edzos de aprendizagem e socioemocionais aos alunos, sobretudo os mais vulner\u00e1veis. Parte dos especialistas em sa\u00fade, por\u00e9m, aponta que, com os \u00edndices de cont\u00e1gio e mortes (a m\u00e9dia supera as 3 mil v\u00edtimas por dia no Pa\u00eds), o retorno das aulas pode prejudicar as estrat\u00e9gias de conten\u00e7\u00e3o do v\u00edrus.<\/p>\n","protected":false},"excerpt":{"rendered":"<p>A C\u00e2mara aprovou requerimento de urg\u00eancia para o projeto que declara essenciais as aulas presenciais na educa\u00e7\u00e3o b\u00e1sica e no ensino superior nas redes p\u00fablica e privada, inclusive durante a pandemia. O texto \u00e9 mais uma press\u00e3o sobre os governadores e prefeitos que suspenderam aulas presenciais para conter o avan\u00e7o da covid-19.<\/p>\n","protected":false},"author":4,"featured_media":0,"comment_status":"closed","ping_status":"closed","sticky":false,"template":"","format":"standard","meta":{"footnotes":"","_links_to":"","_links_to_target":""},"categories":[9],"tags":[],"class_list":["post-13741","post","type-post","status-publish","format-standard","hentry","category-noticias-da-imprensa"],"yoast_head":"<!-- This site is optimized with the Yoast SEO plugin v15.1 - https:\/\/yoast.com\/wordpress\/plugins\/seo\/ -->\n<title>C\u00e2mara aprova urg\u00eancia de projeto de lei que torna educa\u00e7\u00e3o essencial &raquo; Abrelivros<\/title>\n<meta name=\"robots\" content=\"index, follow, max-snippet:-1, max-image-preview:large, max-video-preview:-1\" \/>\n<link rel=\"canonical\" href=\"https:\/\/abrelivros.org.br\/site\/camara-aprova-urgencia-de-projeto-de-lei-que-torna-educacao-essencial\/\" \/>\n<meta property=\"og:locale\" content=\"pt_BR\" \/>\n<meta property=\"og:type\" content=\"article\" \/>\n<meta property=\"og:title\" content=\"C\u00e2mara aprova urg\u00eancia de projeto de lei que torna educa\u00e7\u00e3o essencial &raquo; Abrelivros\" \/>\n<meta property=\"og:description\" content=\"A C\u00e2mara aprovou requerimento de urg\u00eancia para o projeto que declara essenciais as aulas presenciais na educa\u00e7\u00e3o b\u00e1sica e no ensino superior nas redes p\u00fablica e privada, inclusive durante a pandemia. O texto \u00e9 mais uma press\u00e3o sobre os governadores e prefeitos que suspenderam aulas presenciais para conter o avan\u00e7o da covid-19.\" \/>\n<meta property=\"og:url\" content=\"https:\/\/abrelivros.org.br\/site\/camara-aprova-urgencia-de-projeto-de-lei-que-torna-educacao-essencial\/\" \/>\n<meta property=\"og:site_name\" content=\"Abrelivros\" \/>\n<meta property=\"article:published_time\" content=\"2021-04-14T17:11:11+00:00\" \/>\n<meta name=\"twitter:card\" content=\"summary_large_image\" \/>\n<script type=\"application\/ld+json\" class=\"yoast-schema-graph\">{\"@context\":\"https:\/\/schema.org\",\"@graph\":[{\"@type\":\"WebSite\",\"@id\":\"https:\/\/abrelivros.org.br\/site\/#website\",\"url\":\"https:\/\/abrelivros.org.br\/site\/\",\"name\":\"Abrelivros\",\"description\":\"\",\"potentialAction\":[{\"@type\":\"SearchAction\",\"target\":\"https:\/\/abrelivros.org.br\/site\/?s={search_term_string}\",\"query-input\":\"required name=search_term_string\"}],\"inLanguage\":\"pt-BR\"},{\"@type\":\"WebPage\",\"@id\":\"https:\/\/abrelivros.org.br\/site\/camara-aprova-urgencia-de-projeto-de-lei-que-torna-educacao-essencial\/#webpage\",\"url\":\"https:\/\/abrelivros.org.br\/site\/camara-aprova-urgencia-de-projeto-de-lei-que-torna-educacao-essencial\/\",\"name\":\"C\\u00e2mara aprova urg\\u00eancia de projeto de lei que torna educa\\u00e7\\u00e3o essencial &raquo; Abrelivros\",\"isPartOf\":{\"@id\":\"https:\/\/abrelivros.org.br\/site\/#website\"},\"datePublished\":\"2021-04-14T17:11:11+00:00\",\"dateModified\":\"2021-04-14T17:11:11+00:00\",\"author\":{\"@id\":\"https:\/\/abrelivros.org.br\/site\/#\/schema\/person\/65db80e26409802ce15ac5feec6a15fd\"},\"breadcrumb\":{\"@id\":\"https:\/\/abrelivros.org.br\/site\/camara-aprova-urgencia-de-projeto-de-lei-que-torna-educacao-essencial\/#breadcrumb\"},\"inLanguage\":\"pt-BR\",\"potentialAction\":[{\"@type\":\"ReadAction\",\"target\":[\"https:\/\/abrelivros.org.br\/site\/camara-aprova-urgencia-de-projeto-de-lei-que-torna-educacao-essencial\/\"]}]},{\"@type\":\"BreadcrumbList\",\"@id\":\"https:\/\/abrelivros.org.br\/site\/camara-aprova-urgencia-de-projeto-de-lei-que-torna-educacao-essencial\/#breadcrumb\",\"itemListElement\":[{\"@type\":\"ListItem\",\"position\":1,\"item\":{\"@type\":\"WebPage\",\"@id\":\"https:\/\/abrelivros.org.br\/site\/\",\"url\":\"https:\/\/abrelivros.org.br\/site\/\",\"name\":\"In\\u00edcio\"}},{\"@type\":\"ListItem\",\"position\":2,\"item\":{\"@type\":\"WebPage\",\"@id\":\"https:\/\/abrelivros.org.br\/site\/category\/noticias\/\",\"url\":\"https:\/\/abrelivros.org.br\/site\/category\/noticias\/\",\"name\":\"Not\\u00edcias\"}},{\"@type\":\"ListItem\",\"position\":3,\"item\":{\"@type\":\"WebPage\",\"@id\":\"https:\/\/abrelivros.org.br\/site\/category\/noticias\/noticias-da-imprensa\/\",\"url\":\"https:\/\/abrelivros.org.br\/site\/category\/noticias\/noticias-da-imprensa\/\",\"name\":\"Not\\u00edcias da imprensa\"}},{\"@type\":\"ListItem\",\"position\":4,\"item\":{\"@type\":\"WebPage\",\"@id\":\"https:\/\/abrelivros.org.br\/site\/camara-aprova-urgencia-de-projeto-de-lei-que-torna-educacao-essencial\/\",\"url\":\"https:\/\/abrelivros.org.br\/site\/camara-aprova-urgencia-de-projeto-de-lei-que-torna-educacao-essencial\/\",\"name\":\"C\\u00e2mara aprova urg\\u00eancia de projeto de lei que torna educa\\u00e7\\u00e3o essencial\"}}]},{\"@type\":\"Person\",\"@id\":\"https:\/\/abrelivros.org.br\/site\/#\/schema\/person\/65db80e26409802ce15ac5feec6a15fd\",\"name\":\"Reda\\u00e7\\u00e3o Abrelivros\",\"image\":{\"@type\":\"ImageObject\",\"@id\":\"https:\/\/abrelivros.org.br\/site\/#personlogo\",\"inLanguage\":\"pt-BR\",\"url\":\"https:\/\/secure.gravatar.com\/avatar\/c4e57f9c7e3482965bd428192061218520756c39080b1d1820b679fa5e9af192?s=96&d=mm&r=g\",\"caption\":\"Reda\\u00e7\\u00e3o Abrelivros\"}}]}<\/script>\n<!-- \/ Yoast SEO plugin. -->","_links":{"self":[{"href":"https:\/\/abrelivros.org.br\/site\/wp-json\/wp\/v2\/posts\/13741","targetHints":{"allow":["GET"]}}],"collection":[{"href":"https:\/\/abrelivros.org.br\/site\/wp-json\/wp\/v2\/posts"}],"about":[{"href":"https:\/\/abrelivros.org.br\/site\/wp-json\/wp\/v2\/types\/post"}],"author":[{"embeddable":true,"href":"https:\/\/abrelivros.org.br\/site\/wp-json\/wp\/v2\/users\/4"}],"replies":[{"embeddable":true,"href":"https:\/\/abrelivros.org.br\/site\/wp-json\/wp\/v2\/comments?post=13741"}],"version-history":[{"count":1,"href":"https:\/\/abrelivros.org.br\/site\/wp-json\/wp\/v2\/posts\/13741\/revisions"}],"predecessor-version":[{"id":13742,"href":"https:\/\/abrelivros.org.br\/site\/wp-json\/wp\/v2\/posts\/13741\/revisions\/13742"}],"wp:attachment":[{"href":"https:\/\/abrelivros.org.br\/site\/wp-json\/wp\/v2\/media?parent=13741"}],"wp:term":[{"taxonomy":"category","embeddable":true,"href":"https:\/\/abrelivros.org.br\/site\/wp-json\/wp\/v2\/categories?post=13741"},{"taxonomy":"post_tag","embeddable":true,"href":"https:\/\/abrelivros.org.br\/site\/wp-json\/wp\/v2\/tags?post=13741"}],"curies":[{"name":"wp","href":"https:\/\/api.w.org\/{rel}","templated":true}]}}