{"id":13737,"date":"2021-04-13T15:45:17","date_gmt":"2021-04-13T18:45:17","guid":{"rendered":"https:\/\/abrelivros.org.br\/site\/?p=13737"},"modified":"2021-04-13T15:45:17","modified_gmt":"2021-04-13T18:45:17","slug":"sem-o-feriado-de-carnaval-varejo-de-livros-cresce-42-em-fevereiro-de-2021-aponta-gfk","status":"publish","type":"post","link":"https:\/\/abrelivros.org.br\/site\/sem-o-feriado-de-carnaval-varejo-de-livros-cresce-42-em-fevereiro-de-2021-aponta-gfk\/","title":{"rendered":"Sem o feriado de Carnaval, varejo de livros cresce 42% em fevereiro de 2021, aponta GfK"},"content":{"rendered":"<p>Em <a href=\"https:\/\/www.publishnews.com.br\/materias\/2021\/03\/10\/gfk-livrarias-baixam-preco-mas-nem-assim-consegue-recuperar-vendas-em-janeiro\" target=\"_blank\" rel=\"noopener noreferrer\">janeiro<\/a>, a GfK, instituto de pesquisa que monitora o mercado livreiro no Brasil \u2013 e em outros dez pa\u00edses \u2013, registrou queda de 7% no n\u00famero de exemplares vendidos, quando comparado com igual per\u00edodo de 2020. O faturamento apresentou, naquele per\u00edodo e nessa mesma base de compara\u00e7\u00e3o, queda de 11%.<!--more--> Mas, em fevereiro, as velas do setor livreiro mudaram de posi\u00e7\u00e3o e o que se viu foi crescimento importante tanto em valor, quanto em volume.<\/p>\n<p>Entre os dias 8 de fevereiro e 7 de mar\u00e7o de 2021, o instituto de pesquisa registrou a venda de 5,4 milh\u00f5es de unidades, o que resultou em faturamento de R$ 248 milh\u00f5es. Em igual per\u00edodo de 2020, a GfK tinha registrado a venda de 3,4 milh\u00f5es de exemplares e faturamento de R$ 174 milh\u00f5es. Os resultados de agora representam crescimento de 59% em volume e de 42% em valor. As varejistas monitoradas praticaram desconto m\u00e9dio de 17,4% no pre\u00e7o final ao consumidor, patamar superior ao registrado em fevereiro 2020, quando a GfK anotou desconto de 10,9%.<\/p>\n<p>A suspens\u00e3o dos feriados de momo em muitas cidades do pa\u00eds parece que levou muitos brasileiros ao livro. Resultado semelhante foi notado pela <a href=\"https:\/\/www.publishnews.com.br\/materias\/2021\/03\/23\/carnaval-da-ficcao\" target=\"_blank\" rel=\"noopener noreferrer\">Nielsen<\/a>, outro \u00f3rg\u00e3o que monitora o varejo de livros no Brasil.<\/p>\n<p>Dando um passo para tr\u00e1s, \u00e9 importante lembrar que, no carnavalesco <a href=\"https:\/\/www.publishnews.com.br\/materias\/2020\/04\/06\/gfk-em-fevereiro-varejo-de-livros-caiu-88\" target=\"_blank\" rel=\"noopener noreferrer\">fevereiro de 2020<\/a>, a GfK assinalou queda de 8,8% em compara\u00e7\u00e3o a 2019, quando o Carnaval caiu em mar\u00e7o.<\/p>\n<p>E o mais curioso disso \u00e9 que o resultado de agora foi alcan\u00e7ado sem o efeito de volta \u00e0s aulas, sazonalmente importante nesse per\u00edodo do ano. A categoria Did\u00e1ticos apresentou queda de 14%, segundo o <a href=\"https:\/\/www.publishnews.com.br\/etiquetas\/mercado-do-livro-gfk-\/-anl\" target=\"_blank\" rel=\"noopener noreferrer\">relat\u00f3rio<\/a> realizado em parceria com a Associa\u00e7\u00e3o Nacional de Livrarias (ANL).<\/p>\n<p>No acumulado do ano, a GfK mostra crescimento de 20% em volume e de 10% em faturamento. O pre\u00e7o m\u00e9dio do livro ficou 10% mais caro nesses dois primeiros meses de 2021 em compara\u00e7\u00e3o com igual per\u00edodo de 2020.<\/p>\n<p><a href=\"https:\/\/www.publishnews.com.br\/estaticos\/uploads\/2021\/04\/Sjfgexg89iaKdStaggf4Zw6Eq5zwwI4AMigKpdZdVMesMD4m9hHEZBdvCAgXfGFQo5FDs3n2HGq0kMfG.pdf\" target=\"_blank\" rel=\"noopener noreferrer\">Clique aqui<\/a> para baixar a \u00edntegra do relat\u00f3rio.<\/p>\n<p><strong>Metodologia<\/strong><\/p>\n<p>A GfK monitora as vendas diretamente nos pontos de vendas, separando em um relat\u00f3rio todo e qualquer produto que tenha um ISBN. A partir desses registros, o instituto de pesquisa realiza o relat\u00f3rio, que n\u00e3o separa as vendas realizadas em livrarias f\u00edsicas de varejistas on-line.<\/p>\n<p>A GfK n\u00e3o divulga os estabelecimentos que comp\u00f5em o seu pool de varejistas.<\/p>\n","protected":false},"excerpt":{"rendered":"<p>Em janeiro, a GfK, instituto de pesquisa que monitora o mercado livreiro no Brasil \u2013 e em outros dez pa\u00edses \u2013, registrou queda de 7% no n\u00famero de exemplares vendidos, quando comparado com igual per\u00edodo de 2020. O faturamento apresentou, naquele per\u00edodo e nessa mesma base de compara\u00e7\u00e3o, queda de 11%.<\/p>\n","protected":false},"author":4,"featured_media":0,"comment_status":"closed","ping_status":"closed","sticky":false,"template":"","format":"standard","meta":{"footnotes":"","_links_to":"","_links_to_target":""},"categories":[9],"tags":[],"class_list":["post-13737","post","type-post","status-publish","format-standard","hentry","category-noticias-da-imprensa"],"yoast_head":"<!-- This site is optimized with the Yoast SEO plugin v15.1 - https:\/\/yoast.com\/wordpress\/plugins\/seo\/ -->\n<title>Sem o feriado de Carnaval, varejo de livros cresce 42% em fevereiro de 2021, aponta GfK &raquo; Abrelivros<\/title>\n<meta name=\"robots\" content=\"index, follow, max-snippet:-1, max-image-preview:large, max-video-preview:-1\" \/>\n<link rel=\"canonical\" href=\"https:\/\/abrelivros.org.br\/site\/sem-o-feriado-de-carnaval-varejo-de-livros-cresce-42-em-fevereiro-de-2021-aponta-gfk\/\" \/>\n<meta property=\"og:locale\" content=\"pt_BR\" \/>\n<meta property=\"og:type\" content=\"article\" \/>\n<meta property=\"og:title\" content=\"Sem o feriado de Carnaval, varejo de livros cresce 42% em fevereiro de 2021, aponta GfK &raquo; Abrelivros\" \/>\n<meta property=\"og:description\" content=\"Em janeiro, a GfK, instituto de pesquisa que monitora o mercado livreiro no Brasil \u2013 e em outros dez pa\u00edses \u2013, registrou queda de 7% no n\u00famero de exemplares vendidos, quando comparado com igual per\u00edodo de 2020. O faturamento apresentou, naquele per\u00edodo e nessa mesma base de compara\u00e7\u00e3o, queda de 11%.\" \/>\n<meta property=\"og:url\" content=\"https:\/\/abrelivros.org.br\/site\/sem-o-feriado-de-carnaval-varejo-de-livros-cresce-42-em-fevereiro-de-2021-aponta-gfk\/\" \/>\n<meta property=\"og:site_name\" content=\"Abrelivros\" \/>\n<meta property=\"article:published_time\" content=\"2021-04-13T18:45:17+00:00\" \/>\n<meta name=\"twitter:card\" content=\"summary_large_image\" \/>\n<script type=\"application\/ld+json\" class=\"yoast-schema-graph\">{\"@context\":\"https:\/\/schema.org\",\"@graph\":[{\"@type\":\"WebSite\",\"@id\":\"https:\/\/abrelivros.org.br\/site\/#website\",\"url\":\"https:\/\/abrelivros.org.br\/site\/\",\"name\":\"Abrelivros\",\"description\":\"\",\"potentialAction\":[{\"@type\":\"SearchAction\",\"target\":\"https:\/\/abrelivros.org.br\/site\/?s={search_term_string}\",\"query-input\":\"required name=search_term_string\"}],\"inLanguage\":\"pt-BR\"},{\"@type\":\"WebPage\",\"@id\":\"https:\/\/abrelivros.org.br\/site\/sem-o-feriado-de-carnaval-varejo-de-livros-cresce-42-em-fevereiro-de-2021-aponta-gfk\/#webpage\",\"url\":\"https:\/\/abrelivros.org.br\/site\/sem-o-feriado-de-carnaval-varejo-de-livros-cresce-42-em-fevereiro-de-2021-aponta-gfk\/\",\"name\":\"Sem o feriado de Carnaval, varejo de livros cresce 42% em fevereiro de 2021, aponta GfK &raquo; Abrelivros\",\"isPartOf\":{\"@id\":\"https:\/\/abrelivros.org.br\/site\/#website\"},\"datePublished\":\"2021-04-13T18:45:17+00:00\",\"dateModified\":\"2021-04-13T18:45:17+00:00\",\"author\":{\"@id\":\"https:\/\/abrelivros.org.br\/site\/#\/schema\/person\/65db80e26409802ce15ac5feec6a15fd\"},\"breadcrumb\":{\"@id\":\"https:\/\/abrelivros.org.br\/site\/sem-o-feriado-de-carnaval-varejo-de-livros-cresce-42-em-fevereiro-de-2021-aponta-gfk\/#breadcrumb\"},\"inLanguage\":\"pt-BR\",\"potentialAction\":[{\"@type\":\"ReadAction\",\"target\":[\"https:\/\/abrelivros.org.br\/site\/sem-o-feriado-de-carnaval-varejo-de-livros-cresce-42-em-fevereiro-de-2021-aponta-gfk\/\"]}]},{\"@type\":\"BreadcrumbList\",\"@id\":\"https:\/\/abrelivros.org.br\/site\/sem-o-feriado-de-carnaval-varejo-de-livros-cresce-42-em-fevereiro-de-2021-aponta-gfk\/#breadcrumb\",\"itemListElement\":[{\"@type\":\"ListItem\",\"position\":1,\"item\":{\"@type\":\"WebPage\",\"@id\":\"https:\/\/abrelivros.org.br\/site\/\",\"url\":\"https:\/\/abrelivros.org.br\/site\/\",\"name\":\"In\\u00edcio\"}},{\"@type\":\"ListItem\",\"position\":2,\"item\":{\"@type\":\"WebPage\",\"@id\":\"https:\/\/abrelivros.org.br\/site\/category\/noticias\/\",\"url\":\"https:\/\/abrelivros.org.br\/site\/category\/noticias\/\",\"name\":\"Not\\u00edcias\"}},{\"@type\":\"ListItem\",\"position\":3,\"item\":{\"@type\":\"WebPage\",\"@id\":\"https:\/\/abrelivros.org.br\/site\/category\/noticias\/noticias-da-imprensa\/\",\"url\":\"https:\/\/abrelivros.org.br\/site\/category\/noticias\/noticias-da-imprensa\/\",\"name\":\"Not\\u00edcias da imprensa\"}},{\"@type\":\"ListItem\",\"position\":4,\"item\":{\"@type\":\"WebPage\",\"@id\":\"https:\/\/abrelivros.org.br\/site\/sem-o-feriado-de-carnaval-varejo-de-livros-cresce-42-em-fevereiro-de-2021-aponta-gfk\/\",\"url\":\"https:\/\/abrelivros.org.br\/site\/sem-o-feriado-de-carnaval-varejo-de-livros-cresce-42-em-fevereiro-de-2021-aponta-gfk\/\",\"name\":\"Sem o feriado de Carnaval, varejo de livros cresce 42% em fevereiro de 2021, aponta GfK\"}}]},{\"@type\":\"Person\",\"@id\":\"https:\/\/abrelivros.org.br\/site\/#\/schema\/person\/65db80e26409802ce15ac5feec6a15fd\",\"name\":\"Reda\\u00e7\\u00e3o Abrelivros\",\"image\":{\"@type\":\"ImageObject\",\"@id\":\"https:\/\/abrelivros.org.br\/site\/#personlogo\",\"inLanguage\":\"pt-BR\",\"url\":\"https:\/\/secure.gravatar.com\/avatar\/c4e57f9c7e3482965bd428192061218520756c39080b1d1820b679fa5e9af192?s=96&d=mm&r=g\",\"caption\":\"Reda\\u00e7\\u00e3o Abrelivros\"}}]}<\/script>\n<!-- \/ Yoast SEO plugin. -->","_links":{"self":[{"href":"https:\/\/abrelivros.org.br\/site\/wp-json\/wp\/v2\/posts\/13737","targetHints":{"allow":["GET"]}}],"collection":[{"href":"https:\/\/abrelivros.org.br\/site\/wp-json\/wp\/v2\/posts"}],"about":[{"href":"https:\/\/abrelivros.org.br\/site\/wp-json\/wp\/v2\/types\/post"}],"author":[{"embeddable":true,"href":"https:\/\/abrelivros.org.br\/site\/wp-json\/wp\/v2\/users\/4"}],"replies":[{"embeddable":true,"href":"https:\/\/abrelivros.org.br\/site\/wp-json\/wp\/v2\/comments?post=13737"}],"version-history":[{"count":1,"href":"https:\/\/abrelivros.org.br\/site\/wp-json\/wp\/v2\/posts\/13737\/revisions"}],"predecessor-version":[{"id":13738,"href":"https:\/\/abrelivros.org.br\/site\/wp-json\/wp\/v2\/posts\/13737\/revisions\/13738"}],"wp:attachment":[{"href":"https:\/\/abrelivros.org.br\/site\/wp-json\/wp\/v2\/media?parent=13737"}],"wp:term":[{"taxonomy":"category","embeddable":true,"href":"https:\/\/abrelivros.org.br\/site\/wp-json\/wp\/v2\/categories?post=13737"},{"taxonomy":"post_tag","embeddable":true,"href":"https:\/\/abrelivros.org.br\/site\/wp-json\/wp\/v2\/tags?post=13737"}],"curies":[{"name":"wp","href":"https:\/\/api.w.org\/{rel}","templated":true}]}}