{"id":13735,"date":"2021-04-13T15:39:45","date_gmt":"2021-04-13T18:39:45","guid":{"rendered":"https:\/\/abrelivros.org.br\/site\/?p=13735"},"modified":"2021-04-13T15:46:35","modified_gmt":"2021-04-13T18:46:35","slug":"retorno-de-escolas-tem-adesao-menor-que-35-em-reabertura","status":"publish","type":"post","link":"https:\/\/abrelivros.org.br\/site\/retorno-de-escolas-tem-adesao-menor-que-35-em-reabertura\/","title":{"rendered":"Retorno de escolas tem ades\u00e3o menor que 35% em reabertura"},"content":{"rendered":"<p>No primeiro dia de reabertura ap\u00f3s o fim da fase emergencial, escolas particulares de S\u00e3o Paulo tiveram ades\u00e3o menor de estudantes ao ensino presencial. Os col\u00e9gios atribuem a baixa presen\u00e7a nesta segunda-feira aos n\u00fameros ainda elevados de infectados pela covid-19 na capital paulista e \u00e0 mudan\u00e7a de regras em cima da hora.<!--more--> A decis\u00e3o sobre a reabertura foi tomada na sexta-feira.<\/p>\n<p>Col\u00e9gios ouvidos pelo Estad\u00e3o receberam menos de 35% dos estudantes previstos. O porcentual ficou em torno de 20% e, em algumas etapas, as salas de aula ficaram vazias. Na rede municipal, a Prefeitura informou n\u00e3o ter balan\u00e7o da presen\u00e7a. Nem todos os col\u00e9gios reabriram nesta segunda-feira &#8211; caso dos particulares Santa Cruz, Equipe e Gracinha.<\/p>\n<p>No Col\u00e9gio Humboldt, na zona sul, o ensino fundamental 1, que poderia receber at\u00e9 35% dos estudantes, teve s\u00f3 20% dos alunos. A ades\u00e3o foi menor ainda nas etapas seguintes, com alunos mais velhos. O aval do governo estadual, dado em cima da hora, tamb\u00e9m pode ter contribu\u00eddo para a baixa ades\u00e3o. Algumas fam\u00edlias viajaram para cidades do interior, em meio \u00e0 piora da pandemia. A volta \u00e0s aulas na capital estava condicionada ao fim da fase emergencial, decretada s\u00f3 na sexta-feira pelo governo estadual.<\/p>\n<p>No Col\u00e9gio Magno, na zona sul, foram \u00e0 escola nesta segunda 25% dos estudantes. O porcentual de presen\u00e7a foi menor ainda no Agostiniano Mendel, na zona leste, que teve 12,5% dos alunos &#8211; no primeiro dia de aulas, em fevereiro, foram 21,8%. A escola atribui a queda \u00e0 semana de provas.<\/p>\n<p>Balan\u00e7o do Sindicato dos Estabelecimentos de Ensino de S\u00e3o Paulo (Sieeesp) indicou frequ\u00eancia de 20% a 25%. O presidente do Sieeesp, Benjamin Ribeiro, estima que at\u00e9 o fim da semana, a ades\u00e3o chegue aos 35% &#8211; limite na fase vermelha.<\/p>\n<p>Na Escola M\u00f3bile, na zona sul, compareceram nesta segunda metade dos alunos esperados. Segundo a escola, o porcentual se deve ao fato de que o col\u00e9gio recomendou que os pais privilegiassem o ensino remoto nesta semana. Nas escolas da rede Luminova, dos 735 que poderiam frequentar as aulas, s\u00f3 210 estiveram presentes.<\/p>\n<p>Os col\u00e9gios Pent\u00e1gono, na zona oeste, Mary Ward, na leste, e Franciscano Pio XII, na sul, tamb\u00e9m n\u00e3o atingiram o porcentual m\u00e1ximo de 35% &#8211; a frequ\u00eancia ficou entre 20% e 25%.<\/p>\n<p>Para Luiz Antonio Barbagli, presidente do Sindicato dos Professores de S\u00e3o Paulo (Sinpro-SP), a baixa ades\u00e3o tem rela\u00e7\u00e3o com o medo das fam\u00edlias. O Sinpro-SP n\u00e3o tinha nesta segunda-feira um balan\u00e7o da ades\u00e3o dos professores \u00e0 greve da categoria. Segundo o sindicato, pelo menos 30 escolas n\u00e3o reabriram para aulas presenciais.<\/p>\n<p><strong>Embate<\/strong><\/p>\n<p>A decis\u00e3o de manter fechado o Col\u00e9gio Santa Cruz, na zona oeste, motivou cr\u00edticas de pais de alunos insatisfeitos. Eles amea\u00e7aram entrar na Justi\u00e7a contra a escola, tirar os filhos do col\u00e9gio e at\u00e9 pediram a demiss\u00e3o do diretor.<\/p>\n<p>O advogado Alessandro Ghilardi, de 42 anos, \u00e9 um dos que estuda trocar o filho, de 9 anos, de col\u00e9gio. `A postura da escola durante a pandemia nunca foi a favor dos alunos`, disse o pai, que tamb\u00e9m critica a cobran\u00e7a da mensalidade cheia. `Eles nunca colocaram as crian\u00e7as em primeiro lugar. As preocupa\u00e7\u00f5es s\u00e3o sempre gen\u00e9ricas, com a sociedade, com a comunidade`, disse o empres\u00e1rio Bruno Zangari, de 40 anos.<\/p>\n<p>No fim de semana, grupos de WhatsApp de pais tiveram debates acalorados sobre a op\u00e7\u00e3o do col\u00e9gio. Fam\u00edlias favor\u00e1veis \u00e0 decis\u00e3o do Santa Cruz assinaram uma carta de apoio \u00e0 dire\u00e7\u00e3o. Para a empres\u00e1ria Ana Leite, de 50 anos, a preocupa\u00e7\u00e3o com as aulas presenciais das crian\u00e7as \u00e9 leg\u00edtima, mas incomoda a forma de protesto. `O problema \u00e9 apelar para querer derrubar o diretor para medida judicial. H\u00e1 tempos atr\u00e1s, queriam fazer manifesta\u00e7\u00e3o na porta da casa do diretor. Parece briga de 5.\u00aa s\u00e9rie`, diz. O Santa Cruz informou, por meio de nota, que `respeita as opini\u00f5es e as decis\u00f5es das fam\u00edlias e prefere tratar as quest\u00f5es individualmente com elas`.<\/p>\n","protected":false},"excerpt":{"rendered":"<p>No primeiro dia de reabertura ap\u00f3s o fim da fase emergencial, escolas particulares de S\u00e3o Paulo tiveram ades\u00e3o menor de estudantes ao ensino presencial. Os col\u00e9gios atribuem a baixa presen\u00e7a nesta segunda-feira aos n\u00fameros ainda elevados de infectados pela covid-19 na capital paulista e \u00e0 mudan\u00e7a de regras em cima da hora.<\/p>\n","protected":false},"author":4,"featured_media":0,"comment_status":"closed","ping_status":"closed","sticky":false,"template":"","format":"standard","meta":{"footnotes":"","_links_to":"","_links_to_target":""},"categories":[9],"tags":[],"class_list":["post-13735","post","type-post","status-publish","format-standard","hentry","category-noticias-da-imprensa"],"yoast_head":"<!-- This site is optimized with the Yoast SEO plugin v15.1 - https:\/\/yoast.com\/wordpress\/plugins\/seo\/ -->\n<title>Retorno de escolas tem ades\u00e3o menor que 35% em reabertura &raquo; Abrelivros<\/title>\n<meta name=\"robots\" content=\"index, follow, max-snippet:-1, max-image-preview:large, max-video-preview:-1\" \/>\n<link rel=\"canonical\" href=\"https:\/\/abrelivros.org.br\/site\/retorno-de-escolas-tem-adesao-menor-que-35-em-reabertura\/\" \/>\n<meta property=\"og:locale\" content=\"pt_BR\" \/>\n<meta property=\"og:type\" content=\"article\" \/>\n<meta property=\"og:title\" content=\"Retorno de escolas tem ades\u00e3o menor que 35% em reabertura &raquo; Abrelivros\" \/>\n<meta property=\"og:description\" content=\"No primeiro dia de reabertura ap\u00f3s o fim da fase emergencial, escolas particulares de S\u00e3o Paulo tiveram ades\u00e3o menor de estudantes ao ensino presencial. Os col\u00e9gios atribuem a baixa presen\u00e7a nesta segunda-feira aos n\u00fameros ainda elevados de infectados pela covid-19 na capital paulista e \u00e0 mudan\u00e7a de regras em cima da hora.\" \/>\n<meta property=\"og:url\" content=\"https:\/\/abrelivros.org.br\/site\/retorno-de-escolas-tem-adesao-menor-que-35-em-reabertura\/\" \/>\n<meta property=\"og:site_name\" content=\"Abrelivros\" \/>\n<meta property=\"article:published_time\" content=\"2021-04-13T18:39:45+00:00\" \/>\n<meta property=\"article:modified_time\" content=\"2021-04-13T18:46:35+00:00\" \/>\n<meta name=\"twitter:card\" content=\"summary_large_image\" \/>\n<script type=\"application\/ld+json\" class=\"yoast-schema-graph\">{\"@context\":\"https:\/\/schema.org\",\"@graph\":[{\"@type\":\"WebSite\",\"@id\":\"https:\/\/abrelivros.org.br\/site\/#website\",\"url\":\"https:\/\/abrelivros.org.br\/site\/\",\"name\":\"Abrelivros\",\"description\":\"\",\"potentialAction\":[{\"@type\":\"SearchAction\",\"target\":\"https:\/\/abrelivros.org.br\/site\/?s={search_term_string}\",\"query-input\":\"required name=search_term_string\"}],\"inLanguage\":\"pt-BR\"},{\"@type\":\"WebPage\",\"@id\":\"https:\/\/abrelivros.org.br\/site\/retorno-de-escolas-tem-adesao-menor-que-35-em-reabertura\/#webpage\",\"url\":\"https:\/\/abrelivros.org.br\/site\/retorno-de-escolas-tem-adesao-menor-que-35-em-reabertura\/\",\"name\":\"Retorno de escolas tem ades\\u00e3o menor que 35% em reabertura &raquo; Abrelivros\",\"isPartOf\":{\"@id\":\"https:\/\/abrelivros.org.br\/site\/#website\"},\"datePublished\":\"2021-04-13T18:39:45+00:00\",\"dateModified\":\"2021-04-13T18:46:35+00:00\",\"author\":{\"@id\":\"https:\/\/abrelivros.org.br\/site\/#\/schema\/person\/65db80e26409802ce15ac5feec6a15fd\"},\"breadcrumb\":{\"@id\":\"https:\/\/abrelivros.org.br\/site\/retorno-de-escolas-tem-adesao-menor-que-35-em-reabertura\/#breadcrumb\"},\"inLanguage\":\"pt-BR\",\"potentialAction\":[{\"@type\":\"ReadAction\",\"target\":[\"https:\/\/abrelivros.org.br\/site\/retorno-de-escolas-tem-adesao-menor-que-35-em-reabertura\/\"]}]},{\"@type\":\"BreadcrumbList\",\"@id\":\"https:\/\/abrelivros.org.br\/site\/retorno-de-escolas-tem-adesao-menor-que-35-em-reabertura\/#breadcrumb\",\"itemListElement\":[{\"@type\":\"ListItem\",\"position\":1,\"item\":{\"@type\":\"WebPage\",\"@id\":\"https:\/\/abrelivros.org.br\/site\/\",\"url\":\"https:\/\/abrelivros.org.br\/site\/\",\"name\":\"In\\u00edcio\"}},{\"@type\":\"ListItem\",\"position\":2,\"item\":{\"@type\":\"WebPage\",\"@id\":\"https:\/\/abrelivros.org.br\/site\/category\/noticias\/\",\"url\":\"https:\/\/abrelivros.org.br\/site\/category\/noticias\/\",\"name\":\"Not\\u00edcias\"}},{\"@type\":\"ListItem\",\"position\":3,\"item\":{\"@type\":\"WebPage\",\"@id\":\"https:\/\/abrelivros.org.br\/site\/category\/noticias\/noticias-da-imprensa\/\",\"url\":\"https:\/\/abrelivros.org.br\/site\/category\/noticias\/noticias-da-imprensa\/\",\"name\":\"Not\\u00edcias da imprensa\"}},{\"@type\":\"ListItem\",\"position\":4,\"item\":{\"@type\":\"WebPage\",\"@id\":\"https:\/\/abrelivros.org.br\/site\/retorno-de-escolas-tem-adesao-menor-que-35-em-reabertura\/\",\"url\":\"https:\/\/abrelivros.org.br\/site\/retorno-de-escolas-tem-adesao-menor-que-35-em-reabertura\/\",\"name\":\"Retorno de escolas tem ades\\u00e3o menor que 35% em reabertura\"}}]},{\"@type\":\"Person\",\"@id\":\"https:\/\/abrelivros.org.br\/site\/#\/schema\/person\/65db80e26409802ce15ac5feec6a15fd\",\"name\":\"Reda\\u00e7\\u00e3o Abrelivros\",\"image\":{\"@type\":\"ImageObject\",\"@id\":\"https:\/\/abrelivros.org.br\/site\/#personlogo\",\"inLanguage\":\"pt-BR\",\"url\":\"https:\/\/secure.gravatar.com\/avatar\/c4e57f9c7e3482965bd428192061218520756c39080b1d1820b679fa5e9af192?s=96&d=mm&r=g\",\"caption\":\"Reda\\u00e7\\u00e3o Abrelivros\"}}]}<\/script>\n<!-- \/ Yoast SEO plugin. -->","_links":{"self":[{"href":"https:\/\/abrelivros.org.br\/site\/wp-json\/wp\/v2\/posts\/13735","targetHints":{"allow":["GET"]}}],"collection":[{"href":"https:\/\/abrelivros.org.br\/site\/wp-json\/wp\/v2\/posts"}],"about":[{"href":"https:\/\/abrelivros.org.br\/site\/wp-json\/wp\/v2\/types\/post"}],"author":[{"embeddable":true,"href":"https:\/\/abrelivros.org.br\/site\/wp-json\/wp\/v2\/users\/4"}],"replies":[{"embeddable":true,"href":"https:\/\/abrelivros.org.br\/site\/wp-json\/wp\/v2\/comments?post=13735"}],"version-history":[{"count":2,"href":"https:\/\/abrelivros.org.br\/site\/wp-json\/wp\/v2\/posts\/13735\/revisions"}],"predecessor-version":[{"id":13740,"href":"https:\/\/abrelivros.org.br\/site\/wp-json\/wp\/v2\/posts\/13735\/revisions\/13740"}],"wp:attachment":[{"href":"https:\/\/abrelivros.org.br\/site\/wp-json\/wp\/v2\/media?parent=13735"}],"wp:term":[{"taxonomy":"category","embeddable":true,"href":"https:\/\/abrelivros.org.br\/site\/wp-json\/wp\/v2\/categories?post=13735"},{"taxonomy":"post_tag","embeddable":true,"href":"https:\/\/abrelivros.org.br\/site\/wp-json\/wp\/v2\/tags?post=13735"}],"curies":[{"name":"wp","href":"https:\/\/api.w.org\/{rel}","templated":true}]}}