{"id":13733,"date":"2021-04-13T15:38:13","date_gmt":"2021-04-13T18:38:13","guid":{"rendered":"https:\/\/abrelivros.org.br\/site\/?p=13733"},"modified":"2021-04-13T15:38:13","modified_gmt":"2021-04-13T18:38:13","slug":"mec-lanca-o-relatorio-nacional-da-alfabetizacao-baseada-em-evidencias-renabe","status":"publish","type":"post","link":"https:\/\/abrelivros.org.br\/site\/mec-lanca-o-relatorio-nacional-da-alfabetizacao-baseada-em-evidencias-renabe\/","title":{"rendered":"MEC lan\u00e7a o Relat\u00f3rio Nacional da Alfabetiza\u00e7\u00e3o Baseada em Evid\u00eancias (Renabe)"},"content":{"rendered":"<p>O Minist\u00e9rio da Educa\u00e7\u00e3o (MEC) lan\u00e7ar\u00e1, no dia 14 de abril (quarta-feira), o Relat\u00f3rio Nacional da Alfabetiza\u00e7\u00e3o Baseada em Evid\u00eancias, que consolida experi\u00eancias exitosas de alfabetiza\u00e7\u00e3o desenvolvidas em diversos pa\u00edses. O evento acontecer\u00e1 \u00e0s 10h e ser\u00e1 transmitido no canal do MEC no YouTube.<!--more--><\/p>\n<p>O Renabe \u00e9 fruto da I Confer\u00eancia Nacional de Alfabetiza\u00e7\u00e3o Baseada em Evid\u00eancias (Conabe), organizada pela Secretaria de Alfabetiza\u00e7\u00e3o (Sealf). A Confer\u00eancia reuniu em Bras\u00edlia, em outubro de 2019, renomados especialistas nacionais e estrangeiros, como parte das a\u00e7\u00f5es de implementa\u00e7\u00e3o da Pol\u00edtica Nacional de Alfabetiza\u00e7\u00e3o (PNA).<\/p>\n<p>O principal objetivo do Renabe \u00e9 sintetizar o estado da arte das pesquisas sobre alfabetiza\u00e7\u00e3o, literacia e numeracia, visando melhorar a qualidade das pol\u00edticas p\u00fablicas e as pr\u00e1ticas de ensino de leitura, escrita e matem\u00e1tica no Brasil. As evid\u00eancias apresentadas no relat\u00f3rio constituem uma base t\u00e9cnica s\u00f3lida que orienta as decis\u00f5es no \u00e2mbito da Secretaria de Alfabetiza\u00e7\u00e3o do MEC. O documento poder\u00e1 auxiliar, ainda, os gestores e os entes federados na elabora\u00e7\u00e3o de pol\u00edticas educacionais para os primeiros anos escolares.<\/p>\n","protected":false},"excerpt":{"rendered":"<p>O Minist\u00e9rio da Educa\u00e7\u00e3o (MEC) lan\u00e7ar\u00e1, no dia 14 de abril (quarta-feira), o Relat\u00f3rio Nacional da Alfabetiza\u00e7\u00e3o Baseada em Evid\u00eancias, que consolida experi\u00eancias exitosas de alfabetiza\u00e7\u00e3o desenvolvidas em diversos pa\u00edses. O evento acontecer\u00e1 \u00e0s 10h e ser\u00e1 transmitido no canal do MEC no YouTube.<\/p>\n","protected":false},"author":4,"featured_media":0,"comment_status":"closed","ping_status":"closed","sticky":false,"template":"","format":"standard","meta":{"footnotes":"","_links_to":"","_links_to_target":""},"categories":[9],"tags":[],"class_list":["post-13733","post","type-post","status-publish","format-standard","hentry","category-noticias-da-imprensa"],"yoast_head":"<!-- This site is optimized with the Yoast SEO plugin v15.1 - https:\/\/yoast.com\/wordpress\/plugins\/seo\/ -->\n<title>MEC lan\u00e7a o Relat\u00f3rio Nacional da Alfabetiza\u00e7\u00e3o Baseada em Evid\u00eancias (Renabe) &raquo; Abrelivros<\/title>\n<meta name=\"robots\" content=\"index, follow, max-snippet:-1, max-image-preview:large, max-video-preview:-1\" \/>\n<link rel=\"canonical\" href=\"https:\/\/abrelivros.org.br\/site\/mec-lanca-o-relatorio-nacional-da-alfabetizacao-baseada-em-evidencias-renabe\/\" \/>\n<meta property=\"og:locale\" content=\"pt_BR\" \/>\n<meta property=\"og:type\" content=\"article\" \/>\n<meta property=\"og:title\" content=\"MEC lan\u00e7a o Relat\u00f3rio Nacional da Alfabetiza\u00e7\u00e3o Baseada em Evid\u00eancias (Renabe) &raquo; Abrelivros\" \/>\n<meta property=\"og:description\" content=\"O Minist\u00e9rio da Educa\u00e7\u00e3o (MEC) lan\u00e7ar\u00e1, no dia 14 de abril (quarta-feira), o Relat\u00f3rio Nacional da Alfabetiza\u00e7\u00e3o Baseada em Evid\u00eancias, que consolida experi\u00eancias exitosas de alfabetiza\u00e7\u00e3o desenvolvidas em diversos pa\u00edses. O evento acontecer\u00e1 \u00e0s 10h e ser\u00e1 transmitido no canal do MEC no YouTube.\" \/>\n<meta property=\"og:url\" content=\"https:\/\/abrelivros.org.br\/site\/mec-lanca-o-relatorio-nacional-da-alfabetizacao-baseada-em-evidencias-renabe\/\" \/>\n<meta property=\"og:site_name\" content=\"Abrelivros\" \/>\n<meta property=\"article:published_time\" content=\"2021-04-13T18:38:13+00:00\" \/>\n<meta name=\"twitter:card\" content=\"summary_large_image\" \/>\n<script type=\"application\/ld+json\" class=\"yoast-schema-graph\">{\"@context\":\"https:\/\/schema.org\",\"@graph\":[{\"@type\":\"WebSite\",\"@id\":\"https:\/\/abrelivros.org.br\/site\/#website\",\"url\":\"https:\/\/abrelivros.org.br\/site\/\",\"name\":\"Abrelivros\",\"description\":\"\",\"potentialAction\":[{\"@type\":\"SearchAction\",\"target\":\"https:\/\/abrelivros.org.br\/site\/?s={search_term_string}\",\"query-input\":\"required name=search_term_string\"}],\"inLanguage\":\"pt-BR\"},{\"@type\":\"WebPage\",\"@id\":\"https:\/\/abrelivros.org.br\/site\/mec-lanca-o-relatorio-nacional-da-alfabetizacao-baseada-em-evidencias-renabe\/#webpage\",\"url\":\"https:\/\/abrelivros.org.br\/site\/mec-lanca-o-relatorio-nacional-da-alfabetizacao-baseada-em-evidencias-renabe\/\",\"name\":\"MEC lan\\u00e7a o Relat\\u00f3rio Nacional da Alfabetiza\\u00e7\\u00e3o Baseada em Evid\\u00eancias (Renabe) &raquo; Abrelivros\",\"isPartOf\":{\"@id\":\"https:\/\/abrelivros.org.br\/site\/#website\"},\"datePublished\":\"2021-04-13T18:38:13+00:00\",\"dateModified\":\"2021-04-13T18:38:13+00:00\",\"author\":{\"@id\":\"https:\/\/abrelivros.org.br\/site\/#\/schema\/person\/65db80e26409802ce15ac5feec6a15fd\"},\"breadcrumb\":{\"@id\":\"https:\/\/abrelivros.org.br\/site\/mec-lanca-o-relatorio-nacional-da-alfabetizacao-baseada-em-evidencias-renabe\/#breadcrumb\"},\"inLanguage\":\"pt-BR\",\"potentialAction\":[{\"@type\":\"ReadAction\",\"target\":[\"https:\/\/abrelivros.org.br\/site\/mec-lanca-o-relatorio-nacional-da-alfabetizacao-baseada-em-evidencias-renabe\/\"]}]},{\"@type\":\"BreadcrumbList\",\"@id\":\"https:\/\/abrelivros.org.br\/site\/mec-lanca-o-relatorio-nacional-da-alfabetizacao-baseada-em-evidencias-renabe\/#breadcrumb\",\"itemListElement\":[{\"@type\":\"ListItem\",\"position\":1,\"item\":{\"@type\":\"WebPage\",\"@id\":\"https:\/\/abrelivros.org.br\/site\/\",\"url\":\"https:\/\/abrelivros.org.br\/site\/\",\"name\":\"In\\u00edcio\"}},{\"@type\":\"ListItem\",\"position\":2,\"item\":{\"@type\":\"WebPage\",\"@id\":\"https:\/\/abrelivros.org.br\/site\/category\/noticias\/\",\"url\":\"https:\/\/abrelivros.org.br\/site\/category\/noticias\/\",\"name\":\"Not\\u00edcias\"}},{\"@type\":\"ListItem\",\"position\":3,\"item\":{\"@type\":\"WebPage\",\"@id\":\"https:\/\/abrelivros.org.br\/site\/category\/noticias\/noticias-da-imprensa\/\",\"url\":\"https:\/\/abrelivros.org.br\/site\/category\/noticias\/noticias-da-imprensa\/\",\"name\":\"Not\\u00edcias da imprensa\"}},{\"@type\":\"ListItem\",\"position\":4,\"item\":{\"@type\":\"WebPage\",\"@id\":\"https:\/\/abrelivros.org.br\/site\/mec-lanca-o-relatorio-nacional-da-alfabetizacao-baseada-em-evidencias-renabe\/\",\"url\":\"https:\/\/abrelivros.org.br\/site\/mec-lanca-o-relatorio-nacional-da-alfabetizacao-baseada-em-evidencias-renabe\/\",\"name\":\"MEC lan\\u00e7a o Relat\\u00f3rio Nacional da Alfabetiza\\u00e7\\u00e3o Baseada em Evid\\u00eancias (Renabe)\"}}]},{\"@type\":\"Person\",\"@id\":\"https:\/\/abrelivros.org.br\/site\/#\/schema\/person\/65db80e26409802ce15ac5feec6a15fd\",\"name\":\"Reda\\u00e7\\u00e3o Abrelivros\",\"image\":{\"@type\":\"ImageObject\",\"@id\":\"https:\/\/abrelivros.org.br\/site\/#personlogo\",\"inLanguage\":\"pt-BR\",\"url\":\"https:\/\/secure.gravatar.com\/avatar\/c4e57f9c7e3482965bd428192061218520756c39080b1d1820b679fa5e9af192?s=96&d=mm&r=g\",\"caption\":\"Reda\\u00e7\\u00e3o Abrelivros\"}}]}<\/script>\n<!-- \/ Yoast SEO plugin. -->","_links":{"self":[{"href":"https:\/\/abrelivros.org.br\/site\/wp-json\/wp\/v2\/posts\/13733","targetHints":{"allow":["GET"]}}],"collection":[{"href":"https:\/\/abrelivros.org.br\/site\/wp-json\/wp\/v2\/posts"}],"about":[{"href":"https:\/\/abrelivros.org.br\/site\/wp-json\/wp\/v2\/types\/post"}],"author":[{"embeddable":true,"href":"https:\/\/abrelivros.org.br\/site\/wp-json\/wp\/v2\/users\/4"}],"replies":[{"embeddable":true,"href":"https:\/\/abrelivros.org.br\/site\/wp-json\/wp\/v2\/comments?post=13733"}],"version-history":[{"count":1,"href":"https:\/\/abrelivros.org.br\/site\/wp-json\/wp\/v2\/posts\/13733\/revisions"}],"predecessor-version":[{"id":13734,"href":"https:\/\/abrelivros.org.br\/site\/wp-json\/wp\/v2\/posts\/13733\/revisions\/13734"}],"wp:attachment":[{"href":"https:\/\/abrelivros.org.br\/site\/wp-json\/wp\/v2\/media?parent=13733"}],"wp:term":[{"taxonomy":"category","embeddable":true,"href":"https:\/\/abrelivros.org.br\/site\/wp-json\/wp\/v2\/categories?post=13733"},{"taxonomy":"post_tag","embeddable":true,"href":"https:\/\/abrelivros.org.br\/site\/wp-json\/wp\/v2\/tags?post=13733"}],"curies":[{"name":"wp","href":"https:\/\/api.w.org\/{rel}","templated":true}]}}