{"id":13731,"date":"2021-04-13T15:36:23","date_gmt":"2021-04-13T18:36:23","guid":{"rendered":"https:\/\/abrelivros.org.br\/site\/?p=13731"},"modified":"2021-04-13T15:36:23","modified_gmt":"2021-04-13T18:36:23","slug":"webinario-sobre-a-busca-ativa-escolar-na-educacao-infantil","status":"publish","type":"post","link":"https:\/\/abrelivros.org.br\/site\/webinario-sobre-a-busca-ativa-escolar-na-educacao-infantil\/","title":{"rendered":"Webin\u00e1rio sobre a Busca Ativa Escolar na Educa\u00e7\u00e3o Infantil"},"content":{"rendered":"<p>A Secretaria de Educa\u00e7\u00e3o B\u00e1sica (Seb), do Minist\u00e9rio da Educa\u00e7\u00e3o (MEC) realiza nesta ter\u00e7a-feira (13), juntamente com o Fundo das Na\u00e7\u00f5es Unidas para a Inf\u00e2ncia (UNICEF) e com a Uni\u00e3o Nacional dos Dirigentes Municipais de Educa\u00e7\u00e3o (Undime).<!--more--> o Webin\u00e1rio sobre <a href=\"https:\/\/buscaativaescolar.org.br\/\" target=\"_blank\" rel=\"noopener noreferrer\">Busca Ativa<\/a> Escolar na Educa\u00e7\u00e3o Infantil, disponibilizado \u00e0s 15:00 horas, com transmiss\u00e3o pelo canal do Conviva <a href=\"https:\/\/convivaeducacao.org.br\/videoconferencia\">https:\/\/convivaeducacao.org.br\/videoconferencia<\/a>.<\/p>\n<p>O evento atende \u00e0 uma recomenda\u00e7\u00e3o do Tribunal de Contas da Uni\u00e3o (TCU) para orientar os munic\u00edpios e o DF sobre a Busca ativa na Educa\u00e7\u00e3o Infantil. A inten\u00e7\u00e3o \u00e9 apoiar os governos na identifica\u00e7\u00e3o, registro, controle e acompanhamento de crian\u00e7as e adolescentes que est\u00e3o fora da escola ou em risco de evas\u00e3o. Por meio da Busca Ativa Escolar, munic\u00edpios e estados ter\u00e3o dados concretos que possibilitar\u00e3o planejar, desenvolver e implementar pol\u00edticas p\u00fablicas que contribuam para a inclus\u00e3o escolar.<\/p>\n<p>A plataforma \u00e9 gratuita e visa ajudar os munic\u00edpios a combater a exclus\u00e3o escolar, desenvolvida pelo Fundo das Na\u00e7\u00f5es Unidas para a Inf\u00e2ncia (UNICEF) em parceria com a Uni\u00e3o Nacional dos Dirigentes Municipais de Educa\u00e7\u00e3o (Undime), com o Colegiado Nacional de Gestores Municipais de Assist\u00eancia Social (Congemas).<\/p>\n<p>A plataforma re\u00fane representantes de diferentes \u00e1reas, como educa\u00e7\u00e3o, sa\u00fade, assist\u00eancia social e planejamento. Cada pessoa ou grupo tem um papel espec\u00edfico, que vai desde a identifica\u00e7\u00e3o de uma crian\u00e7a ou adolescente fora da escola at\u00e9 a tomada das provid\u00eancias necess\u00e1rias para a matr\u00edcula e a perman\u00eancia do aluno na escola.<\/p>\n<p>Todo o processo \u00e9 feito pela internet e a ferramenta pode ser acessada em qualquer dispositivo como computadores de mesa, computadores port\u00e1teis, tablets e celulares. H\u00e1 tamb\u00e9m formul\u00e1rios que poder\u00e3o ser impressos para agentes comunit\u00e1rios e t\u00e9cnicos verificadores que n\u00e3o t\u00eam acesso a dispositivos m\u00f3veis.<\/p>\n","protected":false},"excerpt":{"rendered":"<p>A Secretaria de Educa\u00e7\u00e3o B\u00e1sica (Seb), do Minist\u00e9rio da Educa\u00e7\u00e3o (MEC) realiza nesta ter\u00e7a-feira (13), juntamente com o Fundo das Na\u00e7\u00f5es Unidas para a Inf\u00e2ncia (UNICEF) e com a Uni\u00e3o Nacional dos Dirigentes Municipais de Educa\u00e7\u00e3o (Undime).<\/p>\n","protected":false},"author":4,"featured_media":0,"comment_status":"closed","ping_status":"closed","sticky":false,"template":"","format":"standard","meta":{"footnotes":"","_links_to":"","_links_to_target":""},"categories":[9],"tags":[],"class_list":["post-13731","post","type-post","status-publish","format-standard","hentry","category-noticias-da-imprensa"],"yoast_head":"<!-- This site is optimized with the Yoast SEO plugin v15.1 - https:\/\/yoast.com\/wordpress\/plugins\/seo\/ -->\n<title>Webin\u00e1rio sobre a Busca Ativa Escolar na Educa\u00e7\u00e3o Infantil &raquo; Abrelivros<\/title>\n<meta name=\"robots\" content=\"index, follow, max-snippet:-1, max-image-preview:large, max-video-preview:-1\" \/>\n<link rel=\"canonical\" href=\"https:\/\/abrelivros.org.br\/site\/webinario-sobre-a-busca-ativa-escolar-na-educacao-infantil\/\" \/>\n<meta property=\"og:locale\" content=\"pt_BR\" \/>\n<meta property=\"og:type\" content=\"article\" \/>\n<meta property=\"og:title\" content=\"Webin\u00e1rio sobre a Busca Ativa Escolar na Educa\u00e7\u00e3o Infantil &raquo; Abrelivros\" \/>\n<meta property=\"og:description\" content=\"A Secretaria de Educa\u00e7\u00e3o B\u00e1sica (Seb), do Minist\u00e9rio da Educa\u00e7\u00e3o (MEC) realiza nesta ter\u00e7a-feira (13), juntamente com o Fundo das Na\u00e7\u00f5es Unidas para a Inf\u00e2ncia (UNICEF) e com a Uni\u00e3o Nacional dos Dirigentes Municipais de Educa\u00e7\u00e3o (Undime).\" \/>\n<meta property=\"og:url\" content=\"https:\/\/abrelivros.org.br\/site\/webinario-sobre-a-busca-ativa-escolar-na-educacao-infantil\/\" \/>\n<meta property=\"og:site_name\" content=\"Abrelivros\" \/>\n<meta property=\"article:published_time\" content=\"2021-04-13T18:36:23+00:00\" \/>\n<meta name=\"twitter:card\" content=\"summary_large_image\" \/>\n<script type=\"application\/ld+json\" class=\"yoast-schema-graph\">{\"@context\":\"https:\/\/schema.org\",\"@graph\":[{\"@type\":\"WebSite\",\"@id\":\"https:\/\/abrelivros.org.br\/site\/#website\",\"url\":\"https:\/\/abrelivros.org.br\/site\/\",\"name\":\"Abrelivros\",\"description\":\"\",\"potentialAction\":[{\"@type\":\"SearchAction\",\"target\":\"https:\/\/abrelivros.org.br\/site\/?s={search_term_string}\",\"query-input\":\"required name=search_term_string\"}],\"inLanguage\":\"pt-BR\"},{\"@type\":\"WebPage\",\"@id\":\"https:\/\/abrelivros.org.br\/site\/webinario-sobre-a-busca-ativa-escolar-na-educacao-infantil\/#webpage\",\"url\":\"https:\/\/abrelivros.org.br\/site\/webinario-sobre-a-busca-ativa-escolar-na-educacao-infantil\/\",\"name\":\"Webin\\u00e1rio sobre a Busca Ativa Escolar na Educa\\u00e7\\u00e3o Infantil &raquo; Abrelivros\",\"isPartOf\":{\"@id\":\"https:\/\/abrelivros.org.br\/site\/#website\"},\"datePublished\":\"2021-04-13T18:36:23+00:00\",\"dateModified\":\"2021-04-13T18:36:23+00:00\",\"author\":{\"@id\":\"https:\/\/abrelivros.org.br\/site\/#\/schema\/person\/65db80e26409802ce15ac5feec6a15fd\"},\"breadcrumb\":{\"@id\":\"https:\/\/abrelivros.org.br\/site\/webinario-sobre-a-busca-ativa-escolar-na-educacao-infantil\/#breadcrumb\"},\"inLanguage\":\"pt-BR\",\"potentialAction\":[{\"@type\":\"ReadAction\",\"target\":[\"https:\/\/abrelivros.org.br\/site\/webinario-sobre-a-busca-ativa-escolar-na-educacao-infantil\/\"]}]},{\"@type\":\"BreadcrumbList\",\"@id\":\"https:\/\/abrelivros.org.br\/site\/webinario-sobre-a-busca-ativa-escolar-na-educacao-infantil\/#breadcrumb\",\"itemListElement\":[{\"@type\":\"ListItem\",\"position\":1,\"item\":{\"@type\":\"WebPage\",\"@id\":\"https:\/\/abrelivros.org.br\/site\/\",\"url\":\"https:\/\/abrelivros.org.br\/site\/\",\"name\":\"In\\u00edcio\"}},{\"@type\":\"ListItem\",\"position\":2,\"item\":{\"@type\":\"WebPage\",\"@id\":\"https:\/\/abrelivros.org.br\/site\/category\/noticias\/\",\"url\":\"https:\/\/abrelivros.org.br\/site\/category\/noticias\/\",\"name\":\"Not\\u00edcias\"}},{\"@type\":\"ListItem\",\"position\":3,\"item\":{\"@type\":\"WebPage\",\"@id\":\"https:\/\/abrelivros.org.br\/site\/category\/noticias\/noticias-da-imprensa\/\",\"url\":\"https:\/\/abrelivros.org.br\/site\/category\/noticias\/noticias-da-imprensa\/\",\"name\":\"Not\\u00edcias da imprensa\"}},{\"@type\":\"ListItem\",\"position\":4,\"item\":{\"@type\":\"WebPage\",\"@id\":\"https:\/\/abrelivros.org.br\/site\/webinario-sobre-a-busca-ativa-escolar-na-educacao-infantil\/\",\"url\":\"https:\/\/abrelivros.org.br\/site\/webinario-sobre-a-busca-ativa-escolar-na-educacao-infantil\/\",\"name\":\"Webin\\u00e1rio sobre a Busca Ativa Escolar na Educa\\u00e7\\u00e3o Infantil\"}}]},{\"@type\":\"Person\",\"@id\":\"https:\/\/abrelivros.org.br\/site\/#\/schema\/person\/65db80e26409802ce15ac5feec6a15fd\",\"name\":\"Reda\\u00e7\\u00e3o Abrelivros\",\"image\":{\"@type\":\"ImageObject\",\"@id\":\"https:\/\/abrelivros.org.br\/site\/#personlogo\",\"inLanguage\":\"pt-BR\",\"url\":\"https:\/\/secure.gravatar.com\/avatar\/c4e57f9c7e3482965bd428192061218520756c39080b1d1820b679fa5e9af192?s=96&d=mm&r=g\",\"caption\":\"Reda\\u00e7\\u00e3o Abrelivros\"}}]}<\/script>\n<!-- \/ Yoast SEO plugin. -->","_links":{"self":[{"href":"https:\/\/abrelivros.org.br\/site\/wp-json\/wp\/v2\/posts\/13731","targetHints":{"allow":["GET"]}}],"collection":[{"href":"https:\/\/abrelivros.org.br\/site\/wp-json\/wp\/v2\/posts"}],"about":[{"href":"https:\/\/abrelivros.org.br\/site\/wp-json\/wp\/v2\/types\/post"}],"author":[{"embeddable":true,"href":"https:\/\/abrelivros.org.br\/site\/wp-json\/wp\/v2\/users\/4"}],"replies":[{"embeddable":true,"href":"https:\/\/abrelivros.org.br\/site\/wp-json\/wp\/v2\/comments?post=13731"}],"version-history":[{"count":1,"href":"https:\/\/abrelivros.org.br\/site\/wp-json\/wp\/v2\/posts\/13731\/revisions"}],"predecessor-version":[{"id":13732,"href":"https:\/\/abrelivros.org.br\/site\/wp-json\/wp\/v2\/posts\/13731\/revisions\/13732"}],"wp:attachment":[{"href":"https:\/\/abrelivros.org.br\/site\/wp-json\/wp\/v2\/media?parent=13731"}],"wp:term":[{"taxonomy":"category","embeddable":true,"href":"https:\/\/abrelivros.org.br\/site\/wp-json\/wp\/v2\/categories?post=13731"},{"taxonomy":"post_tag","embeddable":true,"href":"https:\/\/abrelivros.org.br\/site\/wp-json\/wp\/v2\/tags?post=13731"}],"curies":[{"name":"wp","href":"https:\/\/api.w.org\/{rel}","templated":true}]}}