{"id":13729,"date":"2021-04-13T15:33:06","date_gmt":"2021-04-13T18:33:06","guid":{"rendered":"https:\/\/abrelivros.org.br\/site\/?p=13729"},"modified":"2021-04-13T15:33:06","modified_gmt":"2021-04-13T18:33:06","slug":"mec-lanca-cartilha-de-orientacoes-volta-as-aulas-de-estudantes-surdos-na-educacao-basica","status":"publish","type":"post","link":"https:\/\/abrelivros.org.br\/site\/mec-lanca-cartilha-de-orientacoes-volta-as-aulas-de-estudantes-surdos-na-educacao-basica\/","title":{"rendered":"MEC lan\u00e7a Cartilha de Orienta\u00e7\u00f5es Volta \u00e0s Aulas de Estudantes Surdos, na Educa\u00e7\u00e3o B\u00e1sica"},"content":{"rendered":"<p>A Secretaria de Modalidades Especiais (SEMESP) do Minist\u00e9rio da Educa\u00e7\u00e3o (MEC) lan\u00e7a hoje a Cartilha de Orienta\u00e7\u00f5es Volta \u00e0s Aulas de Estudantes Surdos na Educa\u00e7\u00e3o B\u00e1sica. Com a\u00e7\u00f5es de orienta\u00e7\u00e3o para aprimorar o atendimento de estudantes com defici\u00eancia auditiva sinalizantes, surdos, surdocegos, surdos com altas habilidades\/superdota\u00e7\u00e3o.<!--more--> surdos com defici\u00eancias associadas, a cartilha apresenta cuidados importantes no retorno das atividades escolares e atendimento educacional especializado presenciais.<\/p>\n<p>A cartilha est\u00e1 organizada em sete t\u00f3picos, discorridos ao longo das 25 p\u00e1ginas que comp\u00f5em o documento. Dentre outros, s\u00e3o abordados temas como a m\u00e1scara para estudantes surdos, j\u00e1 que as express\u00f5es faciais s\u00e3o t\u00e3o importantes para uma comunica\u00e7\u00e3o afetiva e as m\u00e1scaras comuns podem atrapalhar a visualiza\u00e7\u00e3o; a disposi\u00e7\u00e3o das salas de aulas; e como capacitar e aprimorar o atendimento dos profissionais. Ao final da cartilha, s\u00e3o dispostos dados que auxiliam no combate da Covid-19, al\u00e9m de importantes cuidados a serem tomados para prevenir o v\u00edrus.<\/p>\n<p>A SEMESP ressalta que em rela\u00e7\u00e3o aos aspectos administrativos dos sistemas de ensino e o funcionamento de escolas e locais de atendimento educacional especializado, \u00e9 importante seguir as orienta\u00e7\u00f5es e normas emitidas pelo Conselho Nacional de Educa\u00e7\u00e3o (CNE) e normas pr\u00f3prias de cada sistema estadual, municipal e distrital.<\/p>\n<p>Clique <a href=\"https:\/\/www.gov.br\/mec\/pt-br\/media\/acesso_informacacao\/pdf\/CartilhacomSumrioCompletaautoridadessumrioerevisada1.pdf\" target=\"_blank\" rel=\"noopener noreferrer\">aqui<\/a> e confira a Cartilha de Orienta\u00e7\u00f5es Volta \u00e0s Aulas de Estudantes Surdos na Educa\u00e7\u00e3o B\u00e1sica.<\/p>\n<p>&nbsp;<\/p>\n","protected":false},"excerpt":{"rendered":"<p>A Secretaria de Modalidades Especiais (SEMESP) do Minist\u00e9rio da Educa\u00e7\u00e3o (MEC) lan\u00e7a hoje a Cartilha de Orienta\u00e7\u00f5es Volta \u00e0s Aulas de Estudantes Surdos na Educa\u00e7\u00e3o B\u00e1sica. Com a\u00e7\u00f5es de orienta\u00e7\u00e3o para aprimorar o atendimento de estudantes com defici\u00eancia auditiva sinalizantes, surdos, surdocegos, surdos com altas habilidades\/superdota\u00e7\u00e3o.<\/p>\n","protected":false},"author":4,"featured_media":0,"comment_status":"closed","ping_status":"closed","sticky":false,"template":"","format":"standard","meta":{"footnotes":"","_links_to":"","_links_to_target":""},"categories":[9],"tags":[],"class_list":["post-13729","post","type-post","status-publish","format-standard","hentry","category-noticias-da-imprensa"],"yoast_head":"<!-- This site is optimized with the Yoast SEO plugin v15.1 - https:\/\/yoast.com\/wordpress\/plugins\/seo\/ -->\n<title>MEC lan\u00e7a Cartilha de Orienta\u00e7\u00f5es Volta \u00e0s Aulas de Estudantes Surdos, na Educa\u00e7\u00e3o B\u00e1sica &raquo; Abrelivros<\/title>\n<meta name=\"robots\" content=\"index, follow, max-snippet:-1, max-image-preview:large, max-video-preview:-1\" \/>\n<link rel=\"canonical\" href=\"https:\/\/abrelivros.org.br\/site\/mec-lanca-cartilha-de-orientacoes-volta-as-aulas-de-estudantes-surdos-na-educacao-basica\/\" \/>\n<meta property=\"og:locale\" content=\"pt_BR\" \/>\n<meta property=\"og:type\" content=\"article\" \/>\n<meta property=\"og:title\" content=\"MEC lan\u00e7a Cartilha de Orienta\u00e7\u00f5es Volta \u00e0s Aulas de Estudantes Surdos, na Educa\u00e7\u00e3o B\u00e1sica &raquo; Abrelivros\" \/>\n<meta property=\"og:description\" content=\"A Secretaria de Modalidades Especiais (SEMESP) do Minist\u00e9rio da Educa\u00e7\u00e3o (MEC) lan\u00e7a hoje a Cartilha de Orienta\u00e7\u00f5es Volta \u00e0s Aulas de Estudantes Surdos na Educa\u00e7\u00e3o B\u00e1sica. Com a\u00e7\u00f5es de orienta\u00e7\u00e3o para aprimorar o atendimento de estudantes com defici\u00eancia auditiva sinalizantes, surdos, surdocegos, surdos com altas habilidades\/superdota\u00e7\u00e3o.\" \/>\n<meta property=\"og:url\" content=\"https:\/\/abrelivros.org.br\/site\/mec-lanca-cartilha-de-orientacoes-volta-as-aulas-de-estudantes-surdos-na-educacao-basica\/\" \/>\n<meta property=\"og:site_name\" content=\"Abrelivros\" \/>\n<meta property=\"article:published_time\" content=\"2021-04-13T18:33:06+00:00\" \/>\n<meta name=\"twitter:card\" content=\"summary_large_image\" \/>\n<script type=\"application\/ld+json\" class=\"yoast-schema-graph\">{\"@context\":\"https:\/\/schema.org\",\"@graph\":[{\"@type\":\"WebSite\",\"@id\":\"https:\/\/abrelivros.org.br\/site\/#website\",\"url\":\"https:\/\/abrelivros.org.br\/site\/\",\"name\":\"Abrelivros\",\"description\":\"\",\"potentialAction\":[{\"@type\":\"SearchAction\",\"target\":\"https:\/\/abrelivros.org.br\/site\/?s={search_term_string}\",\"query-input\":\"required name=search_term_string\"}],\"inLanguage\":\"pt-BR\"},{\"@type\":\"WebPage\",\"@id\":\"https:\/\/abrelivros.org.br\/site\/mec-lanca-cartilha-de-orientacoes-volta-as-aulas-de-estudantes-surdos-na-educacao-basica\/#webpage\",\"url\":\"https:\/\/abrelivros.org.br\/site\/mec-lanca-cartilha-de-orientacoes-volta-as-aulas-de-estudantes-surdos-na-educacao-basica\/\",\"name\":\"MEC lan\\u00e7a Cartilha de Orienta\\u00e7\\u00f5es Volta \\u00e0s Aulas de Estudantes Surdos, na Educa\\u00e7\\u00e3o B\\u00e1sica &raquo; Abrelivros\",\"isPartOf\":{\"@id\":\"https:\/\/abrelivros.org.br\/site\/#website\"},\"datePublished\":\"2021-04-13T18:33:06+00:00\",\"dateModified\":\"2021-04-13T18:33:06+00:00\",\"author\":{\"@id\":\"https:\/\/abrelivros.org.br\/site\/#\/schema\/person\/65db80e26409802ce15ac5feec6a15fd\"},\"breadcrumb\":{\"@id\":\"https:\/\/abrelivros.org.br\/site\/mec-lanca-cartilha-de-orientacoes-volta-as-aulas-de-estudantes-surdos-na-educacao-basica\/#breadcrumb\"},\"inLanguage\":\"pt-BR\",\"potentialAction\":[{\"@type\":\"ReadAction\",\"target\":[\"https:\/\/abrelivros.org.br\/site\/mec-lanca-cartilha-de-orientacoes-volta-as-aulas-de-estudantes-surdos-na-educacao-basica\/\"]}]},{\"@type\":\"BreadcrumbList\",\"@id\":\"https:\/\/abrelivros.org.br\/site\/mec-lanca-cartilha-de-orientacoes-volta-as-aulas-de-estudantes-surdos-na-educacao-basica\/#breadcrumb\",\"itemListElement\":[{\"@type\":\"ListItem\",\"position\":1,\"item\":{\"@type\":\"WebPage\",\"@id\":\"https:\/\/abrelivros.org.br\/site\/\",\"url\":\"https:\/\/abrelivros.org.br\/site\/\",\"name\":\"In\\u00edcio\"}},{\"@type\":\"ListItem\",\"position\":2,\"item\":{\"@type\":\"WebPage\",\"@id\":\"https:\/\/abrelivros.org.br\/site\/category\/noticias\/\",\"url\":\"https:\/\/abrelivros.org.br\/site\/category\/noticias\/\",\"name\":\"Not\\u00edcias\"}},{\"@type\":\"ListItem\",\"position\":3,\"item\":{\"@type\":\"WebPage\",\"@id\":\"https:\/\/abrelivros.org.br\/site\/category\/noticias\/noticias-da-imprensa\/\",\"url\":\"https:\/\/abrelivros.org.br\/site\/category\/noticias\/noticias-da-imprensa\/\",\"name\":\"Not\\u00edcias da imprensa\"}},{\"@type\":\"ListItem\",\"position\":4,\"item\":{\"@type\":\"WebPage\",\"@id\":\"https:\/\/abrelivros.org.br\/site\/mec-lanca-cartilha-de-orientacoes-volta-as-aulas-de-estudantes-surdos-na-educacao-basica\/\",\"url\":\"https:\/\/abrelivros.org.br\/site\/mec-lanca-cartilha-de-orientacoes-volta-as-aulas-de-estudantes-surdos-na-educacao-basica\/\",\"name\":\"MEC lan\\u00e7a Cartilha de Orienta\\u00e7\\u00f5es Volta \\u00e0s Aulas de Estudantes Surdos, na Educa\\u00e7\\u00e3o B\\u00e1sica\"}}]},{\"@type\":\"Person\",\"@id\":\"https:\/\/abrelivros.org.br\/site\/#\/schema\/person\/65db80e26409802ce15ac5feec6a15fd\",\"name\":\"Reda\\u00e7\\u00e3o Abrelivros\",\"image\":{\"@type\":\"ImageObject\",\"@id\":\"https:\/\/abrelivros.org.br\/site\/#personlogo\",\"inLanguage\":\"pt-BR\",\"url\":\"https:\/\/secure.gravatar.com\/avatar\/c4e57f9c7e3482965bd428192061218520756c39080b1d1820b679fa5e9af192?s=96&d=mm&r=g\",\"caption\":\"Reda\\u00e7\\u00e3o Abrelivros\"}}]}<\/script>\n<!-- \/ Yoast SEO plugin. -->","_links":{"self":[{"href":"https:\/\/abrelivros.org.br\/site\/wp-json\/wp\/v2\/posts\/13729","targetHints":{"allow":["GET"]}}],"collection":[{"href":"https:\/\/abrelivros.org.br\/site\/wp-json\/wp\/v2\/posts"}],"about":[{"href":"https:\/\/abrelivros.org.br\/site\/wp-json\/wp\/v2\/types\/post"}],"author":[{"embeddable":true,"href":"https:\/\/abrelivros.org.br\/site\/wp-json\/wp\/v2\/users\/4"}],"replies":[{"embeddable":true,"href":"https:\/\/abrelivros.org.br\/site\/wp-json\/wp\/v2\/comments?post=13729"}],"version-history":[{"count":1,"href":"https:\/\/abrelivros.org.br\/site\/wp-json\/wp\/v2\/posts\/13729\/revisions"}],"predecessor-version":[{"id":13730,"href":"https:\/\/abrelivros.org.br\/site\/wp-json\/wp\/v2\/posts\/13729\/revisions\/13730"}],"wp:attachment":[{"href":"https:\/\/abrelivros.org.br\/site\/wp-json\/wp\/v2\/media?parent=13729"}],"wp:term":[{"taxonomy":"category","embeddable":true,"href":"https:\/\/abrelivros.org.br\/site\/wp-json\/wp\/v2\/categories?post=13729"},{"taxonomy":"post_tag","embeddable":true,"href":"https:\/\/abrelivros.org.br\/site\/wp-json\/wp\/v2\/tags?post=13729"}],"curies":[{"name":"wp","href":"https:\/\/api.w.org\/{rel}","templated":true}]}}