{"id":13724,"date":"2021-04-12T13:53:51","date_gmt":"2021-04-12T16:53:51","guid":{"rendered":"https:\/\/abrelivros.org.br\/site\/?p=13724"},"modified":"2021-04-12T13:58:28","modified_gmt":"2021-04-12T16:58:28","slug":"apanhadao-leitores-de-baixa-renda-tambem-temem-aumento-do-preco-dos-livros","status":"publish","type":"post","link":"https:\/\/abrelivros.org.br\/site\/apanhadao-leitores-de-baixa-renda-tambem-temem-aumento-do-preco-dos-livros\/","title":{"rendered":"Apanhad\u00e3o: Leitores de baixa renda tamb\u00e9m temem aumento do pre\u00e7o dos livros"},"content":{"rendered":"<p>Depois de a <a href=\"https:\/\/www.publishnews.com.br\/materias\/2021\/04\/07\/receita-repete-argumento-de-que-livro-e-produto-das-elites-para-justificar-incidencia-de-cbs\" target=\"_blank\" rel=\"noopener noreferrer\">Receita Federal repetir o argumento<\/a> de que livro \u00e9 produto das elites para justificar incid\u00eancia de CBS, <a href=\"https:\/\/oglobo.globo.com\/cultura\/livros\/leitores-de-baixa-renda-temem-aumento-do-preco-dos-livros-com-tese-da-receita-federal-de-que-so-rico-le-24964367\" target=\"_blank\" rel=\"noopener noreferrer\">O Globo<\/a> ouviu leitores de baixa renda que temem o aumento do pre\u00e7o dos livros.<!--more--> &#8220;Quem l\u00ea compreende o que ou outros dizem e passa a se expressar melhor&#8221;, diz professor de capoeira que montou biblioteca comunit\u00e1ria no Morro da Provid\u00eancia. Ra\u00edssa Luana de Oliveira, de 13 anos, que montou, em 2019, a biblioteca comunit\u00e1ria O mundo da Lua, na Ladeira dos Tabajas (Copacabana \/ RJ), tamb\u00e9m afirmou: \u201cA realidade n\u00e3o permite que as pessoas comprem um livro de R$ 60, R$ 70. Mas, mesmo assim, elas continuam lendo muito\u201d. Al\u00e9m do temor de que o fim da desonera\u00e7\u00e3o possa incidir em at\u00e9 12% de al\u00edquota sobre as publica\u00e7\u00f5es (o que reduziria ainda mais as possibilidades de compra), o setor reagiu com indigna\u00e7\u00e3o ao longo da semana \u00e0 tese de que \u201cs\u00f3 rico l\u00ea no Brasil\u201d, que ressurge a cada nova discuss\u00e3o sobre reforma tribut\u00e1ria.<\/p>\n<p>O <a href=\"https:\/\/cultura.estadao.com.br\/noticias\/literatura,influencers-estimulam-gosto-pela-leitura-em-seus-seguidores,70003676243\" target=\"_blank\" rel=\"noopener noreferrer\">Estad\u00e3o<\/a> apresentou influencers que estimulam o gosto pela leitura em seus seguidores. Conhecidos como booktoks ou booktubes, criadores de conte\u00fado compartilham sugest\u00f5es de livros em seus canais. \u201cA parte mais legal desse crescimento (de influencers liter\u00e1rios) \u00e9 ver as pessoas entrando no mundo liter\u00e1rio e at\u00e9 pessoas retornando para ele\u201d, opina Pedro Henrique Baumgarten, de 16 anos, que j\u00e1 conta com mais de 45 mil seguidores no TikTok. A mat\u00e9ria tamb\u00e9m ouviu outros influenciadores e deu dicas para melhorar a leitura.<\/p>\n<p>Entre fevereiro e mar\u00e7o, a Livraria S\u00e3o Jos\u00e9, a mais antiga do Rio de Janeiro, fechou as portas definitivamente. Com o encerramento do neg\u00f3cio, tamb\u00e9m deixa o of\u00edcio o homem considerado o mais antigo livreiro em atividade no Rio, Jos\u00e9 Germano da Silva. A <a href=\"https:\/\/www.bbc.com\/portuguese\/brasil-56684002\" target=\"_blank\" rel=\"noopener noreferrer\">BBC News<\/a> conversou com Seu Germano, hoje com 83 anos e contou a hist\u00f3ria da livraria. Germano come\u00e7ou a trabalhar na loja aos 12, como faxineiro e entregador, e depois virou propriet\u00e1rio. Com quase 70 anos de livraria, enfrentou nos \u00faltimos anos uma dura redu\u00e7\u00e3o das vendas, que ca\u00edram a zero em meio \u00e0s restri\u00e7\u00f5es impostas pela crise sanit\u00e1ria. &#8220;J\u00e1 estava ruim. Quando entrou a pandemia, acabou de matar&#8221;, disse na mat\u00e9ria que adiantou ainda que a hist\u00f3ria da livraria vai virar livro.<\/p>\n<p>A coluna Portugal Giro, d\u2019<a href=\"https:\/\/blogs.oglobo.globo.com\/portugal-giro\/post\/ditadura.html\" target=\"_blank\" rel=\"noopener noreferrer\">O Globo<\/a> informou que os livros escolares da ditadura est\u00e3o \u00e0 venda em Portugal \u00e0s v\u00e9speras do 25 de abril, feriado nacional para celebrar a data em que a Revolu\u00e7\u00e3o dos Cravos derrubou o Estado Novo, em 1974. As obras eram distribu\u00eddas nas escolas do pa\u00eds como parte da propaganda para disseminar entre os alunos a glorifica\u00e7\u00e3o do nacionalismo e colonialismo sob o comando do ditador Ant\u00f3nio de Oliveira Salazar.<\/p>\n<p>O destaque do <a href=\"https:\/\/www1.folha.uol.com.br\/colunas\/walter-porto\/2021\/04\/primeira-biografia-de-sueli-carneiro-narra-vida-de-lutas-em-prol-da-mulher-negra.shtml\" target=\"_blank\" rel=\"noopener noreferrer\">Painel das Letras<\/a> foi a primeira biografia de Sueli Carneiro, uma das mais importantes ativistas do movimento mulheres negras no Brasil. A Companhia das Letras marcou o lan\u00e7amento da obra Continuo preta, para o dia 11 de maio. Escrita por Bianca Santana, a obra mostra como a vida da intelectual se confunde com a hist\u00f3ria da luta contra o racismo e o machismo estrutural no pa\u00eds desde, pelo menos, os anos 1970.<\/p>\n<p>No prelo das editoras, a Escureceu, criada em novembro passado, lan\u00e7a em maio a primeira edi\u00e7\u00e3o brasileira de N\u00e3o t\u00e3o branca, obra da americana Jessie Redmon Fauset escrita em 1928. No mesmo m\u00eas, sai uma edi\u00e7\u00e3o especial de Clara dos Anjos, de Lima Barreto.<\/p>\n<p>J\u00e1 a <a href=\"https:\/\/cultura.estadao.com.br\/blogs\/babel\/um-livro-por-semana-o-que-fica-da-gente-todos-os-santos-de-adriana-lisboa\/\" target=\"_blank\" rel=\"noopener noreferrer\">coluna da Babel<\/a> adiantou que os livros do Kit Curadoria da TAG ser\u00e3o indicados, este ano, por Lilia Schwarcz, Concei\u00e7\u00e3o Evaristo, Socorro Acioli, Clarice Falc\u00e3o, Kalaf Epalanga e Jeferson Ten\u00f3rio e que a Melhoramentos lan\u00e7a, em maio, a colet\u00e2nea Os Meninos Maluquinhos, homenagem ao personagem mais famoso de Ziraldo. A obra foi organizada e ilustrada por F\u00e1bio Yabu com textos de Raphael Draccon, Guga Mafra e Vitor Cafaggi, entre outros.<\/p>\n<p>A <a href=\"https:\/\/www1.folha.uol.com.br\/ilustrada\/2021\/04\/roberto-carlos-faz-80-anos-na-mira-de-novas-biografias-marcadas-por-furia-censora.shtml\" target=\"_blank\" rel=\"noopener noreferrer\">Folha<\/a> tamb\u00e9m adiantou que Roberto Carlos faz 80 anos na mira de novas biografias marcadas por f\u00faria censora. Paulo Cesar de Ara\u00fajo, que teve livro anterior levado aos tribunais, tenta de novo lan\u00e7ar obra sobre o cantor com Roberto Carlos outra vez (Record).<\/p>\n","protected":false},"excerpt":{"rendered":"<p>Depois de a Receita Federal repetir o argumento de que livro \u00e9 produto das elites para justificar incid\u00eancia de CBS, O Globo ouviu leitores de baixa renda que temem o aumento do pre\u00e7o dos livros.<\/p>\n","protected":false},"author":4,"featured_media":0,"comment_status":"closed","ping_status":"closed","sticky":false,"template":"","format":"standard","meta":{"footnotes":"","_links_to":"","_links_to_target":""},"categories":[9],"tags":[],"class_list":["post-13724","post","type-post","status-publish","format-standard","hentry","category-noticias-da-imprensa"],"yoast_head":"<!-- This site is optimized with the Yoast SEO plugin v15.1 - https:\/\/yoast.com\/wordpress\/plugins\/seo\/ -->\n<title>Apanhad\u00e3o: Leitores de baixa renda tamb\u00e9m temem aumento do pre\u00e7o dos livros &raquo; Abrelivros<\/title>\n<meta name=\"robots\" content=\"index, follow, max-snippet:-1, max-image-preview:large, max-video-preview:-1\" \/>\n<link rel=\"canonical\" href=\"https:\/\/abrelivros.org.br\/site\/apanhadao-leitores-de-baixa-renda-tambem-temem-aumento-do-preco-dos-livros\/\" \/>\n<meta property=\"og:locale\" content=\"pt_BR\" \/>\n<meta property=\"og:type\" content=\"article\" \/>\n<meta property=\"og:title\" content=\"Apanhad\u00e3o: Leitores de baixa renda tamb\u00e9m temem aumento do pre\u00e7o dos livros &raquo; Abrelivros\" \/>\n<meta property=\"og:description\" content=\"Depois de a Receita Federal repetir o argumento de que livro \u00e9 produto das elites para justificar incid\u00eancia de CBS, O Globo ouviu leitores de baixa renda que temem o aumento do pre\u00e7o dos livros.\" \/>\n<meta property=\"og:url\" content=\"https:\/\/abrelivros.org.br\/site\/apanhadao-leitores-de-baixa-renda-tambem-temem-aumento-do-preco-dos-livros\/\" \/>\n<meta property=\"og:site_name\" content=\"Abrelivros\" \/>\n<meta property=\"article:published_time\" content=\"2021-04-12T16:53:51+00:00\" \/>\n<meta property=\"article:modified_time\" content=\"2021-04-12T16:58:28+00:00\" \/>\n<meta name=\"twitter:card\" content=\"summary_large_image\" \/>\n<script type=\"application\/ld+json\" class=\"yoast-schema-graph\">{\"@context\":\"https:\/\/schema.org\",\"@graph\":[{\"@type\":\"WebSite\",\"@id\":\"https:\/\/abrelivros.org.br\/site\/#website\",\"url\":\"https:\/\/abrelivros.org.br\/site\/\",\"name\":\"Abrelivros\",\"description\":\"\",\"potentialAction\":[{\"@type\":\"SearchAction\",\"target\":\"https:\/\/abrelivros.org.br\/site\/?s={search_term_string}\",\"query-input\":\"required name=search_term_string\"}],\"inLanguage\":\"pt-BR\"},{\"@type\":\"WebPage\",\"@id\":\"https:\/\/abrelivros.org.br\/site\/apanhadao-leitores-de-baixa-renda-tambem-temem-aumento-do-preco-dos-livros\/#webpage\",\"url\":\"https:\/\/abrelivros.org.br\/site\/apanhadao-leitores-de-baixa-renda-tambem-temem-aumento-do-preco-dos-livros\/\",\"name\":\"Apanhad\\u00e3o: Leitores de baixa renda tamb\\u00e9m temem aumento do pre\\u00e7o dos livros &raquo; Abrelivros\",\"isPartOf\":{\"@id\":\"https:\/\/abrelivros.org.br\/site\/#website\"},\"datePublished\":\"2021-04-12T16:53:51+00:00\",\"dateModified\":\"2021-04-12T16:58:28+00:00\",\"author\":{\"@id\":\"https:\/\/abrelivros.org.br\/site\/#\/schema\/person\/65db80e26409802ce15ac5feec6a15fd\"},\"breadcrumb\":{\"@id\":\"https:\/\/abrelivros.org.br\/site\/apanhadao-leitores-de-baixa-renda-tambem-temem-aumento-do-preco-dos-livros\/#breadcrumb\"},\"inLanguage\":\"pt-BR\",\"potentialAction\":[{\"@type\":\"ReadAction\",\"target\":[\"https:\/\/abrelivros.org.br\/site\/apanhadao-leitores-de-baixa-renda-tambem-temem-aumento-do-preco-dos-livros\/\"]}]},{\"@type\":\"BreadcrumbList\",\"@id\":\"https:\/\/abrelivros.org.br\/site\/apanhadao-leitores-de-baixa-renda-tambem-temem-aumento-do-preco-dos-livros\/#breadcrumb\",\"itemListElement\":[{\"@type\":\"ListItem\",\"position\":1,\"item\":{\"@type\":\"WebPage\",\"@id\":\"https:\/\/abrelivros.org.br\/site\/\",\"url\":\"https:\/\/abrelivros.org.br\/site\/\",\"name\":\"In\\u00edcio\"}},{\"@type\":\"ListItem\",\"position\":2,\"item\":{\"@type\":\"WebPage\",\"@id\":\"https:\/\/abrelivros.org.br\/site\/category\/noticias\/\",\"url\":\"https:\/\/abrelivros.org.br\/site\/category\/noticias\/\",\"name\":\"Not\\u00edcias\"}},{\"@type\":\"ListItem\",\"position\":3,\"item\":{\"@type\":\"WebPage\",\"@id\":\"https:\/\/abrelivros.org.br\/site\/category\/noticias\/noticias-da-imprensa\/\",\"url\":\"https:\/\/abrelivros.org.br\/site\/category\/noticias\/noticias-da-imprensa\/\",\"name\":\"Not\\u00edcias da imprensa\"}},{\"@type\":\"ListItem\",\"position\":4,\"item\":{\"@type\":\"WebPage\",\"@id\":\"https:\/\/abrelivros.org.br\/site\/apanhadao-leitores-de-baixa-renda-tambem-temem-aumento-do-preco-dos-livros\/\",\"url\":\"https:\/\/abrelivros.org.br\/site\/apanhadao-leitores-de-baixa-renda-tambem-temem-aumento-do-preco-dos-livros\/\",\"name\":\"Apanhad\\u00e3o: Leitores de baixa renda tamb\\u00e9m temem aumento do pre\\u00e7o dos livros\"}}]},{\"@type\":\"Person\",\"@id\":\"https:\/\/abrelivros.org.br\/site\/#\/schema\/person\/65db80e26409802ce15ac5feec6a15fd\",\"name\":\"Reda\\u00e7\\u00e3o Abrelivros\",\"image\":{\"@type\":\"ImageObject\",\"@id\":\"https:\/\/abrelivros.org.br\/site\/#personlogo\",\"inLanguage\":\"pt-BR\",\"url\":\"https:\/\/secure.gravatar.com\/avatar\/c4e57f9c7e3482965bd428192061218520756c39080b1d1820b679fa5e9af192?s=96&d=mm&r=g\",\"caption\":\"Reda\\u00e7\\u00e3o Abrelivros\"}}]}<\/script>\n<!-- \/ Yoast SEO plugin. -->","_links":{"self":[{"href":"https:\/\/abrelivros.org.br\/site\/wp-json\/wp\/v2\/posts\/13724","targetHints":{"allow":["GET"]}}],"collection":[{"href":"https:\/\/abrelivros.org.br\/site\/wp-json\/wp\/v2\/posts"}],"about":[{"href":"https:\/\/abrelivros.org.br\/site\/wp-json\/wp\/v2\/types\/post"}],"author":[{"embeddable":true,"href":"https:\/\/abrelivros.org.br\/site\/wp-json\/wp\/v2\/users\/4"}],"replies":[{"embeddable":true,"href":"https:\/\/abrelivros.org.br\/site\/wp-json\/wp\/v2\/comments?post=13724"}],"version-history":[{"count":2,"href":"https:\/\/abrelivros.org.br\/site\/wp-json\/wp\/v2\/posts\/13724\/revisions"}],"predecessor-version":[{"id":13726,"href":"https:\/\/abrelivros.org.br\/site\/wp-json\/wp\/v2\/posts\/13724\/revisions\/13726"}],"wp:attachment":[{"href":"https:\/\/abrelivros.org.br\/site\/wp-json\/wp\/v2\/media?parent=13724"}],"wp:term":[{"taxonomy":"category","embeddable":true,"href":"https:\/\/abrelivros.org.br\/site\/wp-json\/wp\/v2\/categories?post=13724"},{"taxonomy":"post_tag","embeddable":true,"href":"https:\/\/abrelivros.org.br\/site\/wp-json\/wp\/v2\/tags?post=13724"}],"curies":[{"name":"wp","href":"https:\/\/api.w.org\/{rel}","templated":true}]}}