{"id":13722,"date":"2021-04-12T13:44:34","date_gmt":"2021-04-12T16:44:34","guid":{"rendered":"https:\/\/abrelivros.org.br\/site\/?p=13722"},"modified":"2021-04-12T13:59:39","modified_gmt":"2021-04-12T16:59:39","slug":"10a-semana-de-estudo-e-leitura-foca-na-afetividade-diversidade-e-inclusao","status":"publish","type":"post","link":"https:\/\/abrelivros.org.br\/site\/10a-semana-de-estudo-e-leitura-foca-na-afetividade-diversidade-e-inclusao\/","title":{"rendered":"10\u00aa Semana de Estudo e Leitura foca na afetividade, diversidade e inclus\u00e3o"},"content":{"rendered":"<p>Nesta semana, de 12 a 16, acontece a 10\u00aa Semana Municipal de Incentivo e Orienta\u00e7\u00e3o ao Estudo e \u00e0 Leitura, institu\u00edda pela Lei Municipal 14.999\/09.O evento, que faz parte do Calend\u00e1rio Oficial da Cidade de S\u00e3o Paulo, tem como objetivo despertar, desenvolver e estimular a pr\u00e1tica do estudo e da leitura em crian\u00e7as, jovens e adultos por meio de diversas atividades.<!--more--> como conta\u00e7\u00e3o de hist\u00f3rias, saraus, apresenta\u00e7\u00f5es teatrais e musicais, roda de leitura, palestras, entrevistas e bate-papo com escritores.Nesta d\u00e9cima edi\u00e7\u00e3o, os temas centrais desenvolvidos s\u00e3o a afetividade, diversidade e inclus\u00e3o. Logo mais, \u00e0s 17h, Ilan Brenman participa de um bate-papo para falar sobre sua obra e escrita e \u00e0s 19h, acontece uma conversa sobre desabafos po\u00e9ticos. No dia 14, \u00e0s 17h, haver\u00e1 tamb\u00e9m um bate-papo com o escritor Pedro Bandeira e dentre as mais de 70 atividades, vale destacar tamb\u00e9m mais dois bate-papos: o do escritor Arthur Barros, reconhecido pelo RankBrasil como o mais jovem autor autista do pa\u00eds, e o da professora Luciana Ruiz, que abordar\u00e1 a leitura em braile e seus desafios. A programa\u00e7\u00e3o completa voc\u00ea confere <a href=\"https:\/\/estudoeleitura.com.br\/agenda-sel\/\" target=\"_blank\" rel=\"noopener noreferrer\">clicando aqui<\/a>.<!--more--><!--more--><\/p>\n","protected":false},"excerpt":{"rendered":"<p>Nesta semana, de 12 a 16, acontece a 10\u00aa Semana Municipal de Incentivo e Orienta\u00e7\u00e3o ao Estudo e \u00e0 Leitura, institu\u00edda pela Lei Municipal 14.999\/09.O evento, que faz parte do Calend\u00e1rio Oficial da Cidade de S\u00e3o Paulo, tem como objetivo despertar, desenvolver e estimular a pr\u00e1tica do estudo e da leitura em crian\u00e7as, jovens e [&hellip;]<\/p>\n","protected":false},"author":4,"featured_media":0,"comment_status":"closed","ping_status":"closed","sticky":false,"template":"","format":"standard","meta":{"footnotes":"","_links_to":"","_links_to_target":""},"categories":[9],"tags":[],"class_list":["post-13722","post","type-post","status-publish","format-standard","hentry","category-noticias-da-imprensa"],"yoast_head":"<!-- This site is optimized with the Yoast SEO plugin v15.1 - https:\/\/yoast.com\/wordpress\/plugins\/seo\/ -->\n<title>10\u00aa Semana de Estudo e Leitura foca na afetividade, diversidade e inclus\u00e3o &raquo; Abrelivros<\/title>\n<meta name=\"robots\" content=\"index, follow, max-snippet:-1, max-image-preview:large, max-video-preview:-1\" \/>\n<link rel=\"canonical\" href=\"https:\/\/abrelivros.org.br\/site\/10a-semana-de-estudo-e-leitura-foca-na-afetividade-diversidade-e-inclusao\/\" \/>\n<meta property=\"og:locale\" content=\"pt_BR\" \/>\n<meta property=\"og:type\" content=\"article\" \/>\n<meta property=\"og:title\" content=\"10\u00aa Semana de Estudo e Leitura foca na afetividade, diversidade e inclus\u00e3o &raquo; Abrelivros\" \/>\n<meta property=\"og:description\" content=\"Nesta semana, de 12 a 16, acontece a 10\u00aa Semana Municipal de Incentivo e Orienta\u00e7\u00e3o ao Estudo e \u00e0 Leitura, institu\u00edda pela Lei Municipal 14.999\/09.O evento, que faz parte do Calend\u00e1rio Oficial da Cidade de S\u00e3o Paulo, tem como objetivo despertar, desenvolver e estimular a pr\u00e1tica do estudo e da leitura em crian\u00e7as, jovens e [&hellip;]\" \/>\n<meta property=\"og:url\" content=\"https:\/\/abrelivros.org.br\/site\/10a-semana-de-estudo-e-leitura-foca-na-afetividade-diversidade-e-inclusao\/\" \/>\n<meta property=\"og:site_name\" content=\"Abrelivros\" \/>\n<meta property=\"article:published_time\" content=\"2021-04-12T16:44:34+00:00\" \/>\n<meta property=\"article:modified_time\" content=\"2021-04-12T16:59:39+00:00\" \/>\n<meta name=\"twitter:card\" content=\"summary_large_image\" \/>\n<script type=\"application\/ld+json\" class=\"yoast-schema-graph\">{\"@context\":\"https:\/\/schema.org\",\"@graph\":[{\"@type\":\"WebSite\",\"@id\":\"https:\/\/abrelivros.org.br\/site\/#website\",\"url\":\"https:\/\/abrelivros.org.br\/site\/\",\"name\":\"Abrelivros\",\"description\":\"\",\"potentialAction\":[{\"@type\":\"SearchAction\",\"target\":\"https:\/\/abrelivros.org.br\/site\/?s={search_term_string}\",\"query-input\":\"required name=search_term_string\"}],\"inLanguage\":\"pt-BR\"},{\"@type\":\"WebPage\",\"@id\":\"https:\/\/abrelivros.org.br\/site\/10a-semana-de-estudo-e-leitura-foca-na-afetividade-diversidade-e-inclusao\/#webpage\",\"url\":\"https:\/\/abrelivros.org.br\/site\/10a-semana-de-estudo-e-leitura-foca-na-afetividade-diversidade-e-inclusao\/\",\"name\":\"10\\u00aa Semana de Estudo e Leitura foca na afetividade, diversidade e inclus\\u00e3o &raquo; Abrelivros\",\"isPartOf\":{\"@id\":\"https:\/\/abrelivros.org.br\/site\/#website\"},\"datePublished\":\"2021-04-12T16:44:34+00:00\",\"dateModified\":\"2021-04-12T16:59:39+00:00\",\"author\":{\"@id\":\"https:\/\/abrelivros.org.br\/site\/#\/schema\/person\/65db80e26409802ce15ac5feec6a15fd\"},\"breadcrumb\":{\"@id\":\"https:\/\/abrelivros.org.br\/site\/10a-semana-de-estudo-e-leitura-foca-na-afetividade-diversidade-e-inclusao\/#breadcrumb\"},\"inLanguage\":\"pt-BR\",\"potentialAction\":[{\"@type\":\"ReadAction\",\"target\":[\"https:\/\/abrelivros.org.br\/site\/10a-semana-de-estudo-e-leitura-foca-na-afetividade-diversidade-e-inclusao\/\"]}]},{\"@type\":\"BreadcrumbList\",\"@id\":\"https:\/\/abrelivros.org.br\/site\/10a-semana-de-estudo-e-leitura-foca-na-afetividade-diversidade-e-inclusao\/#breadcrumb\",\"itemListElement\":[{\"@type\":\"ListItem\",\"position\":1,\"item\":{\"@type\":\"WebPage\",\"@id\":\"https:\/\/abrelivros.org.br\/site\/\",\"url\":\"https:\/\/abrelivros.org.br\/site\/\",\"name\":\"In\\u00edcio\"}},{\"@type\":\"ListItem\",\"position\":2,\"item\":{\"@type\":\"WebPage\",\"@id\":\"https:\/\/abrelivros.org.br\/site\/category\/noticias\/\",\"url\":\"https:\/\/abrelivros.org.br\/site\/category\/noticias\/\",\"name\":\"Not\\u00edcias\"}},{\"@type\":\"ListItem\",\"position\":3,\"item\":{\"@type\":\"WebPage\",\"@id\":\"https:\/\/abrelivros.org.br\/site\/category\/noticias\/noticias-da-imprensa\/\",\"url\":\"https:\/\/abrelivros.org.br\/site\/category\/noticias\/noticias-da-imprensa\/\",\"name\":\"Not\\u00edcias da imprensa\"}},{\"@type\":\"ListItem\",\"position\":4,\"item\":{\"@type\":\"WebPage\",\"@id\":\"https:\/\/abrelivros.org.br\/site\/10a-semana-de-estudo-e-leitura-foca-na-afetividade-diversidade-e-inclusao\/\",\"url\":\"https:\/\/abrelivros.org.br\/site\/10a-semana-de-estudo-e-leitura-foca-na-afetividade-diversidade-e-inclusao\/\",\"name\":\"10\\u00aa Semana de Estudo e Leitura foca na afetividade, diversidade e inclus\\u00e3o\"}}]},{\"@type\":\"Person\",\"@id\":\"https:\/\/abrelivros.org.br\/site\/#\/schema\/person\/65db80e26409802ce15ac5feec6a15fd\",\"name\":\"Reda\\u00e7\\u00e3o Abrelivros\",\"image\":{\"@type\":\"ImageObject\",\"@id\":\"https:\/\/abrelivros.org.br\/site\/#personlogo\",\"inLanguage\":\"pt-BR\",\"url\":\"https:\/\/secure.gravatar.com\/avatar\/c4e57f9c7e3482965bd428192061218520756c39080b1d1820b679fa5e9af192?s=96&d=mm&r=g\",\"caption\":\"Reda\\u00e7\\u00e3o Abrelivros\"}}]}<\/script>\n<!-- \/ Yoast SEO plugin. -->","_links":{"self":[{"href":"https:\/\/abrelivros.org.br\/site\/wp-json\/wp\/v2\/posts\/13722","targetHints":{"allow":["GET"]}}],"collection":[{"href":"https:\/\/abrelivros.org.br\/site\/wp-json\/wp\/v2\/posts"}],"about":[{"href":"https:\/\/abrelivros.org.br\/site\/wp-json\/wp\/v2\/types\/post"}],"author":[{"embeddable":true,"href":"https:\/\/abrelivros.org.br\/site\/wp-json\/wp\/v2\/users\/4"}],"replies":[{"embeddable":true,"href":"https:\/\/abrelivros.org.br\/site\/wp-json\/wp\/v2\/comments?post=13722"}],"version-history":[{"count":2,"href":"https:\/\/abrelivros.org.br\/site\/wp-json\/wp\/v2\/posts\/13722\/revisions"}],"predecessor-version":[{"id":13727,"href":"https:\/\/abrelivros.org.br\/site\/wp-json\/wp\/v2\/posts\/13722\/revisions\/13727"}],"wp:attachment":[{"href":"https:\/\/abrelivros.org.br\/site\/wp-json\/wp\/v2\/media?parent=13722"}],"wp:term":[{"taxonomy":"category","embeddable":true,"href":"https:\/\/abrelivros.org.br\/site\/wp-json\/wp\/v2\/categories?post=13722"},{"taxonomy":"post_tag","embeddable":true,"href":"https:\/\/abrelivros.org.br\/site\/wp-json\/wp\/v2\/tags?post=13722"}],"curies":[{"name":"wp","href":"https:\/\/api.w.org\/{rel}","templated":true}]}}