{"id":13720,"date":"2021-04-12T13:31:59","date_gmt":"2021-04-12T16:31:59","guid":{"rendered":"https:\/\/abrelivros.org.br\/site\/?p=13720"},"modified":"2021-04-12T13:31:59","modified_gmt":"2021-04-12T16:31:59","slug":"ministro-anuncia-mauro-rabelo-para-secretaria-de-educacao-basica-do-mec","status":"publish","type":"post","link":"https:\/\/abrelivros.org.br\/site\/ministro-anuncia-mauro-rabelo-para-secretaria-de-educacao-basica-do-mec\/","title":{"rendered":"Ministro anuncia Mauro Rabelo para Secretaria de Educa\u00e7\u00e3o B\u00e1sica do MEC"},"content":{"rendered":"<p>O ministro da Educa\u00e7\u00e3o, Milton Ribeiro, <a href=\"https:\/\/twitter.com\/mribeiroMEC\" target=\"_blank\" rel=\"noopener noreferrer\">anunciou<\/a> neste domingo (11) Mauro Luiz Rabelo como novo secret\u00e1rio adjunto de Educa\u00e7\u00e3o B\u00e1sica do Minist\u00e9rio da Educa\u00e7\u00e3o (MEC). Mauro \u00e9 professor titular do Departamento de Matem\u00e1tica da Universidade de Bras\u00edlia (UnB) e membro do Conselho de Administra\u00e7\u00e3o do Instituto de Matem\u00e1tica Pura e Aplicada (IMPA).<!--more--> Rabelo substitui Izabel Pessoa Lima, que pediu <a href=\"https:\/\/www.gazetadopovo.com.br\/vida-e-cidadania\/breves\/secretaria-de-educacao-basica-do-mec-pede-demissao\/?ref=link-interno-materia\" target=\"_blank\" rel=\"noopener noreferrer\">demiss\u00e3o<\/a> do cargo por quest\u00f5es de ordem pessoal. A ex-secret\u00e1ria perdeu o marido, v\u00edtima de Covid-19, em 2021.<\/p>\n","protected":false},"excerpt":{"rendered":"<p>O ministro da Educa\u00e7\u00e3o, Milton Ribeiro, anunciou neste domingo (11) Mauro Luiz Rabelo como novo secret\u00e1rio adjunto de Educa\u00e7\u00e3o B\u00e1sica do Minist\u00e9rio da Educa\u00e7\u00e3o (MEC). Mauro \u00e9 professor titular do Departamento de Matem\u00e1tica da Universidade de Bras\u00edlia (UnB) e membro do Conselho de Administra\u00e7\u00e3o do Instituto de Matem\u00e1tica Pura e Aplicada (IMPA).<\/p>\n","protected":false},"author":4,"featured_media":0,"comment_status":"closed","ping_status":"closed","sticky":false,"template":"","format":"standard","meta":{"footnotes":"","_links_to":"","_links_to_target":""},"categories":[9],"tags":[],"class_list":["post-13720","post","type-post","status-publish","format-standard","hentry","category-noticias-da-imprensa"],"yoast_head":"<!-- This site is optimized with the Yoast SEO plugin v15.1 - https:\/\/yoast.com\/wordpress\/plugins\/seo\/ -->\n<title>Ministro anuncia Mauro Rabelo para Secretaria de Educa\u00e7\u00e3o B\u00e1sica do MEC &raquo; Abrelivros<\/title>\n<meta name=\"robots\" content=\"index, follow, max-snippet:-1, max-image-preview:large, max-video-preview:-1\" \/>\n<link rel=\"canonical\" href=\"https:\/\/abrelivros.org.br\/site\/ministro-anuncia-mauro-rabelo-para-secretaria-de-educacao-basica-do-mec\/\" \/>\n<meta property=\"og:locale\" content=\"pt_BR\" \/>\n<meta property=\"og:type\" content=\"article\" \/>\n<meta property=\"og:title\" content=\"Ministro anuncia Mauro Rabelo para Secretaria de Educa\u00e7\u00e3o B\u00e1sica do MEC &raquo; Abrelivros\" \/>\n<meta property=\"og:description\" content=\"O ministro da Educa\u00e7\u00e3o, Milton Ribeiro, anunciou neste domingo (11) Mauro Luiz Rabelo como novo secret\u00e1rio adjunto de Educa\u00e7\u00e3o B\u00e1sica do Minist\u00e9rio da Educa\u00e7\u00e3o (MEC). Mauro \u00e9 professor titular do Departamento de Matem\u00e1tica da Universidade de Bras\u00edlia (UnB) e membro do Conselho de Administra\u00e7\u00e3o do Instituto de Matem\u00e1tica Pura e Aplicada (IMPA).\" \/>\n<meta property=\"og:url\" content=\"https:\/\/abrelivros.org.br\/site\/ministro-anuncia-mauro-rabelo-para-secretaria-de-educacao-basica-do-mec\/\" \/>\n<meta property=\"og:site_name\" content=\"Abrelivros\" \/>\n<meta property=\"article:published_time\" content=\"2021-04-12T16:31:59+00:00\" \/>\n<meta name=\"twitter:card\" content=\"summary_large_image\" \/>\n<script type=\"application\/ld+json\" class=\"yoast-schema-graph\">{\"@context\":\"https:\/\/schema.org\",\"@graph\":[{\"@type\":\"WebSite\",\"@id\":\"https:\/\/abrelivros.org.br\/site\/#website\",\"url\":\"https:\/\/abrelivros.org.br\/site\/\",\"name\":\"Abrelivros\",\"description\":\"\",\"potentialAction\":[{\"@type\":\"SearchAction\",\"target\":\"https:\/\/abrelivros.org.br\/site\/?s={search_term_string}\",\"query-input\":\"required name=search_term_string\"}],\"inLanguage\":\"pt-BR\"},{\"@type\":\"WebPage\",\"@id\":\"https:\/\/abrelivros.org.br\/site\/ministro-anuncia-mauro-rabelo-para-secretaria-de-educacao-basica-do-mec\/#webpage\",\"url\":\"https:\/\/abrelivros.org.br\/site\/ministro-anuncia-mauro-rabelo-para-secretaria-de-educacao-basica-do-mec\/\",\"name\":\"Ministro anuncia Mauro Rabelo para Secretaria de Educa\\u00e7\\u00e3o B\\u00e1sica do MEC &raquo; Abrelivros\",\"isPartOf\":{\"@id\":\"https:\/\/abrelivros.org.br\/site\/#website\"},\"datePublished\":\"2021-04-12T16:31:59+00:00\",\"dateModified\":\"2021-04-12T16:31:59+00:00\",\"author\":{\"@id\":\"https:\/\/abrelivros.org.br\/site\/#\/schema\/person\/65db80e26409802ce15ac5feec6a15fd\"},\"breadcrumb\":{\"@id\":\"https:\/\/abrelivros.org.br\/site\/ministro-anuncia-mauro-rabelo-para-secretaria-de-educacao-basica-do-mec\/#breadcrumb\"},\"inLanguage\":\"pt-BR\",\"potentialAction\":[{\"@type\":\"ReadAction\",\"target\":[\"https:\/\/abrelivros.org.br\/site\/ministro-anuncia-mauro-rabelo-para-secretaria-de-educacao-basica-do-mec\/\"]}]},{\"@type\":\"BreadcrumbList\",\"@id\":\"https:\/\/abrelivros.org.br\/site\/ministro-anuncia-mauro-rabelo-para-secretaria-de-educacao-basica-do-mec\/#breadcrumb\",\"itemListElement\":[{\"@type\":\"ListItem\",\"position\":1,\"item\":{\"@type\":\"WebPage\",\"@id\":\"https:\/\/abrelivros.org.br\/site\/\",\"url\":\"https:\/\/abrelivros.org.br\/site\/\",\"name\":\"In\\u00edcio\"}},{\"@type\":\"ListItem\",\"position\":2,\"item\":{\"@type\":\"WebPage\",\"@id\":\"https:\/\/abrelivros.org.br\/site\/category\/noticias\/\",\"url\":\"https:\/\/abrelivros.org.br\/site\/category\/noticias\/\",\"name\":\"Not\\u00edcias\"}},{\"@type\":\"ListItem\",\"position\":3,\"item\":{\"@type\":\"WebPage\",\"@id\":\"https:\/\/abrelivros.org.br\/site\/category\/noticias\/noticias-da-imprensa\/\",\"url\":\"https:\/\/abrelivros.org.br\/site\/category\/noticias\/noticias-da-imprensa\/\",\"name\":\"Not\\u00edcias da imprensa\"}},{\"@type\":\"ListItem\",\"position\":4,\"item\":{\"@type\":\"WebPage\",\"@id\":\"https:\/\/abrelivros.org.br\/site\/ministro-anuncia-mauro-rabelo-para-secretaria-de-educacao-basica-do-mec\/\",\"url\":\"https:\/\/abrelivros.org.br\/site\/ministro-anuncia-mauro-rabelo-para-secretaria-de-educacao-basica-do-mec\/\",\"name\":\"Ministro anuncia Mauro Rabelo para Secretaria de Educa\\u00e7\\u00e3o B\\u00e1sica do MEC\"}}]},{\"@type\":\"Person\",\"@id\":\"https:\/\/abrelivros.org.br\/site\/#\/schema\/person\/65db80e26409802ce15ac5feec6a15fd\",\"name\":\"Reda\\u00e7\\u00e3o Abrelivros\",\"image\":{\"@type\":\"ImageObject\",\"@id\":\"https:\/\/abrelivros.org.br\/site\/#personlogo\",\"inLanguage\":\"pt-BR\",\"url\":\"https:\/\/secure.gravatar.com\/avatar\/c4e57f9c7e3482965bd428192061218520756c39080b1d1820b679fa5e9af192?s=96&d=mm&r=g\",\"caption\":\"Reda\\u00e7\\u00e3o Abrelivros\"}}]}<\/script>\n<!-- \/ Yoast SEO plugin. -->","_links":{"self":[{"href":"https:\/\/abrelivros.org.br\/site\/wp-json\/wp\/v2\/posts\/13720","targetHints":{"allow":["GET"]}}],"collection":[{"href":"https:\/\/abrelivros.org.br\/site\/wp-json\/wp\/v2\/posts"}],"about":[{"href":"https:\/\/abrelivros.org.br\/site\/wp-json\/wp\/v2\/types\/post"}],"author":[{"embeddable":true,"href":"https:\/\/abrelivros.org.br\/site\/wp-json\/wp\/v2\/users\/4"}],"replies":[{"embeddable":true,"href":"https:\/\/abrelivros.org.br\/site\/wp-json\/wp\/v2\/comments?post=13720"}],"version-history":[{"count":1,"href":"https:\/\/abrelivros.org.br\/site\/wp-json\/wp\/v2\/posts\/13720\/revisions"}],"predecessor-version":[{"id":13721,"href":"https:\/\/abrelivros.org.br\/site\/wp-json\/wp\/v2\/posts\/13720\/revisions\/13721"}],"wp:attachment":[{"href":"https:\/\/abrelivros.org.br\/site\/wp-json\/wp\/v2\/media?parent=13720"}],"wp:term":[{"taxonomy":"category","embeddable":true,"href":"https:\/\/abrelivros.org.br\/site\/wp-json\/wp\/v2\/categories?post=13720"},{"taxonomy":"post_tag","embeddable":true,"href":"https:\/\/abrelivros.org.br\/site\/wp-json\/wp\/v2\/tags?post=13720"}],"curies":[{"name":"wp","href":"https:\/\/api.w.org\/{rel}","templated":true}]}}