{"id":13716,"date":"2021-04-12T13:22:18","date_gmt":"2021-04-12T16:22:18","guid":{"rendered":"https:\/\/abrelivros.org.br\/site\/?p=13716"},"modified":"2021-04-12T13:22:18","modified_gmt":"2021-04-12T16:22:18","slug":"dia-nacional-da-biblioteca-mec-trabalha-na-criacao-de-projetos-acessiveis-a-toda-populacao","status":"publish","type":"post","link":"https:\/\/abrelivros.org.br\/site\/dia-nacional-da-biblioteca-mec-trabalha-na-criacao-de-projetos-acessiveis-a-toda-populacao\/","title":{"rendered":"Dia Nacional da Biblioteca: MEC trabalha na cria\u00e7\u00e3o de projetos acess\u00edveis a toda popula\u00e7\u00e3o"},"content":{"rendered":"<p>\u00c9 comemorado, no dia 09 de abril, o Dia Nacional da Biblioteca, institu\u00eddo por meio do Decreto n\u00ba 84.631 de 1980. A data foi criada com o intuito de incentivar a leitura como ferramenta primordial da educa\u00e7\u00e3o no Brasil.<!--more--> A Secretaria de Alfabetiza\u00e7\u00e3o (Sealf) do Minist\u00e9rio da Educa\u00e7\u00e3o, com o objetivo de contribuir com o incentivo \u00e0 leitura, trabalha na cria\u00e7\u00e3o de projetos gratuitos e acess\u00edveis a toda a popula\u00e7\u00e3o.<\/p>\n<p>O programa Conta pra Mim, por exemplo, foi criado em dezembro de 2019 com o intuito de promover a Literacia Familiar, auxiliando desenvolvimento das quatro habilidades fundamentais: o ouvir, o falar, o ler e o escrever. Com o projeto, foram criados e disponibilizados gratuitamente diversos materiais que podem ser utilizados no dia a dia familiar.<\/p>\n<p>Entre eles, est\u00e1 a cole\u00e7\u00e3o de livros Conta pra Mim, uma minibiblioteca em formato digital composta por 44 livros, divididos entre as s\u00e9ries de fic\u00e7\u00e3o, poesia, biografia, informativos, livros para beb\u00eas e livros somente com imagens. Os livros podem ser lidos on-line e impressos em cores ou em preto e branco para as crian\u00e7as colorirem. Acesse os livros clicando aqui\u00b9.<\/p>\n<p>Al\u00e9m disso, o programa Conta pra Mim disponibilizou um guia e v\u00eddeos com t\u00e9cnicas de Literacia Familiar a serem aplicadas visando o desenvolvimento da linguagem das crian\u00e7as; um podcast com hist\u00f3rias infantis e contos de fadas narrados; uma s\u00e9rie de v\u00eddeos com cantigas tradicionais arranjadas e interpretadas pelo cantor e compositor Toquinho, que tamb\u00e9m l\u00ea f\u00e1bulas animadas escritas por Monteiro Lobato. Todos os conte\u00fados podem ser acessados na p\u00e1gina da Secretaria de Alfabetiza\u00e7\u00e3o do MEC.<\/p>\n<p>\u00b9 <a href=\"http:\/\/alfabetizacao.mec.gov.br\/contapramim\">http:\/\/alfabetizacao.mec.gov.br\/contapramim<\/a><\/p>\n","protected":false},"excerpt":{"rendered":"<p>\u00c9 comemorado, no dia 09 de abril, o Dia Nacional da Biblioteca, institu\u00eddo por meio do Decreto n\u00ba 84.631 de 1980. A data foi criada com o intuito de incentivar a leitura como ferramenta primordial da educa\u00e7\u00e3o no Brasil.<\/p>\n","protected":false},"author":4,"featured_media":0,"comment_status":"closed","ping_status":"closed","sticky":false,"template":"","format":"standard","meta":{"footnotes":"","_links_to":"","_links_to_target":""},"categories":[9],"tags":[],"class_list":["post-13716","post","type-post","status-publish","format-standard","hentry","category-noticias-da-imprensa"],"yoast_head":"<!-- This site is optimized with the Yoast SEO plugin v15.1 - https:\/\/yoast.com\/wordpress\/plugins\/seo\/ -->\n<title>Dia Nacional da Biblioteca: MEC trabalha na cria\u00e7\u00e3o de projetos acess\u00edveis a toda popula\u00e7\u00e3o &raquo; Abrelivros<\/title>\n<meta name=\"robots\" content=\"index, follow, max-snippet:-1, max-image-preview:large, max-video-preview:-1\" \/>\n<link rel=\"canonical\" href=\"https:\/\/abrelivros.org.br\/site\/dia-nacional-da-biblioteca-mec-trabalha-na-criacao-de-projetos-acessiveis-a-toda-populacao\/\" \/>\n<meta property=\"og:locale\" content=\"pt_BR\" \/>\n<meta property=\"og:type\" content=\"article\" \/>\n<meta property=\"og:title\" content=\"Dia Nacional da Biblioteca: MEC trabalha na cria\u00e7\u00e3o de projetos acess\u00edveis a toda popula\u00e7\u00e3o &raquo; Abrelivros\" \/>\n<meta property=\"og:description\" content=\"\u00c9 comemorado, no dia 09 de abril, o Dia Nacional da Biblioteca, institu\u00eddo por meio do Decreto n\u00ba 84.631 de 1980. A data foi criada com o intuito de incentivar a leitura como ferramenta primordial da educa\u00e7\u00e3o no Brasil.\" \/>\n<meta property=\"og:url\" content=\"https:\/\/abrelivros.org.br\/site\/dia-nacional-da-biblioteca-mec-trabalha-na-criacao-de-projetos-acessiveis-a-toda-populacao\/\" \/>\n<meta property=\"og:site_name\" content=\"Abrelivros\" \/>\n<meta property=\"article:published_time\" content=\"2021-04-12T16:22:18+00:00\" \/>\n<meta name=\"twitter:card\" content=\"summary_large_image\" \/>\n<script type=\"application\/ld+json\" class=\"yoast-schema-graph\">{\"@context\":\"https:\/\/schema.org\",\"@graph\":[{\"@type\":\"WebSite\",\"@id\":\"https:\/\/abrelivros.org.br\/site\/#website\",\"url\":\"https:\/\/abrelivros.org.br\/site\/\",\"name\":\"Abrelivros\",\"description\":\"\",\"potentialAction\":[{\"@type\":\"SearchAction\",\"target\":\"https:\/\/abrelivros.org.br\/site\/?s={search_term_string}\",\"query-input\":\"required name=search_term_string\"}],\"inLanguage\":\"pt-BR\"},{\"@type\":\"WebPage\",\"@id\":\"https:\/\/abrelivros.org.br\/site\/dia-nacional-da-biblioteca-mec-trabalha-na-criacao-de-projetos-acessiveis-a-toda-populacao\/#webpage\",\"url\":\"https:\/\/abrelivros.org.br\/site\/dia-nacional-da-biblioteca-mec-trabalha-na-criacao-de-projetos-acessiveis-a-toda-populacao\/\",\"name\":\"Dia Nacional da Biblioteca: MEC trabalha na cria\\u00e7\\u00e3o de projetos acess\\u00edveis a toda popula\\u00e7\\u00e3o &raquo; Abrelivros\",\"isPartOf\":{\"@id\":\"https:\/\/abrelivros.org.br\/site\/#website\"},\"datePublished\":\"2021-04-12T16:22:18+00:00\",\"dateModified\":\"2021-04-12T16:22:18+00:00\",\"author\":{\"@id\":\"https:\/\/abrelivros.org.br\/site\/#\/schema\/person\/65db80e26409802ce15ac5feec6a15fd\"},\"breadcrumb\":{\"@id\":\"https:\/\/abrelivros.org.br\/site\/dia-nacional-da-biblioteca-mec-trabalha-na-criacao-de-projetos-acessiveis-a-toda-populacao\/#breadcrumb\"},\"inLanguage\":\"pt-BR\",\"potentialAction\":[{\"@type\":\"ReadAction\",\"target\":[\"https:\/\/abrelivros.org.br\/site\/dia-nacional-da-biblioteca-mec-trabalha-na-criacao-de-projetos-acessiveis-a-toda-populacao\/\"]}]},{\"@type\":\"BreadcrumbList\",\"@id\":\"https:\/\/abrelivros.org.br\/site\/dia-nacional-da-biblioteca-mec-trabalha-na-criacao-de-projetos-acessiveis-a-toda-populacao\/#breadcrumb\",\"itemListElement\":[{\"@type\":\"ListItem\",\"position\":1,\"item\":{\"@type\":\"WebPage\",\"@id\":\"https:\/\/abrelivros.org.br\/site\/\",\"url\":\"https:\/\/abrelivros.org.br\/site\/\",\"name\":\"In\\u00edcio\"}},{\"@type\":\"ListItem\",\"position\":2,\"item\":{\"@type\":\"WebPage\",\"@id\":\"https:\/\/abrelivros.org.br\/site\/category\/noticias\/\",\"url\":\"https:\/\/abrelivros.org.br\/site\/category\/noticias\/\",\"name\":\"Not\\u00edcias\"}},{\"@type\":\"ListItem\",\"position\":3,\"item\":{\"@type\":\"WebPage\",\"@id\":\"https:\/\/abrelivros.org.br\/site\/category\/noticias\/noticias-da-imprensa\/\",\"url\":\"https:\/\/abrelivros.org.br\/site\/category\/noticias\/noticias-da-imprensa\/\",\"name\":\"Not\\u00edcias da imprensa\"}},{\"@type\":\"ListItem\",\"position\":4,\"item\":{\"@type\":\"WebPage\",\"@id\":\"https:\/\/abrelivros.org.br\/site\/dia-nacional-da-biblioteca-mec-trabalha-na-criacao-de-projetos-acessiveis-a-toda-populacao\/\",\"url\":\"https:\/\/abrelivros.org.br\/site\/dia-nacional-da-biblioteca-mec-trabalha-na-criacao-de-projetos-acessiveis-a-toda-populacao\/\",\"name\":\"Dia Nacional da Biblioteca: MEC trabalha na cria\\u00e7\\u00e3o de projetos acess\\u00edveis a toda popula\\u00e7\\u00e3o\"}}]},{\"@type\":\"Person\",\"@id\":\"https:\/\/abrelivros.org.br\/site\/#\/schema\/person\/65db80e26409802ce15ac5feec6a15fd\",\"name\":\"Reda\\u00e7\\u00e3o Abrelivros\",\"image\":{\"@type\":\"ImageObject\",\"@id\":\"https:\/\/abrelivros.org.br\/site\/#personlogo\",\"inLanguage\":\"pt-BR\",\"url\":\"https:\/\/secure.gravatar.com\/avatar\/c4e57f9c7e3482965bd428192061218520756c39080b1d1820b679fa5e9af192?s=96&d=mm&r=g\",\"caption\":\"Reda\\u00e7\\u00e3o Abrelivros\"}}]}<\/script>\n<!-- \/ Yoast SEO plugin. -->","_links":{"self":[{"href":"https:\/\/abrelivros.org.br\/site\/wp-json\/wp\/v2\/posts\/13716","targetHints":{"allow":["GET"]}}],"collection":[{"href":"https:\/\/abrelivros.org.br\/site\/wp-json\/wp\/v2\/posts"}],"about":[{"href":"https:\/\/abrelivros.org.br\/site\/wp-json\/wp\/v2\/types\/post"}],"author":[{"embeddable":true,"href":"https:\/\/abrelivros.org.br\/site\/wp-json\/wp\/v2\/users\/4"}],"replies":[{"embeddable":true,"href":"https:\/\/abrelivros.org.br\/site\/wp-json\/wp\/v2\/comments?post=13716"}],"version-history":[{"count":1,"href":"https:\/\/abrelivros.org.br\/site\/wp-json\/wp\/v2\/posts\/13716\/revisions"}],"predecessor-version":[{"id":13717,"href":"https:\/\/abrelivros.org.br\/site\/wp-json\/wp\/v2\/posts\/13716\/revisions\/13717"}],"wp:attachment":[{"href":"https:\/\/abrelivros.org.br\/site\/wp-json\/wp\/v2\/media?parent=13716"}],"wp:term":[{"taxonomy":"category","embeddable":true,"href":"https:\/\/abrelivros.org.br\/site\/wp-json\/wp\/v2\/categories?post=13716"},{"taxonomy":"post_tag","embeddable":true,"href":"https:\/\/abrelivros.org.br\/site\/wp-json\/wp\/v2\/tags?post=13716"}],"curies":[{"name":"wp","href":"https:\/\/api.w.org\/{rel}","templated":true}]}}