{"id":13713,"date":"2021-04-12T13:18:22","date_gmt":"2021-04-12T16:18:22","guid":{"rendered":"https:\/\/abrelivros.org.br\/site\/?p=13713"},"modified":"2021-04-12T14:01:57","modified_gmt":"2021-04-12T17:01:57","slug":"fnde-produz-documentos-que-auxiliam-entendimento-do-novo-fundeb","status":"publish","type":"post","link":"https:\/\/abrelivros.org.br\/site\/fnde-produz-documentos-que-auxiliam-entendimento-do-novo-fundeb\/","title":{"rendered":"FNDE produz documentos que auxiliam entendimento do Novo Fundeb"},"content":{"rendered":"<p>O Fundo de Manuten\u00e7\u00e3o e Desenvolvimento da Educa\u00e7\u00e3o B\u00e1sica e de Valoriza\u00e7\u00e3o dos Profissionais da Educa\u00e7\u00e3o (Fundeb), institu\u00eddo por meio da Emenda Constitucional n\u00ba 108, de 27 de agosto de 2020 e regulamentado pela Lei n\u00ba 14.113, de 25 de dezembro de 2020, \u00e9 um Fundo especial, de natureza cont\u00e1bil e de \u00e2mbito estadual.<!--more--> composto por recursos provenientes de impostos e das transfer\u00eancias dos estados, Distrito Federal e munic\u00edpios vinculados \u00e0 educa\u00e7\u00e3o.<\/p>\n<p>Criado como um instrumento permanente de financiamento da educa\u00e7\u00e3o p\u00fablica, todo recurso gerado por meio do Fundeb \u00e9 redistribu\u00eddo para a\u00e7\u00f5es de manuten\u00e7\u00e3o e desenvolvimento da educa\u00e7\u00e3o b\u00e1sica p\u00fablica, bem como para a valoriza\u00e7\u00e3o dos profissionais da \u00e1rea.<\/p>\n<p>O Fundo Nacional de Desenvolvimento da Educa\u00e7\u00e3o (FNDE) est\u00e1 diretamente envolvido na operacionaliza\u00e7\u00e3o do Fundeb, desempenhando as atribui\u00e7\u00f5es de: dar apoio t\u00e9cnico acerca do Fundo aos estados, Distrito Federal, munic\u00edpios, conselhos e inst\u00e2ncias de controle; realizar capacita\u00e7\u00e3o dos membros dos conselhos; divulgar orienta\u00e7\u00f5es e dados; monitorar a aplica\u00e7\u00e3o de recursos; e realizar estudos t\u00e9cnicos com vistas ao valor referencial anual por estudante que assegure a qualidade do ensino.<\/p>\n<p>Diante disso, o Minist\u00e9rio da Educa\u00e7\u00e3o e o FNDE produziram uma cartilha, um manual e um caderno de perguntas e respostas que orientam gestores e t\u00e9cnicos educacionais, conselheiros de controle social e demais profissionais da \u00e1rea. A Cartilha foi produzida com o intuito de aproximar gestores e anunciar, de forma did\u00e1tica, as grandes mudan\u00e7as sancionadas por meio da Lei n\u00ba14.113\/2020.<\/p>\n<p>O Manual de Orienta\u00e7\u00e3o, a Cartilha do Novo Fundeb e o Caderno de Perguntas e Respostas podem ser encontrados na p\u00e1gina do FNDE, na <a href=\"https:\/\/www.gov.br\/fnde\/pt-br\/acesso-a-informacao\/acoes-e-programas\/financiamento\/fundeb\/manuais-e-cartilhas\" target=\"_blank\" rel=\"noopener noreferrer\">plataforma gov.br\/fnde.<\/a><\/p>\n<p>&nbsp;<\/p>\n","protected":false},"excerpt":{"rendered":"<p>O Fundo de Manuten\u00e7\u00e3o e Desenvolvimento da Educa\u00e7\u00e3o B\u00e1sica e de Valoriza\u00e7\u00e3o dos Profissionais da Educa\u00e7\u00e3o (Fundeb), institu\u00eddo por meio da Emenda Constitucional n\u00ba 108, de 27 de agosto de 2020 e regulamentado pela Lei n\u00ba 14.113, de 25 de dezembro de 2020, \u00e9 um Fundo especial, de natureza cont\u00e1bil e de \u00e2mbito estadual.<\/p>\n","protected":false},"author":4,"featured_media":0,"comment_status":"closed","ping_status":"closed","sticky":false,"template":"","format":"standard","meta":{"footnotes":"","_links_to":"","_links_to_target":""},"categories":[9],"tags":[],"class_list":["post-13713","post","type-post","status-publish","format-standard","hentry","category-noticias-da-imprensa"],"yoast_head":"<!-- This site is optimized with the Yoast SEO plugin v15.1 - https:\/\/yoast.com\/wordpress\/plugins\/seo\/ -->\n<title>FNDE produz documentos que auxiliam entendimento do Novo Fundeb &raquo; Abrelivros<\/title>\n<meta name=\"robots\" content=\"index, follow, max-snippet:-1, max-image-preview:large, max-video-preview:-1\" \/>\n<link rel=\"canonical\" href=\"https:\/\/abrelivros.org.br\/site\/fnde-produz-documentos-que-auxiliam-entendimento-do-novo-fundeb\/\" \/>\n<meta property=\"og:locale\" content=\"pt_BR\" \/>\n<meta property=\"og:type\" content=\"article\" \/>\n<meta property=\"og:title\" content=\"FNDE produz documentos que auxiliam entendimento do Novo Fundeb &raquo; Abrelivros\" \/>\n<meta property=\"og:description\" content=\"O Fundo de Manuten\u00e7\u00e3o e Desenvolvimento da Educa\u00e7\u00e3o B\u00e1sica e de Valoriza\u00e7\u00e3o dos Profissionais da Educa\u00e7\u00e3o (Fundeb), institu\u00eddo por meio da Emenda Constitucional n\u00ba 108, de 27 de agosto de 2020 e regulamentado pela Lei n\u00ba 14.113, de 25 de dezembro de 2020, \u00e9 um Fundo especial, de natureza cont\u00e1bil e de \u00e2mbito estadual.\" \/>\n<meta property=\"og:url\" content=\"https:\/\/abrelivros.org.br\/site\/fnde-produz-documentos-que-auxiliam-entendimento-do-novo-fundeb\/\" \/>\n<meta property=\"og:site_name\" content=\"Abrelivros\" \/>\n<meta property=\"article:published_time\" content=\"2021-04-12T16:18:22+00:00\" \/>\n<meta property=\"article:modified_time\" content=\"2021-04-12T17:01:57+00:00\" \/>\n<meta name=\"twitter:card\" content=\"summary_large_image\" \/>\n<script type=\"application\/ld+json\" class=\"yoast-schema-graph\">{\"@context\":\"https:\/\/schema.org\",\"@graph\":[{\"@type\":\"WebSite\",\"@id\":\"https:\/\/abrelivros.org.br\/site\/#website\",\"url\":\"https:\/\/abrelivros.org.br\/site\/\",\"name\":\"Abrelivros\",\"description\":\"\",\"potentialAction\":[{\"@type\":\"SearchAction\",\"target\":\"https:\/\/abrelivros.org.br\/site\/?s={search_term_string}\",\"query-input\":\"required name=search_term_string\"}],\"inLanguage\":\"pt-BR\"},{\"@type\":\"WebPage\",\"@id\":\"https:\/\/abrelivros.org.br\/site\/fnde-produz-documentos-que-auxiliam-entendimento-do-novo-fundeb\/#webpage\",\"url\":\"https:\/\/abrelivros.org.br\/site\/fnde-produz-documentos-que-auxiliam-entendimento-do-novo-fundeb\/\",\"name\":\"FNDE produz documentos que auxiliam entendimento do Novo Fundeb &raquo; Abrelivros\",\"isPartOf\":{\"@id\":\"https:\/\/abrelivros.org.br\/site\/#website\"},\"datePublished\":\"2021-04-12T16:18:22+00:00\",\"dateModified\":\"2021-04-12T17:01:57+00:00\",\"author\":{\"@id\":\"https:\/\/abrelivros.org.br\/site\/#\/schema\/person\/65db80e26409802ce15ac5feec6a15fd\"},\"breadcrumb\":{\"@id\":\"https:\/\/abrelivros.org.br\/site\/fnde-produz-documentos-que-auxiliam-entendimento-do-novo-fundeb\/#breadcrumb\"},\"inLanguage\":\"pt-BR\",\"potentialAction\":[{\"@type\":\"ReadAction\",\"target\":[\"https:\/\/abrelivros.org.br\/site\/fnde-produz-documentos-que-auxiliam-entendimento-do-novo-fundeb\/\"]}]},{\"@type\":\"BreadcrumbList\",\"@id\":\"https:\/\/abrelivros.org.br\/site\/fnde-produz-documentos-que-auxiliam-entendimento-do-novo-fundeb\/#breadcrumb\",\"itemListElement\":[{\"@type\":\"ListItem\",\"position\":1,\"item\":{\"@type\":\"WebPage\",\"@id\":\"https:\/\/abrelivros.org.br\/site\/\",\"url\":\"https:\/\/abrelivros.org.br\/site\/\",\"name\":\"In\\u00edcio\"}},{\"@type\":\"ListItem\",\"position\":2,\"item\":{\"@type\":\"WebPage\",\"@id\":\"https:\/\/abrelivros.org.br\/site\/category\/noticias\/\",\"url\":\"https:\/\/abrelivros.org.br\/site\/category\/noticias\/\",\"name\":\"Not\\u00edcias\"}},{\"@type\":\"ListItem\",\"position\":3,\"item\":{\"@type\":\"WebPage\",\"@id\":\"https:\/\/abrelivros.org.br\/site\/category\/noticias\/noticias-da-imprensa\/\",\"url\":\"https:\/\/abrelivros.org.br\/site\/category\/noticias\/noticias-da-imprensa\/\",\"name\":\"Not\\u00edcias da imprensa\"}},{\"@type\":\"ListItem\",\"position\":4,\"item\":{\"@type\":\"WebPage\",\"@id\":\"https:\/\/abrelivros.org.br\/site\/fnde-produz-documentos-que-auxiliam-entendimento-do-novo-fundeb\/\",\"url\":\"https:\/\/abrelivros.org.br\/site\/fnde-produz-documentos-que-auxiliam-entendimento-do-novo-fundeb\/\",\"name\":\"FNDE produz documentos que auxiliam entendimento do Novo Fundeb\"}}]},{\"@type\":\"Person\",\"@id\":\"https:\/\/abrelivros.org.br\/site\/#\/schema\/person\/65db80e26409802ce15ac5feec6a15fd\",\"name\":\"Reda\\u00e7\\u00e3o Abrelivros\",\"image\":{\"@type\":\"ImageObject\",\"@id\":\"https:\/\/abrelivros.org.br\/site\/#personlogo\",\"inLanguage\":\"pt-BR\",\"url\":\"https:\/\/secure.gravatar.com\/avatar\/c4e57f9c7e3482965bd428192061218520756c39080b1d1820b679fa5e9af192?s=96&d=mm&r=g\",\"caption\":\"Reda\\u00e7\\u00e3o Abrelivros\"}}]}<\/script>\n<!-- \/ Yoast SEO plugin. -->","_links":{"self":[{"href":"https:\/\/abrelivros.org.br\/site\/wp-json\/wp\/v2\/posts\/13713","targetHints":{"allow":["GET"]}}],"collection":[{"href":"https:\/\/abrelivros.org.br\/site\/wp-json\/wp\/v2\/posts"}],"about":[{"href":"https:\/\/abrelivros.org.br\/site\/wp-json\/wp\/v2\/types\/post"}],"author":[{"embeddable":true,"href":"https:\/\/abrelivros.org.br\/site\/wp-json\/wp\/v2\/users\/4"}],"replies":[{"embeddable":true,"href":"https:\/\/abrelivros.org.br\/site\/wp-json\/wp\/v2\/comments?post=13713"}],"version-history":[{"count":3,"href":"https:\/\/abrelivros.org.br\/site\/wp-json\/wp\/v2\/posts\/13713\/revisions"}],"predecessor-version":[{"id":13728,"href":"https:\/\/abrelivros.org.br\/site\/wp-json\/wp\/v2\/posts\/13713\/revisions\/13728"}],"wp:attachment":[{"href":"https:\/\/abrelivros.org.br\/site\/wp-json\/wp\/v2\/media?parent=13713"}],"wp:term":[{"taxonomy":"category","embeddable":true,"href":"https:\/\/abrelivros.org.br\/site\/wp-json\/wp\/v2\/categories?post=13713"},{"taxonomy":"post_tag","embeddable":true,"href":"https:\/\/abrelivros.org.br\/site\/wp-json\/wp\/v2\/tags?post=13713"}],"curies":[{"name":"wp","href":"https:\/\/api.w.org\/{rel}","templated":true}]}}