{"id":13706,"date":"2021-04-09T13:55:29","date_gmt":"2021-04-09T16:55:29","guid":{"rendered":"https:\/\/abrelivros.org.br\/site\/?p=13706"},"modified":"2021-04-09T14:02:29","modified_gmt":"2021-04-09T17:02:29","slug":"periodo-de-adesao-ao-programa-brasil-na-escola-inicia-nesta-segunda-feira-12","status":"publish","type":"post","link":"https:\/\/abrelivros.org.br\/site\/periodo-de-adesao-ao-programa-brasil-na-escola-inicia-nesta-segunda-feira-12\/","title":{"rendered":"Per\u00edodo de ades\u00e3o ao Programa Brasil na Escola inicia nesta segunda-feira, (12)"},"content":{"rendered":"<p>Come\u00e7a, na pr\u00f3xima segunda-feira (12), o prazo de ades\u00e3o ao Programa Brasil na Escola. A iniciativa foi institu\u00edda pela Secretaria da Educa\u00e7\u00e3o B\u00e1sica (SEB) por meio da Diretoria de Pol\u00edticas e Diretrizes da Educa\u00e7\u00e3o B\u00e1sica,no \u00e2mbito da Coordena\u00e7\u00e3o-Geral do Ensino Fundamental (DPD\/COGEF) e tem por objetivo induzir e fomentar estrat\u00e9gias e inova\u00e7\u00f5es para assegurar a perman\u00eancia.<!--more--> as aprendizagens e a progress\u00e3o escolar com equidade e na idade adequada dos estudantes matriculados nos anos finais do ensino fundamental.<\/p>\n<p>O Programa, implementado por meio de colabora\u00e7\u00e3o entre a Uni\u00e3o, estados, munic\u00edpios e o Distrito Federal, foi estruturado em tr\u00eas eixos: apoio t\u00e9cnico e financeiro \u00e0s escolas; valoriza\u00e7\u00e3o de boas pr\u00e1ticas; e inova\u00e7\u00e3o. Para participarem, os secret\u00e1rios e dirigentes da educa\u00e7\u00e3o dever\u00e3o realizar a ades\u00e3o ao Programa no per\u00edodo de 12 de abril de 2021 a 28 de maio de 2021.<\/p>\n<p>A ades\u00e3o deve ser realizada pelo SIMEC no m\u00f3dulo PAR 4. No momento da ades\u00e3o, os dirigentes dever\u00e3o assinar o termo, escolher as escolas, dentre as eleg\u00edveis, que poder\u00e3o participar do Eixo Apoio T\u00e9cnico e Financeiro e indicar os coordenadores que ser\u00e3o os pontos focais da SEB na Secretaria de Educa\u00e7\u00e3o. Para acessar o passo a passo de como aderir ao Programa Brasil na Escola, clique <a href=\"https:\/\/www.gov.br\/brasil-na-escola\/arquivos\/tutorial-simec-v2-4.pdf\" target=\"_blank\" rel=\"noopener noreferrer\">aqui<\/a>.<\/p>\n<p>\u00c9 importante ressaltar que, mesmo que n\u00e3o haja escolas eleg\u00edveis vinculadas ao ente federado, a ades\u00e3o deve ser realizada, a fim de garantir a participa\u00e7\u00e3o futura nos eixos valoriza\u00e7\u00e3o de boas pr\u00e1ticas e inova\u00e7\u00e3o.<\/p>\n<p>O Programa foi institu\u00eddo pela <a href=\"https:\/\/www.in.gov.br\/en\/web\/dou\/-\/portaria-n-177-de-30-de-marco-de-2021-311650714\" target=\"_blank\" rel=\"noopener noreferrer\">Portaria 177, de 30 de mar\u00e7o de 2021<\/a> e lan\u00e7ado nos dias 31\/03 e 01\/04\/2021. Para acessar os v\u00eddeos e conhecer melhor o Programa clique nos links abaixo:<\/p>\n<p><a href=\"https:\/\/www.youtube.com\/watch?v=aRhbWE5ypoY&amp;t=326s\" target=\"_blank\" rel=\"noopener noreferrer\">Webin\u00e1rio de lan\u00e7amento \u201cPrograma Brasil na Escola\u201d \u2013 1\u00ba DIA<\/a><\/p>\n<p><a href=\"https:\/\/www.youtube.com\/watch?v=P_kvagZ_06U&amp;t=13090s\" target=\"_blank\" rel=\"noopener noreferrer\">Webin\u00e1rio de lan\u00e7amento \u201cPrograma Brasil na Escola\u201d \u2013 2\u00ba DIA<\/a><\/p>\n","protected":false},"excerpt":{"rendered":"<p>Come\u00e7a, na pr\u00f3xima segunda-feira (12), o prazo de ades\u00e3o ao Programa Brasil na Escola. A iniciativa foi institu\u00edda pela Secretaria da Educa\u00e7\u00e3o B\u00e1sica (SEB) por meio da Diretoria de Pol\u00edticas e Diretrizes da Educa\u00e7\u00e3o B\u00e1sica,no \u00e2mbito da Coordena\u00e7\u00e3o-Geral do Ensino Fundamental (DPD\/COGEF) e tem por objetivo induzir e fomentar estrat\u00e9gias e inova\u00e7\u00f5es para assegurar a [&hellip;]<\/p>\n","protected":false},"author":4,"featured_media":0,"comment_status":"closed","ping_status":"closed","sticky":false,"template":"","format":"standard","meta":{"footnotes":"","_links_to":"","_links_to_target":""},"categories":[9],"tags":[],"class_list":["post-13706","post","type-post","status-publish","format-standard","hentry","category-noticias-da-imprensa"],"yoast_head":"<!-- This site is optimized with the Yoast SEO plugin v15.1 - https:\/\/yoast.com\/wordpress\/plugins\/seo\/ -->\n<title>Per\u00edodo de ades\u00e3o ao Programa Brasil na Escola inicia nesta segunda-feira, (12) &raquo; Abrelivros<\/title>\n<meta name=\"robots\" content=\"index, follow, max-snippet:-1, max-image-preview:large, max-video-preview:-1\" \/>\n<link rel=\"canonical\" href=\"https:\/\/abrelivros.org.br\/site\/periodo-de-adesao-ao-programa-brasil-na-escola-inicia-nesta-segunda-feira-12\/\" \/>\n<meta property=\"og:locale\" content=\"pt_BR\" \/>\n<meta property=\"og:type\" content=\"article\" \/>\n<meta property=\"og:title\" content=\"Per\u00edodo de ades\u00e3o ao Programa Brasil na Escola inicia nesta segunda-feira, (12) &raquo; Abrelivros\" \/>\n<meta property=\"og:description\" content=\"Come\u00e7a, na pr\u00f3xima segunda-feira (12), o prazo de ades\u00e3o ao Programa Brasil na Escola. A iniciativa foi institu\u00edda pela Secretaria da Educa\u00e7\u00e3o B\u00e1sica (SEB) por meio da Diretoria de Pol\u00edticas e Diretrizes da Educa\u00e7\u00e3o B\u00e1sica,no \u00e2mbito da Coordena\u00e7\u00e3o-Geral do Ensino Fundamental (DPD\/COGEF) e tem por objetivo induzir e fomentar estrat\u00e9gias e inova\u00e7\u00f5es para assegurar a [&hellip;]\" \/>\n<meta property=\"og:url\" content=\"https:\/\/abrelivros.org.br\/site\/periodo-de-adesao-ao-programa-brasil-na-escola-inicia-nesta-segunda-feira-12\/\" \/>\n<meta property=\"og:site_name\" content=\"Abrelivros\" \/>\n<meta property=\"article:published_time\" content=\"2021-04-09T16:55:29+00:00\" \/>\n<meta property=\"article:modified_time\" content=\"2021-04-09T17:02:29+00:00\" \/>\n<meta name=\"twitter:card\" content=\"summary_large_image\" \/>\n<script type=\"application\/ld+json\" class=\"yoast-schema-graph\">{\"@context\":\"https:\/\/schema.org\",\"@graph\":[{\"@type\":\"WebSite\",\"@id\":\"https:\/\/abrelivros.org.br\/site\/#website\",\"url\":\"https:\/\/abrelivros.org.br\/site\/\",\"name\":\"Abrelivros\",\"description\":\"\",\"potentialAction\":[{\"@type\":\"SearchAction\",\"target\":\"https:\/\/abrelivros.org.br\/site\/?s={search_term_string}\",\"query-input\":\"required name=search_term_string\"}],\"inLanguage\":\"pt-BR\"},{\"@type\":\"WebPage\",\"@id\":\"https:\/\/abrelivros.org.br\/site\/periodo-de-adesao-ao-programa-brasil-na-escola-inicia-nesta-segunda-feira-12\/#webpage\",\"url\":\"https:\/\/abrelivros.org.br\/site\/periodo-de-adesao-ao-programa-brasil-na-escola-inicia-nesta-segunda-feira-12\/\",\"name\":\"Per\\u00edodo de ades\\u00e3o ao Programa Brasil na Escola inicia nesta segunda-feira, (12) &raquo; Abrelivros\",\"isPartOf\":{\"@id\":\"https:\/\/abrelivros.org.br\/site\/#website\"},\"datePublished\":\"2021-04-09T16:55:29+00:00\",\"dateModified\":\"2021-04-09T17:02:29+00:00\",\"author\":{\"@id\":\"https:\/\/abrelivros.org.br\/site\/#\/schema\/person\/65db80e26409802ce15ac5feec6a15fd\"},\"breadcrumb\":{\"@id\":\"https:\/\/abrelivros.org.br\/site\/periodo-de-adesao-ao-programa-brasil-na-escola-inicia-nesta-segunda-feira-12\/#breadcrumb\"},\"inLanguage\":\"pt-BR\",\"potentialAction\":[{\"@type\":\"ReadAction\",\"target\":[\"https:\/\/abrelivros.org.br\/site\/periodo-de-adesao-ao-programa-brasil-na-escola-inicia-nesta-segunda-feira-12\/\"]}]},{\"@type\":\"BreadcrumbList\",\"@id\":\"https:\/\/abrelivros.org.br\/site\/periodo-de-adesao-ao-programa-brasil-na-escola-inicia-nesta-segunda-feira-12\/#breadcrumb\",\"itemListElement\":[{\"@type\":\"ListItem\",\"position\":1,\"item\":{\"@type\":\"WebPage\",\"@id\":\"https:\/\/abrelivros.org.br\/site\/\",\"url\":\"https:\/\/abrelivros.org.br\/site\/\",\"name\":\"In\\u00edcio\"}},{\"@type\":\"ListItem\",\"position\":2,\"item\":{\"@type\":\"WebPage\",\"@id\":\"https:\/\/abrelivros.org.br\/site\/category\/noticias\/\",\"url\":\"https:\/\/abrelivros.org.br\/site\/category\/noticias\/\",\"name\":\"Not\\u00edcias\"}},{\"@type\":\"ListItem\",\"position\":3,\"item\":{\"@type\":\"WebPage\",\"@id\":\"https:\/\/abrelivros.org.br\/site\/category\/noticias\/noticias-da-imprensa\/\",\"url\":\"https:\/\/abrelivros.org.br\/site\/category\/noticias\/noticias-da-imprensa\/\",\"name\":\"Not\\u00edcias da imprensa\"}},{\"@type\":\"ListItem\",\"position\":4,\"item\":{\"@type\":\"WebPage\",\"@id\":\"https:\/\/abrelivros.org.br\/site\/periodo-de-adesao-ao-programa-brasil-na-escola-inicia-nesta-segunda-feira-12\/\",\"url\":\"https:\/\/abrelivros.org.br\/site\/periodo-de-adesao-ao-programa-brasil-na-escola-inicia-nesta-segunda-feira-12\/\",\"name\":\"Per\\u00edodo de ades\\u00e3o ao Programa Brasil na Escola inicia nesta segunda-feira, (12)\"}}]},{\"@type\":\"Person\",\"@id\":\"https:\/\/abrelivros.org.br\/site\/#\/schema\/person\/65db80e26409802ce15ac5feec6a15fd\",\"name\":\"Reda\\u00e7\\u00e3o Abrelivros\",\"image\":{\"@type\":\"ImageObject\",\"@id\":\"https:\/\/abrelivros.org.br\/site\/#personlogo\",\"inLanguage\":\"pt-BR\",\"url\":\"https:\/\/secure.gravatar.com\/avatar\/c4e57f9c7e3482965bd428192061218520756c39080b1d1820b679fa5e9af192?s=96&d=mm&r=g\",\"caption\":\"Reda\\u00e7\\u00e3o Abrelivros\"}}]}<\/script>\n<!-- \/ Yoast SEO plugin. -->","_links":{"self":[{"href":"https:\/\/abrelivros.org.br\/site\/wp-json\/wp\/v2\/posts\/13706","targetHints":{"allow":["GET"]}}],"collection":[{"href":"https:\/\/abrelivros.org.br\/site\/wp-json\/wp\/v2\/posts"}],"about":[{"href":"https:\/\/abrelivros.org.br\/site\/wp-json\/wp\/v2\/types\/post"}],"author":[{"embeddable":true,"href":"https:\/\/abrelivros.org.br\/site\/wp-json\/wp\/v2\/users\/4"}],"replies":[{"embeddable":true,"href":"https:\/\/abrelivros.org.br\/site\/wp-json\/wp\/v2\/comments?post=13706"}],"version-history":[{"count":2,"href":"https:\/\/abrelivros.org.br\/site\/wp-json\/wp\/v2\/posts\/13706\/revisions"}],"predecessor-version":[{"id":13710,"href":"https:\/\/abrelivros.org.br\/site\/wp-json\/wp\/v2\/posts\/13706\/revisions\/13710"}],"wp:attachment":[{"href":"https:\/\/abrelivros.org.br\/site\/wp-json\/wp\/v2\/media?parent=13706"}],"wp:term":[{"taxonomy":"category","embeddable":true,"href":"https:\/\/abrelivros.org.br\/site\/wp-json\/wp\/v2\/categories?post=13706"},{"taxonomy":"post_tag","embeddable":true,"href":"https:\/\/abrelivros.org.br\/site\/wp-json\/wp\/v2\/tags?post=13706"}],"curies":[{"name":"wp","href":"https:\/\/api.w.org\/{rel}","templated":true}]}}