{"id":13704,"date":"2021-04-09T12:44:39","date_gmt":"2021-04-09T15:44:39","guid":{"rendered":"https:\/\/abrelivros.org.br\/site\/?p=13704"},"modified":"2021-04-09T12:44:39","modified_gmt":"2021-04-09T15:44:39","slug":"nao-sao-so-os-ricos-que-leem-livros-no-brasil-comprovam-dados-e-tambem-os-relatos","status":"publish","type":"post","link":"https:\/\/abrelivros.org.br\/site\/nao-sao-so-os-ricos-que-leem-livros-no-brasil-comprovam-dados-e-tambem-os-relatos\/","title":{"rendered":"N\u00e3o s\u00e3o s\u00f3 os ricos que leem livros no Brasil, comprovam dados e tamb\u00e9m os relatos"},"content":{"rendered":"<p>Quando escuta que o governo federal tem <a href=\"https:\/\/www1.folha.uol.com.br\/ilustrada\/2021\/04\/receita-federal-diz-que-pobres-nao-leem-livros-e-defende-aumentar-tributacao.shtml\" target=\"_blank\" rel=\"noopener noreferrer\">argumentado que s\u00f3 ricos consomem livros<\/a>, para defender a <a href=\"https:\/\/www1.folha.uol.com.br\/ilustrada\/2021\/04\/receita-federal-diz-que-pobres-nao-leem-livros-e-defende-aumentar-tributacao.shtml\" target=\"_blank\" rel=\"noopener noreferrer\">taxa\u00e7\u00e3o do produto<\/a>, o coveiro Osmair C\u00e2ndido solta uma gargalhada.<\/p>\n<p>Conhecido como Fininho, ele se formou em <a href=\"https:\/\/www1.folha.uol.com.br\/cotidiano\/2018\/11\/coveiro-filosofo-de-cemiterio-em-sp-reflete-sobre-a-morte-veja-video.shtml\" target=\"_blank\" rel=\"noopener noreferrer\">filosofia no Mackenzie<\/a> h\u00e1 14 anos, quando j\u00e1 estava na casa dos 40, mas gosta de literatura desde sempre.<!--more--> Os pais, no entanto, n\u00e3o tinham condi\u00e7\u00f5es de comprar livros para ele e para o irm\u00e3o.<\/p>\n<p>\u201cEu ia na biblioteca, pedia emprestado, mas depois de um certo tempo senti necessidade de comprar os livros mesmo. \u00c9 um tantinho caro, mas a gente compra. \u00c9 melhor ter o Machado de Assis em livro, n\u00e9?\u201d, comenta, sobre o autor de quem diz ter lido a obra completa.<\/p>\n<p>O coveiro, que falou com o rep\u00f3rter durante o expediente no cemit\u00e9rio da Penha, em S\u00e3o Paulo, afirma que certa vez vendeu a televis\u00e3o para gastar em literatura. \u201cLer livros economiza tolices\u201d, brinca.<\/p>\n<p>A pesquisa Retratos da Leitura no Brasil, na sua edi\u00e7\u00e3o mais recente, mostrou que 46% das pessoas com renda familiar de menos de um sal\u00e1rio m\u00ednimo s\u00e3o leitoras. Na faixa salarial seguinte, que recebe de um a dois sal\u00e1rios m\u00ednimos, 51% t\u00eam o h\u00e1bito de ler.<\/p>\n<p>Isso n\u00e3o impediu a Receita Federal de produzir um relat\u00f3rio, nesta semana, afirmando que pessoas com renda de at\u00e9 dois sal\u00e1rios m\u00ednimos n\u00e3o consomem livros e, por isso, eles <a href=\"https:\/\/www1.folha.uol.com.br\/ilustrada\/2020\/08\/novo-tributo-ameaca-encarecer-livros-e-quebrar-editoras-que-ja-agonizam.shtml\" target=\"_blank\" rel=\"noopener noreferrer\">deveriam ser tributados<\/a>, com o objetivo de arrecadar recursos para pol\u00edticas mais direcionadas.<\/p>\n<p>\u00c9 mais um cap\u00edtulo da <a href=\"https:\/\/www1.folha.uol.com.br\/ilustrada\/2020\/11\/taxacao-de-livros-e-uma-atitude-nefasta-do-governo-bolsonaro.shtml\" target=\"_blank\" rel=\"noopener noreferrer\">amea\u00e7a que a reforma tribut\u00e1ria<\/a> de Paulo Guedes <a href=\"https:\/\/www1.folha.uol.com.br\/ilustrada\/2020\/12\/catastrofe-ameacou-os-livros-em-2020-mas-historia-do-ano-foi-de-resistencia.shtml\" target=\"_blank\" rel=\"noopener noreferrer\">imp\u00f5e ao mercado editorial<\/a>. A ideia \u00e9 substituir as contribui\u00e7\u00f5es Pis e Cofins, que os livros n\u00e3o pagam por lei, por uma Contribui\u00e7\u00e3o sobre Bens e Servi\u00e7os, a CBS, com al\u00edquota de 12%, a que eles estariam submetidos.<\/p>\n<p>\u201cDigo por experi\u00eancia pr\u00f3pria que esse discurso de que o brasileiro n\u00e3o gosta de ler \u00e9 uma estrat\u00e9gia para justificar a aus\u00eancia de pol\u00edticas p\u00fablicas voltadas ao livro e \u00e0 literatura\u201d, diz D\u00e9bora Garcia, produtora cultural que toca o Sarau das Pretas, com forte atua\u00e7\u00e3o nas periferias de S\u00e3o Paulo. &#8220;A postura de taxar livros \u00e9 uma forma de afastar ainda mais as pessoas do acesso ao conhecimento.\u201d<\/p>\n<p>A Frente Parlamentar em Defesa do Livro tamb\u00e9m emitiu, nesta quinta, uma nota em rep\u00fadio ao documento da Receita, afirmando que &#8220;as fam\u00edlias com renda inferior a dez sal\u00e1rios m\u00ednimos respondem por quase a metade do mercado de livros n\u00e3o did\u00e1ticos&#8221;. &#8220;Em vez de ampliar esse acesso, o governo busca restringir.&#8221;<\/p>\n<p>\u201cN\u00e3o \u00e9 aus\u00eancia de interesse, \u00e9 aus\u00eancia de possibilidade\u201d, aponta a poeta Luz Ribeiro, uma das convidadas da Flip do ano passado, buscando resumir a rela\u00e7\u00e3o dos brasileiros mais pobres com os livros.<\/p>\n<p>\u201cQuando eu vou nas feiras de livro da USP, da Unesp, encontro muitos dos meus pares l\u00e1. Pessoas pretas, pessoas que s\u00e3o lidas como pobres. Porque o livro vai para um valor mais acess\u00edvel.\u201d<\/p>\n<p>Ribeiro cresceu no bairro do Jardim Souza, na zona sul de S\u00e3o Paulo, e aos 33 anos mora no Cap\u00e3o Redondo. Herdou leituras da irm\u00e3 mais velha e tinha acesso a livros pela biblioteca de sua escola da rede municipal. \u201cEu fui alfabetizada aos cinco anos e, desde ent\u00e3o, minha grande companhia foram os livros.\u201d<\/p>\n<p>Taxar livros, segundo ela, \u00e9 mais uma maneira de dizer a pessoas pobres e negras que a intelectualidade n\u00e3o cabe a elas. \u201cSe o livro custar R$ 50, R$ 60, at\u00e9 R$ 1.000, a pessoa com recursos vai comprar. Isso s\u00f3 vai fazer com que corpos parecidos com o meu fiquem ainda mais distanciados da leitura.\u201d<\/p>\n<p>N\u00e3o \u00e9 aus\u00eancia de interesse, \u00e9 aus\u00eancia de possibilidade<\/p>\n<p><strong>LUZ RIBEIRO<\/strong><\/p>\n<p>Poeta e slammer, sobre a rela\u00e7\u00e3o dos brasileiros mais pobres com os livros<\/p>\n<p>No caso de L\u00edvia Lima da Silva, que cuida da programa\u00e7\u00e3o audiovisual do Sesc Belenzinho, a paix\u00e3o por livros floresceu mesmo em meio a diversos empecilhos \u2014n\u00e3o h\u00e1 biblioteca p\u00fablica no bairro de sua fam\u00edlia, Artur Alvim, e o acervo da escola estadual onde ela cursou o ensino m\u00e9dio ficava trancado, longe dos alunos.<\/p>\n<p>Mas, naquele momento, j\u00e1 era firme o h\u00e1bito de ler, ganho na sala de leitura visitada esporadicamente por sua turma do ensino fundamental. Era o momento em que conseguia ter acesso a livros \u2014o pai, metal\u00fargico, e a m\u00e3e, dona de casa, n\u00e3o tinham como comprar.<\/p>\n<p>\u201cA gente est\u00e1 sempre nesse lugar de entender que aquilo n\u00e3o \u00e9 para a gente. Valoriza, mas entende que \u00e9 inacess\u00edvel. \u00c9 bom, mas n\u00e3o \u00e9 para voc\u00ea, porque voc\u00ea n\u00e3o \u00e9 bom.\u201d<\/p>\n<p>Animada pelas descobertas liter\u00e1rias que fez indo \u00e0 biblioteca da Penha, em outro bairro da zona leste, prestou vestibular para jornalismo e letras. Cursou as duas gradua\u00e7\u00f5es ao mesmo tempo e, depois, concluiu um mestrado em estudos culturais na Universidade de S\u00e3o Paulo, pesquisando escritores de saraus paulistanos.<\/p>\n<p>Ao ouvir a proposta de que se deve tributar os livros porque os mais pobres n\u00e3o os consomem, ela suspira. &#8220;\u00c9 um ciclo sem fim, n\u00e9? Se as pessoas n\u00e3o leem, \u00e9 porque n\u00e3o t\u00eam dinheiro. Se n\u00e3o t\u00eam dinheiro, elas n\u00e3o v\u00e3o ler.\u201d<\/p>\n<p>\u201cA gente precisa, para al\u00e9m de pensar em n\u00e3o taxar livro, pensar a\u00e7\u00f5es para ofertar literatura para as pessoas\u201d, diz Garcia, do Sarau das Pretas. \u201cO livro nunca vai ser a primeira op\u00e7\u00e3o para uma pessoa que tem que escolher entre comer e ler.\u201d<\/p>\n","protected":false},"excerpt":{"rendered":"<p>Quando escuta que o governo federal tem argumentado que s\u00f3 ricos consomem livros, para defender a taxa\u00e7\u00e3o do produto, o coveiro Osmair C\u00e2ndido solta uma gargalhada. Conhecido como Fininho, ele se formou em filosofia no Mackenzie h\u00e1 14 anos, quando j\u00e1 estava na casa dos 40, mas gosta de literatura desde sempre.<\/p>\n","protected":false},"author":4,"featured_media":0,"comment_status":"closed","ping_status":"closed","sticky":false,"template":"","format":"standard","meta":{"footnotes":"","_links_to":"","_links_to_target":""},"categories":[9],"tags":[],"class_list":["post-13704","post","type-post","status-publish","format-standard","hentry","category-noticias-da-imprensa"],"yoast_head":"<!-- This site is optimized with the Yoast SEO plugin v15.1 - https:\/\/yoast.com\/wordpress\/plugins\/seo\/ -->\n<title>N\u00e3o s\u00e3o s\u00f3 os ricos que leem livros no Brasil, comprovam dados e tamb\u00e9m os relatos &raquo; Abrelivros<\/title>\n<meta name=\"robots\" content=\"index, follow, max-snippet:-1, max-image-preview:large, max-video-preview:-1\" \/>\n<link rel=\"canonical\" href=\"https:\/\/abrelivros.org.br\/site\/nao-sao-so-os-ricos-que-leem-livros-no-brasil-comprovam-dados-e-tambem-os-relatos\/\" \/>\n<meta property=\"og:locale\" content=\"pt_BR\" \/>\n<meta property=\"og:type\" content=\"article\" \/>\n<meta property=\"og:title\" content=\"N\u00e3o s\u00e3o s\u00f3 os ricos que leem livros no Brasil, comprovam dados e tamb\u00e9m os relatos &raquo; Abrelivros\" \/>\n<meta property=\"og:description\" content=\"Quando escuta que o governo federal tem argumentado que s\u00f3 ricos consomem livros, para defender a taxa\u00e7\u00e3o do produto, o coveiro Osmair C\u00e2ndido solta uma gargalhada. Conhecido como Fininho, ele se formou em filosofia no Mackenzie h\u00e1 14 anos, quando j\u00e1 estava na casa dos 40, mas gosta de literatura desde sempre.\" \/>\n<meta property=\"og:url\" content=\"https:\/\/abrelivros.org.br\/site\/nao-sao-so-os-ricos-que-leem-livros-no-brasil-comprovam-dados-e-tambem-os-relatos\/\" \/>\n<meta property=\"og:site_name\" content=\"Abrelivros\" \/>\n<meta property=\"article:published_time\" content=\"2021-04-09T15:44:39+00:00\" \/>\n<meta name=\"twitter:card\" content=\"summary_large_image\" \/>\n<script type=\"application\/ld+json\" class=\"yoast-schema-graph\">{\"@context\":\"https:\/\/schema.org\",\"@graph\":[{\"@type\":\"WebSite\",\"@id\":\"https:\/\/abrelivros.org.br\/site\/#website\",\"url\":\"https:\/\/abrelivros.org.br\/site\/\",\"name\":\"Abrelivros\",\"description\":\"\",\"potentialAction\":[{\"@type\":\"SearchAction\",\"target\":\"https:\/\/abrelivros.org.br\/site\/?s={search_term_string}\",\"query-input\":\"required name=search_term_string\"}],\"inLanguage\":\"pt-BR\"},{\"@type\":\"WebPage\",\"@id\":\"https:\/\/abrelivros.org.br\/site\/nao-sao-so-os-ricos-que-leem-livros-no-brasil-comprovam-dados-e-tambem-os-relatos\/#webpage\",\"url\":\"https:\/\/abrelivros.org.br\/site\/nao-sao-so-os-ricos-que-leem-livros-no-brasil-comprovam-dados-e-tambem-os-relatos\/\",\"name\":\"N\\u00e3o s\\u00e3o s\\u00f3 os ricos que leem livros no Brasil, comprovam dados e tamb\\u00e9m os relatos &raquo; Abrelivros\",\"isPartOf\":{\"@id\":\"https:\/\/abrelivros.org.br\/site\/#website\"},\"datePublished\":\"2021-04-09T15:44:39+00:00\",\"dateModified\":\"2021-04-09T15:44:39+00:00\",\"author\":{\"@id\":\"https:\/\/abrelivros.org.br\/site\/#\/schema\/person\/65db80e26409802ce15ac5feec6a15fd\"},\"breadcrumb\":{\"@id\":\"https:\/\/abrelivros.org.br\/site\/nao-sao-so-os-ricos-que-leem-livros-no-brasil-comprovam-dados-e-tambem-os-relatos\/#breadcrumb\"},\"inLanguage\":\"pt-BR\",\"potentialAction\":[{\"@type\":\"ReadAction\",\"target\":[\"https:\/\/abrelivros.org.br\/site\/nao-sao-so-os-ricos-que-leem-livros-no-brasil-comprovam-dados-e-tambem-os-relatos\/\"]}]},{\"@type\":\"BreadcrumbList\",\"@id\":\"https:\/\/abrelivros.org.br\/site\/nao-sao-so-os-ricos-que-leem-livros-no-brasil-comprovam-dados-e-tambem-os-relatos\/#breadcrumb\",\"itemListElement\":[{\"@type\":\"ListItem\",\"position\":1,\"item\":{\"@type\":\"WebPage\",\"@id\":\"https:\/\/abrelivros.org.br\/site\/\",\"url\":\"https:\/\/abrelivros.org.br\/site\/\",\"name\":\"In\\u00edcio\"}},{\"@type\":\"ListItem\",\"position\":2,\"item\":{\"@type\":\"WebPage\",\"@id\":\"https:\/\/abrelivros.org.br\/site\/category\/noticias\/\",\"url\":\"https:\/\/abrelivros.org.br\/site\/category\/noticias\/\",\"name\":\"Not\\u00edcias\"}},{\"@type\":\"ListItem\",\"position\":3,\"item\":{\"@type\":\"WebPage\",\"@id\":\"https:\/\/abrelivros.org.br\/site\/category\/noticias\/noticias-da-imprensa\/\",\"url\":\"https:\/\/abrelivros.org.br\/site\/category\/noticias\/noticias-da-imprensa\/\",\"name\":\"Not\\u00edcias da imprensa\"}},{\"@type\":\"ListItem\",\"position\":4,\"item\":{\"@type\":\"WebPage\",\"@id\":\"https:\/\/abrelivros.org.br\/site\/nao-sao-so-os-ricos-que-leem-livros-no-brasil-comprovam-dados-e-tambem-os-relatos\/\",\"url\":\"https:\/\/abrelivros.org.br\/site\/nao-sao-so-os-ricos-que-leem-livros-no-brasil-comprovam-dados-e-tambem-os-relatos\/\",\"name\":\"N\\u00e3o s\\u00e3o s\\u00f3 os ricos que leem livros no Brasil, comprovam dados e tamb\\u00e9m os relatos\"}}]},{\"@type\":\"Person\",\"@id\":\"https:\/\/abrelivros.org.br\/site\/#\/schema\/person\/65db80e26409802ce15ac5feec6a15fd\",\"name\":\"Reda\\u00e7\\u00e3o Abrelivros\",\"image\":{\"@type\":\"ImageObject\",\"@id\":\"https:\/\/abrelivros.org.br\/site\/#personlogo\",\"inLanguage\":\"pt-BR\",\"url\":\"https:\/\/secure.gravatar.com\/avatar\/c4e57f9c7e3482965bd428192061218520756c39080b1d1820b679fa5e9af192?s=96&d=mm&r=g\",\"caption\":\"Reda\\u00e7\\u00e3o Abrelivros\"}}]}<\/script>\n<!-- \/ Yoast SEO plugin. -->","_links":{"self":[{"href":"https:\/\/abrelivros.org.br\/site\/wp-json\/wp\/v2\/posts\/13704","targetHints":{"allow":["GET"]}}],"collection":[{"href":"https:\/\/abrelivros.org.br\/site\/wp-json\/wp\/v2\/posts"}],"about":[{"href":"https:\/\/abrelivros.org.br\/site\/wp-json\/wp\/v2\/types\/post"}],"author":[{"embeddable":true,"href":"https:\/\/abrelivros.org.br\/site\/wp-json\/wp\/v2\/users\/4"}],"replies":[{"embeddable":true,"href":"https:\/\/abrelivros.org.br\/site\/wp-json\/wp\/v2\/comments?post=13704"}],"version-history":[{"count":1,"href":"https:\/\/abrelivros.org.br\/site\/wp-json\/wp\/v2\/posts\/13704\/revisions"}],"predecessor-version":[{"id":13705,"href":"https:\/\/abrelivros.org.br\/site\/wp-json\/wp\/v2\/posts\/13704\/revisions\/13705"}],"wp:attachment":[{"href":"https:\/\/abrelivros.org.br\/site\/wp-json\/wp\/v2\/media?parent=13704"}],"wp:term":[{"taxonomy":"category","embeddable":true,"href":"https:\/\/abrelivros.org.br\/site\/wp-json\/wp\/v2\/categories?post=13704"},{"taxonomy":"post_tag","embeddable":true,"href":"https:\/\/abrelivros.org.br\/site\/wp-json\/wp\/v2\/tags?post=13704"}],"curies":[{"name":"wp","href":"https:\/\/api.w.org\/{rel}","templated":true}]}}