{"id":13700,"date":"2021-04-09T12:31:58","date_gmt":"2021-04-09T15:31:58","guid":{"rendered":"https:\/\/abrelivros.org.br\/site\/?p=13700"},"modified":"2021-04-09T12:31:58","modified_gmt":"2021-04-09T15:31:58","slug":"ube-se-manifesta-novamente-sobre-cbs","status":"publish","type":"post","link":"https:\/\/abrelivros.org.br\/site\/ube-se-manifesta-novamente-sobre-cbs\/","title":{"rendered":"UBE se manifesta novamente sobre CBS"},"content":{"rendered":"<p>A Uni\u00e3o Brasileira de Escritores (UBE) tornou p\u00fablico um novo manifesto contra a tributa\u00e7\u00e3o do livro e em defesa do direito de todos ao livro e \u00e0 literatura. Em agosto passado, a entidade j\u00e1 <a href=\"https:\/\/www.publishnews.com.br\/materias\/2020\/08\/14\/oab-e-ube-lancam-manifestos-contrarios-a-tributacao-do-livro\" target=\"_blank\" rel=\"noopener noreferrer\">tinha se posicionado<\/a> a contr\u00e1rio \u00e0 tentativa de tributar o livro com a CBS, contribui\u00e7\u00e3o sobre bens e servi\u00e7os proposta pelo governo na reforma tribut\u00e1ria.<!--more--><\/p>\n<p>Na nota de agora, a entidade enquadra como \u201cincab\u00edvel\u201d a justificativa de que os livros s\u00e3o artigos para a elite e como \u201cfalso\u201d o argumento de redirecionar os recursos da CBS para a execu\u00e7\u00e3o de pol\u00edticas p\u00fablicas. \u201cTrata-se de mais um ataque \u00e0 Constitui\u00e7\u00e3o brasileira, que, no artigo 150, estabelece ser vetada \u00e0 Uni\u00e3o, Distrito Federal, estados e munic\u00edpios, a institui\u00e7\u00e3o de qualquer imposto sobre o livro, jornais, peri\u00f3dicos e o papel destinado a sua impress\u00e3o\u201d, diz o documento.<\/p>\n<p>\u201cRepudiamos esse ataque que \u2013 assim como outros recorrentes contra a educa\u00e7\u00e3o e a cultura \u2013 integra um projeto ideol\u00f3gico de na\u00e7\u00e3o balizado por retrocessos e tentativas de destrui\u00e7\u00e3o dos avan\u00e7os democr\u00e1ticos duramente conquistados pela popula\u00e7\u00e3o brasileira nas \u00faltimas d\u00e9cadas\u201d, continua a nota que pode ser lida <a href=\"https:\/\/www.publishnews.com.br\/estaticos\/uploads\/2021\/04\/gn8kdqQZHjiNLdqzu2PSPxxrYFN7R3uwZHUHFKWp23v7ZZCIvvQHC9kZgVqPWjMyQ1CWIEa3dNk5Qo3d.pdf\" target=\"_blank\" rel=\"noopener noreferrer\">clicando aqui<\/a>.<\/p>\n<p>Ainda sobre o caso, o PublishNews+, \u00e1rea exclusiva para assinantes do PN, trouxe, em fevereiro, um artigo de Mariana Bueno intitulado Livros, tributos e desenvolvimento socioecon\u00f4mico em que a economista tra\u00e7a um paralelo entre o consumo de livros no Brasil, \u00edndices educacionais e de leitura e a economia do pa\u00eds. Para ler o artigo, <a href=\"https:\/\/pnmais.com\/assinaturas\/?r=61&amp;wcm_redirect_to=post&amp;wcm_redirect_id=61\" target=\"_blank\" rel=\"noopener noreferrer\">clique aqui<\/a>.<\/p>\n","protected":false},"excerpt":{"rendered":"<p>A Uni\u00e3o Brasileira de Escritores (UBE) tornou p\u00fablico um novo manifesto contra a tributa\u00e7\u00e3o do livro e em defesa do direito de todos ao livro e \u00e0 literatura. Em agosto passado, a entidade j\u00e1 tinha se posicionado a contr\u00e1rio \u00e0 tentativa de tributar o livro com a CBS, contribui\u00e7\u00e3o sobre bens e servi\u00e7os proposta pelo [&hellip;]<\/p>\n","protected":false},"author":4,"featured_media":0,"comment_status":"closed","ping_status":"closed","sticky":false,"template":"","format":"standard","meta":{"footnotes":"","_links_to":"","_links_to_target":""},"categories":[9],"tags":[],"class_list":["post-13700","post","type-post","status-publish","format-standard","hentry","category-noticias-da-imprensa"],"yoast_head":"<!-- This site is optimized with the Yoast SEO plugin v15.1 - https:\/\/yoast.com\/wordpress\/plugins\/seo\/ -->\n<title>UBE se manifesta novamente sobre CBS &raquo; Abrelivros<\/title>\n<meta name=\"robots\" content=\"index, follow, max-snippet:-1, max-image-preview:large, max-video-preview:-1\" \/>\n<link rel=\"canonical\" href=\"https:\/\/abrelivros.org.br\/site\/ube-se-manifesta-novamente-sobre-cbs\/\" \/>\n<meta property=\"og:locale\" content=\"pt_BR\" \/>\n<meta property=\"og:type\" content=\"article\" \/>\n<meta property=\"og:title\" content=\"UBE se manifesta novamente sobre CBS &raquo; Abrelivros\" \/>\n<meta property=\"og:description\" content=\"A Uni\u00e3o Brasileira de Escritores (UBE) tornou p\u00fablico um novo manifesto contra a tributa\u00e7\u00e3o do livro e em defesa do direito de todos ao livro e \u00e0 literatura. Em agosto passado, a entidade j\u00e1 tinha se posicionado a contr\u00e1rio \u00e0 tentativa de tributar o livro com a CBS, contribui\u00e7\u00e3o sobre bens e servi\u00e7os proposta pelo [&hellip;]\" \/>\n<meta property=\"og:url\" content=\"https:\/\/abrelivros.org.br\/site\/ube-se-manifesta-novamente-sobre-cbs\/\" \/>\n<meta property=\"og:site_name\" content=\"Abrelivros\" \/>\n<meta property=\"article:published_time\" content=\"2021-04-09T15:31:58+00:00\" \/>\n<meta name=\"twitter:card\" content=\"summary_large_image\" \/>\n<script type=\"application\/ld+json\" class=\"yoast-schema-graph\">{\"@context\":\"https:\/\/schema.org\",\"@graph\":[{\"@type\":\"WebSite\",\"@id\":\"https:\/\/abrelivros.org.br\/site\/#website\",\"url\":\"https:\/\/abrelivros.org.br\/site\/\",\"name\":\"Abrelivros\",\"description\":\"\",\"potentialAction\":[{\"@type\":\"SearchAction\",\"target\":\"https:\/\/abrelivros.org.br\/site\/?s={search_term_string}\",\"query-input\":\"required name=search_term_string\"}],\"inLanguage\":\"pt-BR\"},{\"@type\":\"WebPage\",\"@id\":\"https:\/\/abrelivros.org.br\/site\/ube-se-manifesta-novamente-sobre-cbs\/#webpage\",\"url\":\"https:\/\/abrelivros.org.br\/site\/ube-se-manifesta-novamente-sobre-cbs\/\",\"name\":\"UBE se manifesta novamente sobre CBS &raquo; Abrelivros\",\"isPartOf\":{\"@id\":\"https:\/\/abrelivros.org.br\/site\/#website\"},\"datePublished\":\"2021-04-09T15:31:58+00:00\",\"dateModified\":\"2021-04-09T15:31:58+00:00\",\"author\":{\"@id\":\"https:\/\/abrelivros.org.br\/site\/#\/schema\/person\/65db80e26409802ce15ac5feec6a15fd\"},\"breadcrumb\":{\"@id\":\"https:\/\/abrelivros.org.br\/site\/ube-se-manifesta-novamente-sobre-cbs\/#breadcrumb\"},\"inLanguage\":\"pt-BR\",\"potentialAction\":[{\"@type\":\"ReadAction\",\"target\":[\"https:\/\/abrelivros.org.br\/site\/ube-se-manifesta-novamente-sobre-cbs\/\"]}]},{\"@type\":\"BreadcrumbList\",\"@id\":\"https:\/\/abrelivros.org.br\/site\/ube-se-manifesta-novamente-sobre-cbs\/#breadcrumb\",\"itemListElement\":[{\"@type\":\"ListItem\",\"position\":1,\"item\":{\"@type\":\"WebPage\",\"@id\":\"https:\/\/abrelivros.org.br\/site\/\",\"url\":\"https:\/\/abrelivros.org.br\/site\/\",\"name\":\"In\\u00edcio\"}},{\"@type\":\"ListItem\",\"position\":2,\"item\":{\"@type\":\"WebPage\",\"@id\":\"https:\/\/abrelivros.org.br\/site\/category\/noticias\/\",\"url\":\"https:\/\/abrelivros.org.br\/site\/category\/noticias\/\",\"name\":\"Not\\u00edcias\"}},{\"@type\":\"ListItem\",\"position\":3,\"item\":{\"@type\":\"WebPage\",\"@id\":\"https:\/\/abrelivros.org.br\/site\/category\/noticias\/noticias-da-imprensa\/\",\"url\":\"https:\/\/abrelivros.org.br\/site\/category\/noticias\/noticias-da-imprensa\/\",\"name\":\"Not\\u00edcias da imprensa\"}},{\"@type\":\"ListItem\",\"position\":4,\"item\":{\"@type\":\"WebPage\",\"@id\":\"https:\/\/abrelivros.org.br\/site\/ube-se-manifesta-novamente-sobre-cbs\/\",\"url\":\"https:\/\/abrelivros.org.br\/site\/ube-se-manifesta-novamente-sobre-cbs\/\",\"name\":\"UBE se manifesta novamente sobre CBS\"}}]},{\"@type\":\"Person\",\"@id\":\"https:\/\/abrelivros.org.br\/site\/#\/schema\/person\/65db80e26409802ce15ac5feec6a15fd\",\"name\":\"Reda\\u00e7\\u00e3o Abrelivros\",\"image\":{\"@type\":\"ImageObject\",\"@id\":\"https:\/\/abrelivros.org.br\/site\/#personlogo\",\"inLanguage\":\"pt-BR\",\"url\":\"https:\/\/secure.gravatar.com\/avatar\/c4e57f9c7e3482965bd428192061218520756c39080b1d1820b679fa5e9af192?s=96&d=mm&r=g\",\"caption\":\"Reda\\u00e7\\u00e3o Abrelivros\"}}]}<\/script>\n<!-- \/ Yoast SEO plugin. -->","_links":{"self":[{"href":"https:\/\/abrelivros.org.br\/site\/wp-json\/wp\/v2\/posts\/13700","targetHints":{"allow":["GET"]}}],"collection":[{"href":"https:\/\/abrelivros.org.br\/site\/wp-json\/wp\/v2\/posts"}],"about":[{"href":"https:\/\/abrelivros.org.br\/site\/wp-json\/wp\/v2\/types\/post"}],"author":[{"embeddable":true,"href":"https:\/\/abrelivros.org.br\/site\/wp-json\/wp\/v2\/users\/4"}],"replies":[{"embeddable":true,"href":"https:\/\/abrelivros.org.br\/site\/wp-json\/wp\/v2\/comments?post=13700"}],"version-history":[{"count":1,"href":"https:\/\/abrelivros.org.br\/site\/wp-json\/wp\/v2\/posts\/13700\/revisions"}],"predecessor-version":[{"id":13701,"href":"https:\/\/abrelivros.org.br\/site\/wp-json\/wp\/v2\/posts\/13700\/revisions\/13701"}],"wp:attachment":[{"href":"https:\/\/abrelivros.org.br\/site\/wp-json\/wp\/v2\/media?parent=13700"}],"wp:term":[{"taxonomy":"category","embeddable":true,"href":"https:\/\/abrelivros.org.br\/site\/wp-json\/wp\/v2\/categories?post=13700"},{"taxonomy":"post_tag","embeddable":true,"href":"https:\/\/abrelivros.org.br\/site\/wp-json\/wp\/v2\/tags?post=13700"}],"curies":[{"name":"wp","href":"https:\/\/api.w.org\/{rel}","templated":true}]}}