{"id":13698,"date":"2021-04-09T12:24:18","date_gmt":"2021-04-09T15:24:18","guid":{"rendered":"https:\/\/abrelivros.org.br\/site\/?p=13698"},"modified":"2021-04-09T12:24:18","modified_gmt":"2021-04-09T15:24:18","slug":"provas-em-braile-marcam-a-historia-do-exame","status":"publish","type":"post","link":"https:\/\/abrelivros.org.br\/site\/provas-em-braile-marcam-a-historia-do-exame\/","title":{"rendered":"Provas em braile marcam a hist\u00f3ria do exame"},"content":{"rendered":"<p>Ao longo de in\u00fameras aplica\u00e7\u00f5es de exames e avalia\u00e7\u00f5es, o Instituto Nacional de Estudos e Pesquisas Educacionais An\u00edsio Teixeira (Inep) adaptou os m\u00e9todos e recursos para oferecer condi\u00e7\u00f5es cada vez mais ison\u00f4micas aos participantes.<!--more--> Nesse contexto, o Exame Nacional do Ensino M\u00e9dio (Enem) tornou-se refer\u00eancia em termos de acessibilidade e inclus\u00e3o no Brasil. Na edi\u00e7\u00e3o 2020, pela primeira vez, o participante que escreveu a reda\u00e7\u00e3o em braile teve a prova corrigida no Sistema Braile, cujo dia nacional \u00e9 celebrado nesta quinta-feira, 8 de abril. Antes, o texto precisava ser ditado para o corretor.<\/p>\n<p>No Enem 2020, 52.598 inscritos solicitaram, em geral, algum tipo de atendimento especializado. Dessas pessoas, 12.464 pediram recursos por quest\u00f5es relacionadas \u00e0 vis\u00e3o, entre elas, cegueira (859), baixa vis\u00e3o (9.897), surdocegueira (134) e vis\u00e3o monocular (1.574). A oferta de provas do Enem em braile faz parte da Pol\u00edtica de Acessibilidade e Inclus\u00e3o do Inep e ocorre desde a edi\u00e7\u00e3o do ano 2000.<\/p>\n<p>De l\u00e1 para c\u00e1, o Enem tamb\u00e9m incluiu diversos outros recursos no rol de atendimentos especializados, como provas ampliadas e aux\u00edlios para leitura e transcri\u00e7\u00e3o das provas. Durante o exame, tamb\u00e9m \u00e9 permitido utilizar material pr\u00f3prio, inclusive, m\u00e1quina de escrever em braile, al\u00e9m de outros recursos, como: l\u00e2mina overlay, reglete, pun\u00e7\u00e3o, sorob\u00e3 ou cubaritmo, caneta de ponta grossa, tiposc\u00f3pio, assinador, \u00f3culos especiais, lupa, telelupa, lumin\u00e1ria, t\u00e1buas de apoio, multiplano, plano inclinado. O participante tamb\u00e9m pode ser acompanhado por c\u00e3o-guia.<\/p>\n<p><strong>Acessibilidade e inclus\u00e3o<\/strong> \u2013 O Instituto oferece atendimento e recursos de acessibilidade em todos os exames e avalia\u00e7\u00f5es aplicados. A Pol\u00edtica de Acessibilidade e Inclus\u00e3o do Inep visa a abranger o maior n\u00famero poss\u00edvel de interessados na execu\u00e7\u00e3o de suas provas. Nesse sentido, o objetivo \u00e9 proporcionar acesso aos programas educacionais brasileiros, promovendo equidade.<\/p>\n<p><strong>Enem<\/strong> \u2013 Realizado anualmente pelo Inep desde 1998, o Exame Nacional do Ensino M\u00e9dio avalia o desempenho escolar ao final da educa\u00e7\u00e3o b\u00e1sica. A estrutura do exame conta com uma reda\u00e7\u00e3o e 45 quest\u00f5es em cada prova das quatro \u00e1reas de conhecimento: linguagens, c\u00f3digos e suas tecnologias; ci\u00eancias humanas e suas tecnologias; ci\u00eancias da natureza e suas tecnologias; e matem\u00e1tica e suas tecnologias.<\/p>\n<p>&nbsp;<\/p>\n<p><a href=\"https:\/\/www.gov.br\/inep\/pt-br\/areas-de-atuacao\/avaliacao-e-exames-educacionais\/enem\" target=\"_blank\" rel=\"noopener noreferrer\">Saiba mais sobre o Enem<\/a><\/p>\n<p>&nbsp;<\/p>\n","protected":false},"excerpt":{"rendered":"<p>Ao longo de in\u00fameras aplica\u00e7\u00f5es de exames e avalia\u00e7\u00f5es, o Instituto Nacional de Estudos e Pesquisas Educacionais An\u00edsio Teixeira (Inep) adaptou os m\u00e9todos e recursos para oferecer condi\u00e7\u00f5es cada vez mais ison\u00f4micas aos participantes.<\/p>\n","protected":false},"author":4,"featured_media":0,"comment_status":"closed","ping_status":"closed","sticky":false,"template":"","format":"standard","meta":{"footnotes":"","_links_to":"","_links_to_target":""},"categories":[9],"tags":[],"class_list":["post-13698","post","type-post","status-publish","format-standard","hentry","category-noticias-da-imprensa"],"yoast_head":"<!-- This site is optimized with the Yoast SEO plugin v15.1 - https:\/\/yoast.com\/wordpress\/plugins\/seo\/ -->\n<title>Provas em braile marcam a hist\u00f3ria do exame &raquo; Abrelivros<\/title>\n<meta name=\"robots\" content=\"index, follow, max-snippet:-1, max-image-preview:large, max-video-preview:-1\" \/>\n<link rel=\"canonical\" href=\"https:\/\/abrelivros.org.br\/site\/provas-em-braile-marcam-a-historia-do-exame\/\" \/>\n<meta property=\"og:locale\" content=\"pt_BR\" \/>\n<meta property=\"og:type\" content=\"article\" \/>\n<meta property=\"og:title\" content=\"Provas em braile marcam a hist\u00f3ria do exame &raquo; Abrelivros\" \/>\n<meta property=\"og:description\" content=\"Ao longo de in\u00fameras aplica\u00e7\u00f5es de exames e avalia\u00e7\u00f5es, o Instituto Nacional de Estudos e Pesquisas Educacionais An\u00edsio Teixeira (Inep) adaptou os m\u00e9todos e recursos para oferecer condi\u00e7\u00f5es cada vez mais ison\u00f4micas aos participantes.\" \/>\n<meta property=\"og:url\" content=\"https:\/\/abrelivros.org.br\/site\/provas-em-braile-marcam-a-historia-do-exame\/\" \/>\n<meta property=\"og:site_name\" content=\"Abrelivros\" \/>\n<meta property=\"article:published_time\" content=\"2021-04-09T15:24:18+00:00\" \/>\n<meta name=\"twitter:card\" content=\"summary_large_image\" \/>\n<script type=\"application\/ld+json\" class=\"yoast-schema-graph\">{\"@context\":\"https:\/\/schema.org\",\"@graph\":[{\"@type\":\"WebSite\",\"@id\":\"https:\/\/abrelivros.org.br\/site\/#website\",\"url\":\"https:\/\/abrelivros.org.br\/site\/\",\"name\":\"Abrelivros\",\"description\":\"\",\"potentialAction\":[{\"@type\":\"SearchAction\",\"target\":\"https:\/\/abrelivros.org.br\/site\/?s={search_term_string}\",\"query-input\":\"required name=search_term_string\"}],\"inLanguage\":\"pt-BR\"},{\"@type\":\"WebPage\",\"@id\":\"https:\/\/abrelivros.org.br\/site\/provas-em-braile-marcam-a-historia-do-exame\/#webpage\",\"url\":\"https:\/\/abrelivros.org.br\/site\/provas-em-braile-marcam-a-historia-do-exame\/\",\"name\":\"Provas em braile marcam a hist\\u00f3ria do exame &raquo; Abrelivros\",\"isPartOf\":{\"@id\":\"https:\/\/abrelivros.org.br\/site\/#website\"},\"datePublished\":\"2021-04-09T15:24:18+00:00\",\"dateModified\":\"2021-04-09T15:24:18+00:00\",\"author\":{\"@id\":\"https:\/\/abrelivros.org.br\/site\/#\/schema\/person\/65db80e26409802ce15ac5feec6a15fd\"},\"breadcrumb\":{\"@id\":\"https:\/\/abrelivros.org.br\/site\/provas-em-braile-marcam-a-historia-do-exame\/#breadcrumb\"},\"inLanguage\":\"pt-BR\",\"potentialAction\":[{\"@type\":\"ReadAction\",\"target\":[\"https:\/\/abrelivros.org.br\/site\/provas-em-braile-marcam-a-historia-do-exame\/\"]}]},{\"@type\":\"BreadcrumbList\",\"@id\":\"https:\/\/abrelivros.org.br\/site\/provas-em-braile-marcam-a-historia-do-exame\/#breadcrumb\",\"itemListElement\":[{\"@type\":\"ListItem\",\"position\":1,\"item\":{\"@type\":\"WebPage\",\"@id\":\"https:\/\/abrelivros.org.br\/site\/\",\"url\":\"https:\/\/abrelivros.org.br\/site\/\",\"name\":\"In\\u00edcio\"}},{\"@type\":\"ListItem\",\"position\":2,\"item\":{\"@type\":\"WebPage\",\"@id\":\"https:\/\/abrelivros.org.br\/site\/category\/noticias\/\",\"url\":\"https:\/\/abrelivros.org.br\/site\/category\/noticias\/\",\"name\":\"Not\\u00edcias\"}},{\"@type\":\"ListItem\",\"position\":3,\"item\":{\"@type\":\"WebPage\",\"@id\":\"https:\/\/abrelivros.org.br\/site\/category\/noticias\/noticias-da-imprensa\/\",\"url\":\"https:\/\/abrelivros.org.br\/site\/category\/noticias\/noticias-da-imprensa\/\",\"name\":\"Not\\u00edcias da imprensa\"}},{\"@type\":\"ListItem\",\"position\":4,\"item\":{\"@type\":\"WebPage\",\"@id\":\"https:\/\/abrelivros.org.br\/site\/provas-em-braile-marcam-a-historia-do-exame\/\",\"url\":\"https:\/\/abrelivros.org.br\/site\/provas-em-braile-marcam-a-historia-do-exame\/\",\"name\":\"Provas em braile marcam a hist\\u00f3ria do exame\"}}]},{\"@type\":\"Person\",\"@id\":\"https:\/\/abrelivros.org.br\/site\/#\/schema\/person\/65db80e26409802ce15ac5feec6a15fd\",\"name\":\"Reda\\u00e7\\u00e3o Abrelivros\",\"image\":{\"@type\":\"ImageObject\",\"@id\":\"https:\/\/abrelivros.org.br\/site\/#personlogo\",\"inLanguage\":\"pt-BR\",\"url\":\"https:\/\/secure.gravatar.com\/avatar\/c4e57f9c7e3482965bd428192061218520756c39080b1d1820b679fa5e9af192?s=96&d=mm&r=g\",\"caption\":\"Reda\\u00e7\\u00e3o Abrelivros\"}}]}<\/script>\n<!-- \/ Yoast SEO plugin. -->","_links":{"self":[{"href":"https:\/\/abrelivros.org.br\/site\/wp-json\/wp\/v2\/posts\/13698","targetHints":{"allow":["GET"]}}],"collection":[{"href":"https:\/\/abrelivros.org.br\/site\/wp-json\/wp\/v2\/posts"}],"about":[{"href":"https:\/\/abrelivros.org.br\/site\/wp-json\/wp\/v2\/types\/post"}],"author":[{"embeddable":true,"href":"https:\/\/abrelivros.org.br\/site\/wp-json\/wp\/v2\/users\/4"}],"replies":[{"embeddable":true,"href":"https:\/\/abrelivros.org.br\/site\/wp-json\/wp\/v2\/comments?post=13698"}],"version-history":[{"count":1,"href":"https:\/\/abrelivros.org.br\/site\/wp-json\/wp\/v2\/posts\/13698\/revisions"}],"predecessor-version":[{"id":13699,"href":"https:\/\/abrelivros.org.br\/site\/wp-json\/wp\/v2\/posts\/13698\/revisions\/13699"}],"wp:attachment":[{"href":"https:\/\/abrelivros.org.br\/site\/wp-json\/wp\/v2\/media?parent=13698"}],"wp:term":[{"taxonomy":"category","embeddable":true,"href":"https:\/\/abrelivros.org.br\/site\/wp-json\/wp\/v2\/categories?post=13698"},{"taxonomy":"post_tag","embeddable":true,"href":"https:\/\/abrelivros.org.br\/site\/wp-json\/wp\/v2\/tags?post=13698"}],"curies":[{"name":"wp","href":"https:\/\/api.w.org\/{rel}","templated":true}]}}