{"id":13696,"date":"2021-04-09T12:21:02","date_gmt":"2021-04-09T15:21:02","guid":{"rendered":"https:\/\/abrelivros.org.br\/site\/?p=13696"},"modified":"2021-04-09T13:06:20","modified_gmt":"2021-04-09T16:06:20","slug":"dia-do-autismo-mec-ressalta-a-importancia-da-criacao-de-projetos-voltados-a-educacao-especial","status":"publish","type":"post","link":"https:\/\/abrelivros.org.br\/site\/dia-do-autismo-mec-ressalta-a-importancia-da-criacao-de-projetos-voltados-a-educacao-especial\/","title":{"rendered":"Dia do Autismo: MEC ressalta a import\u00e2ncia da cria\u00e7\u00e3o de projetos voltados \u00e0 educa\u00e7\u00e3o especial"},"content":{"rendered":"<p>\u00c9 comemorado no dia 2 de abril, o Dia Nacional de Conscientiza\u00e7\u00e3o sobre o Autismo, institu\u00eddo pelo Congresso Nacional em 2018 por meio da Lei n\u00ba 13.652. Criado com o intuito de estimular as autoridades no sentindo de implementarem pol\u00edticas de sa\u00fade p\u00fablica para o tratamento e diagn\u00f3stico do autismo, o dia foi escolhido em conson\u00e2ncia com a Organiza\u00e7\u00e3o das Na\u00e7\u00f5es Unidas (ONU), que celebra o Dia Mundial de Conscientiza\u00e7\u00e3o sobre o Autismo desde 2008.<!--more--><\/p>\n<p>O Transtorno do Espectro do Autismo (TEA) \u00e9 um transtorno do neurodesenvolvimento, caracterizado por padr\u00f5es de comportamentos repetitivos e dificuldade na intera\u00e7\u00e3o social, que afeta o desenvolvimento da pessoa com TEA. Estima-se que h\u00e1 2 milh\u00f5es de pessoas com autismo somente no Brasil e que uma a cada 88 crian\u00e7as apresenta tra\u00e7os de autismo, segundo dados da Organiza\u00e7\u00e3o Mundial da Sa\u00fade (OMS).<\/p>\n<p>Em 2019, foi sancionada a Lei n\u00ba 13.861\/2019, que obriga o Instituto Brasileiro de Geografia e Estat\u00edstica (IBGE) a inserir perguntas sobre o autismo no Censo Demogr\u00e1fico. A ideia \u00e9 que, a partir dessa mudan\u00e7a, seja poss\u00edvel saber quantas pessoas ao certo apresentam esse transtorno e como elas est\u00e3o distribu\u00eddas pelo pa\u00eds, para que a partir de ent\u00e3o seja poss\u00edvel conduzir corretamente as pol\u00edticas p\u00fablicas e direcion\u00e1-las \u00e0s pessoas com autismo.<\/p>\n<p>Com o objetivo de maximizar o bem-estar e a garantia dos direitos do estudante da educa\u00e7\u00e3o especial, o MEC apoia os sistemas de ensino por meio de programas como:<\/p>\n<p><strong>Sala de Recursos<\/strong> (Resolu\u00e7\u00e3o n\u00ba 25\/2020), que destina recursos financeiros para equipar salas de recursos multifuncionais e bil\u00edngues de surdos, destinadas ao atendimento educacional especializado;<\/p>\n<p><strong>Programa Escola Acess\u00edvel<\/strong>, (Resolu\u00e7\u00e3o CD\/FNDE n\u00ba 20\/2018), que em parceria com o FNDE promove condi\u00e7\u00f5es de acessibilidade ao ambiente f\u00edsico, aos recursos did\u00e1ticos e pedag\u00f3gicos e \u00e0 comunica\u00e7\u00e3o e informa\u00e7\u00e3o nas escolas p\u00fablicas de ensino regular;<\/p>\n<p><strong>Programa Nacional do Livro Did\u00e1tico Acess\u00edvel (PNLD Acess\u00edvel)<\/strong>, que promove a acessibilidade em escolas p\u00fablicas da educa\u00e7\u00e3o b\u00e1sica, distribu\u00eddos em formato digital, que podem favorecer a aprendizagem de educandos autistas que tenham dificuldades na compreens\u00e3o e na recep\u00e7\u00e3o de informa\u00e7\u00f5es;<\/p>\n<p><strong>Forma\u00e7\u00e3o de Profissionais da Educa\u00e7\u00e3o B\u00e1sica em Educa\u00e7\u00e3o Especial<\/strong>, cuja finalidade \u00e9 promover a forma\u00e7\u00e3o continuada em educa\u00e7\u00e3o especial de professores do atendimento educacional especializado e profissionais da educa\u00e7\u00e3o b\u00e1sica;<\/p>\n<p><strong>Programa de Acessibilidade na Educa\u00e7\u00e3o Superior<\/strong> <strong>(Incluir)<\/strong> que prop\u00f5e a\u00e7\u00f5es para o acesso pleno de pessoas com defici\u00eancia \u00e0s Institui\u00e7\u00f5es Federais de Ensino Superior (Ifes) e que t\u00eam por objetivo fomentar a cria\u00e7\u00e3o e a consolida\u00e7\u00e3o de n\u00facleos de acessibilidade nas Ifes, os quais respondem pela organiza\u00e7\u00e3o de a\u00e7\u00f5es institucionais que garantam a integra\u00e7\u00e3o de pessoas com defici\u00eancia \u00e0 vida acad\u00eamica, eliminando barreiras comportamentais, pedag\u00f3gicas, arquitet\u00f4nicas e de comunica\u00e7\u00e3o.<\/p>\n<p>Fonte: Secretaria da Sa\u00fade<\/p>\n","protected":false},"excerpt":{"rendered":"<p>\u00c9 comemorado no dia 2 de abril, o Dia Nacional de Conscientiza\u00e7\u00e3o sobre o Autismo, institu\u00eddo pelo Congresso Nacional em 2018 por meio da Lei n\u00ba 13.652. Criado com o intuito de estimular as autoridades no sentindo de implementarem pol\u00edticas de sa\u00fade p\u00fablica para o tratamento e diagn\u00f3stico do autismo, o dia foi escolhido em [&hellip;]<\/p>\n","protected":false},"author":4,"featured_media":0,"comment_status":"closed","ping_status":"closed","sticky":false,"template":"","format":"standard","meta":{"footnotes":"","_links_to":"","_links_to_target":""},"categories":[9,10],"tags":[],"class_list":["post-13696","post","type-post","status-publish","format-standard","hentry","category-noticias-da-imprensa","category-pnld-programa-nacional-do-livro-e-do-material-didatico"],"yoast_head":"<!-- This site is optimized with the Yoast SEO plugin v15.1 - https:\/\/yoast.com\/wordpress\/plugins\/seo\/ -->\n<title>Dia do Autismo: MEC ressalta a import\u00e2ncia da cria\u00e7\u00e3o de projetos voltados \u00e0 educa\u00e7\u00e3o especial &raquo; Abrelivros<\/title>\n<meta name=\"robots\" content=\"index, follow, max-snippet:-1, max-image-preview:large, max-video-preview:-1\" \/>\n<link rel=\"canonical\" href=\"https:\/\/abrelivros.org.br\/site\/dia-do-autismo-mec-ressalta-a-importancia-da-criacao-de-projetos-voltados-a-educacao-especial\/\" \/>\n<meta property=\"og:locale\" content=\"pt_BR\" \/>\n<meta property=\"og:type\" content=\"article\" \/>\n<meta property=\"og:title\" content=\"Dia do Autismo: MEC ressalta a import\u00e2ncia da cria\u00e7\u00e3o de projetos voltados \u00e0 educa\u00e7\u00e3o especial &raquo; Abrelivros\" \/>\n<meta property=\"og:description\" content=\"\u00c9 comemorado no dia 2 de abril, o Dia Nacional de Conscientiza\u00e7\u00e3o sobre o Autismo, institu\u00eddo pelo Congresso Nacional em 2018 por meio da Lei n\u00ba 13.652. Criado com o intuito de estimular as autoridades no sentindo de implementarem pol\u00edticas de sa\u00fade p\u00fablica para o tratamento e diagn\u00f3stico do autismo, o dia foi escolhido em [&hellip;]\" \/>\n<meta property=\"og:url\" content=\"https:\/\/abrelivros.org.br\/site\/dia-do-autismo-mec-ressalta-a-importancia-da-criacao-de-projetos-voltados-a-educacao-especial\/\" \/>\n<meta property=\"og:site_name\" content=\"Abrelivros\" \/>\n<meta property=\"article:published_time\" content=\"2021-04-09T15:21:02+00:00\" \/>\n<meta property=\"article:modified_time\" content=\"2021-04-09T16:06:20+00:00\" \/>\n<meta name=\"twitter:card\" content=\"summary_large_image\" \/>\n<script type=\"application\/ld+json\" class=\"yoast-schema-graph\">{\"@context\":\"https:\/\/schema.org\",\"@graph\":[{\"@type\":\"WebSite\",\"@id\":\"https:\/\/abrelivros.org.br\/site\/#website\",\"url\":\"https:\/\/abrelivros.org.br\/site\/\",\"name\":\"Abrelivros\",\"description\":\"\",\"potentialAction\":[{\"@type\":\"SearchAction\",\"target\":\"https:\/\/abrelivros.org.br\/site\/?s={search_term_string}\",\"query-input\":\"required name=search_term_string\"}],\"inLanguage\":\"pt-BR\"},{\"@type\":\"WebPage\",\"@id\":\"https:\/\/abrelivros.org.br\/site\/dia-do-autismo-mec-ressalta-a-importancia-da-criacao-de-projetos-voltados-a-educacao-especial\/#webpage\",\"url\":\"https:\/\/abrelivros.org.br\/site\/dia-do-autismo-mec-ressalta-a-importancia-da-criacao-de-projetos-voltados-a-educacao-especial\/\",\"name\":\"Dia do Autismo: MEC ressalta a import\\u00e2ncia da cria\\u00e7\\u00e3o de projetos voltados \\u00e0 educa\\u00e7\\u00e3o especial &raquo; Abrelivros\",\"isPartOf\":{\"@id\":\"https:\/\/abrelivros.org.br\/site\/#website\"},\"datePublished\":\"2021-04-09T15:21:02+00:00\",\"dateModified\":\"2021-04-09T16:06:20+00:00\",\"author\":{\"@id\":\"https:\/\/abrelivros.org.br\/site\/#\/schema\/person\/65db80e26409802ce15ac5feec6a15fd\"},\"breadcrumb\":{\"@id\":\"https:\/\/abrelivros.org.br\/site\/dia-do-autismo-mec-ressalta-a-importancia-da-criacao-de-projetos-voltados-a-educacao-especial\/#breadcrumb\"},\"inLanguage\":\"pt-BR\",\"potentialAction\":[{\"@type\":\"ReadAction\",\"target\":[\"https:\/\/abrelivros.org.br\/site\/dia-do-autismo-mec-ressalta-a-importancia-da-criacao-de-projetos-voltados-a-educacao-especial\/\"]}]},{\"@type\":\"BreadcrumbList\",\"@id\":\"https:\/\/abrelivros.org.br\/site\/dia-do-autismo-mec-ressalta-a-importancia-da-criacao-de-projetos-voltados-a-educacao-especial\/#breadcrumb\",\"itemListElement\":[{\"@type\":\"ListItem\",\"position\":1,\"item\":{\"@type\":\"WebPage\",\"@id\":\"https:\/\/abrelivros.org.br\/site\/\",\"url\":\"https:\/\/abrelivros.org.br\/site\/\",\"name\":\"In\\u00edcio\"}},{\"@type\":\"ListItem\",\"position\":2,\"item\":{\"@type\":\"WebPage\",\"@id\":\"https:\/\/abrelivros.org.br\/site\/category\/noticias\/\",\"url\":\"https:\/\/abrelivros.org.br\/site\/category\/noticias\/\",\"name\":\"Not\\u00edcias\"}},{\"@type\":\"ListItem\",\"position\":3,\"item\":{\"@type\":\"WebPage\",\"@id\":\"https:\/\/abrelivros.org.br\/site\/category\/noticias\/noticias-da-imprensa\/\",\"url\":\"https:\/\/abrelivros.org.br\/site\/category\/noticias\/noticias-da-imprensa\/\",\"name\":\"Not\\u00edcias da imprensa\"}},{\"@type\":\"ListItem\",\"position\":4,\"item\":{\"@type\":\"WebPage\",\"@id\":\"https:\/\/abrelivros.org.br\/site\/dia-do-autismo-mec-ressalta-a-importancia-da-criacao-de-projetos-voltados-a-educacao-especial\/\",\"url\":\"https:\/\/abrelivros.org.br\/site\/dia-do-autismo-mec-ressalta-a-importancia-da-criacao-de-projetos-voltados-a-educacao-especial\/\",\"name\":\"Dia do Autismo: MEC ressalta a import\\u00e2ncia da cria\\u00e7\\u00e3o de projetos voltados \\u00e0 educa\\u00e7\\u00e3o especial\"}}]},{\"@type\":\"Person\",\"@id\":\"https:\/\/abrelivros.org.br\/site\/#\/schema\/person\/65db80e26409802ce15ac5feec6a15fd\",\"name\":\"Reda\\u00e7\\u00e3o Abrelivros\",\"image\":{\"@type\":\"ImageObject\",\"@id\":\"https:\/\/abrelivros.org.br\/site\/#personlogo\",\"inLanguage\":\"pt-BR\",\"url\":\"https:\/\/secure.gravatar.com\/avatar\/c4e57f9c7e3482965bd428192061218520756c39080b1d1820b679fa5e9af192?s=96&d=mm&r=g\",\"caption\":\"Reda\\u00e7\\u00e3o Abrelivros\"}}]}<\/script>\n<!-- \/ Yoast SEO plugin. -->","_links":{"self":[{"href":"https:\/\/abrelivros.org.br\/site\/wp-json\/wp\/v2\/posts\/13696","targetHints":{"allow":["GET"]}}],"collection":[{"href":"https:\/\/abrelivros.org.br\/site\/wp-json\/wp\/v2\/posts"}],"about":[{"href":"https:\/\/abrelivros.org.br\/site\/wp-json\/wp\/v2\/types\/post"}],"author":[{"embeddable":true,"href":"https:\/\/abrelivros.org.br\/site\/wp-json\/wp\/v2\/users\/4"}],"replies":[{"embeddable":true,"href":"https:\/\/abrelivros.org.br\/site\/wp-json\/wp\/v2\/comments?post=13696"}],"version-history":[{"count":1,"href":"https:\/\/abrelivros.org.br\/site\/wp-json\/wp\/v2\/posts\/13696\/revisions"}],"predecessor-version":[{"id":13697,"href":"https:\/\/abrelivros.org.br\/site\/wp-json\/wp\/v2\/posts\/13696\/revisions\/13697"}],"wp:attachment":[{"href":"https:\/\/abrelivros.org.br\/site\/wp-json\/wp\/v2\/media?parent=13696"}],"wp:term":[{"taxonomy":"category","embeddable":true,"href":"https:\/\/abrelivros.org.br\/site\/wp-json\/wp\/v2\/categories?post=13696"},{"taxonomy":"post_tag","embeddable":true,"href":"https:\/\/abrelivros.org.br\/site\/wp-json\/wp\/v2\/tags?post=13696"}],"curies":[{"name":"wp","href":"https:\/\/api.w.org\/{rel}","templated":true}]}}