{"id":13692,"date":"2021-04-08T15:58:28","date_gmt":"2021-04-08T18:58:28","guid":{"rendered":"https:\/\/abrelivros.org.br\/site\/?p=13692"},"modified":"2021-04-08T15:58:28","modified_gmt":"2021-04-08T18:58:28","slug":"nao-e-so-rico-que-le-no-brasil-respondem-editores-a-documento-da-receita-sobre-taxacao-do-livro","status":"publish","type":"post","link":"https:\/\/abrelivros.org.br\/site\/nao-e-so-rico-que-le-no-brasil-respondem-editores-a-documento-da-receita-sobre-taxacao-do-livro\/","title":{"rendered":"N\u00e3o \u00e9 s\u00f3 rico que l\u00ea no Brasil, respondem editores a documento da Receita sobre taxa\u00e7\u00e3o do livro"},"content":{"rendered":"<p>N\u00e3o \u00e9 s\u00f3 rico que l\u00ea no Brasil e o pre\u00e7o m\u00e9dio do livro caiu 40% desde 2004. A informa\u00e7\u00e3o do Sindicato Nacional dos Editores de Livros (Snel), com base em levantamentos realizados para o setor por renomados institutos de pesquisa, como a Fipe, rebate dados de um <a href=\"https:\/\/economia.estadao.com.br\/noticias\/geral,receita-diz-que-so-rico-le-livro-pode-perder-isencao-com-unificacao-tributaria,70003672943\" target=\"_blank\" rel=\"noopener noreferrer\">documento da Receita Federal com perguntas e respostas sobre o projeto de fus\u00e3o da PIS\/Cofins em um \u00fanico tributo<\/a>.<!--more--> Dentro desse projeto, est\u00e1 a proposta da taxa\u00e7\u00e3o do livro.<\/p>\n<p>O livro \u00e9 um produto isento de impostos desde a Constitui\u00e7\u00e3o de 1946, prote\u00e7\u00e3o que foi mantida pela atual carta, de 1988. Em 2004, o mercado editorial foi desonerado tamb\u00e9m do PIS e Cofins, que, pela proposta do governo, seria substitu\u00eddo pela Contribui\u00e7\u00e3o Social sobre Opera\u00e7\u00f5es com Bens e Servi\u00e7os (CBS), que tornaria os livros sujeitos \u00e0 tributa\u00e7\u00e3o mais uma vez, sob al\u00edquota de 12%. Vale lembrar que embora o produto livro seja isento, as editoras pagam outras taxas. No caso de uma empresa de lucro presumido, esse valor fica em cerca de 2%.<\/p>\n<p>O documento \u201cPerguntas e Respostas\u201d da Contribui\u00e7\u00e3o sobre Bens e Servi\u00e7os (CBS) foi atualizado nesta ter\u00e7a-feira, 6, pela Receita, que cuida da reforma tribut\u00e1ria. Em nota enviada ao Estad\u00e3o, Marcos da Veiga Pereira, presidente do Snel, comenta tr\u00eas pontos do <a href=\"https:\/\/cultura.estadao.com.br\/noticias\/literatura,mercado-editorial-reage-a-reforma-tributaria-cidadao-sera-prejudicado,70003388711\" target=\"_blank\" rel=\"noopener noreferrer\">projeto que vem gerando cr\u00edtica<\/a>, debate, apreens\u00e3o e <a href=\"https:\/\/cultura.estadao.com.br\/noticias\/literatura,campanha-defendaolivro-ganha-as-redes-sociais-e-mobiliza-leitores-e-mercado-editorial,70003396707\" target=\"_blank\" rel=\"noopener noreferrer\">mobiliza\u00e7\u00e3o do mercado editorial e de leitores<\/a> desde o ano passado e voltou \u00e0 tona agora.<\/p>\n<p>O documento diz que \u201cn\u00e3o existem indicativos que confirmem a redu\u00e7\u00e3o do pre\u00e7o dos livros ap\u00f3s a concess\u00e3o de PIS\/COFINS\u201d. Pereira responde: \u201cA Pesquisa Produ\u00e7\u00e3o e Vendas do Setor Editorial Brasileiro, produzida pela FIPE entre os anos 2004 e 2019, e agora pela Nielsen, indica uma queda do pre\u00e7o m\u00e9dio dos livros de 40% no per\u00edodo\u201d.<\/p>\n<p>Segundo o governo, que cita a Pesquisa de Or\u00e7amentos Familiares (POF) de 2019, do IBGE, fam\u00edlias com renda de at\u00e9 dois sal\u00e1rios m\u00ednimos n\u00e3o consomem livros n\u00e3o did\u00e1ticos e a maior parte desses livros \u00e9 consumida pelas fam\u00edlias com renda superior a 10 sal\u00e1rios m\u00ednimos. \u201cAnalisando o quadro 1.1.1 da POF de 2017-2018, o consumo de livros n\u00e3o did\u00e1ticos \u00e9 dividido 50% entre as fam\u00edlias com renda acima e abaixo de 10 sal\u00e1rios m\u00ednimos. Mas a tese da receita confirma a profecia autorrealiz\u00e1vel, de que o livro no Brasil \u00e9 para os ricos\u201d, rebate o editor.<\/p>\n<p>Por fim, no que diz respeito \u00e0 afirma\u00e7\u00e3o \u201ca tributa\u00e7\u00e3o dos livros permitir\u00e1 que o dinheiro arrecadado possa ser objeto de pol\u00edticas focalizadas no \u00e2mbito da CBS\u201d, o presidente do Snel diz: \u201cAt\u00e9 parece. Nunca o Brasil investiu em Cultura e Educa\u00e7\u00e3o, o resultado est\u00e1 refletido nas posi\u00e7\u00f5es vergonhosas que ocupamos no IDH e no PISA\u201d.<\/p>\n<p>J\u00e1 a C\u00e2mara Brasileira do Livro (CBL) comentou que a pesquisa Retratos da Leitura no Brasil, realizada pelo Instituto Pr\u00f3-Livro em parceria com o Ita\u00fa Cultural, mostra que existe um contingente de 27 milh\u00f5es de brasileiros das classes C, D e E que s\u00e3o consumidores de livros. &#8220;Isso significa que a aplica\u00e7\u00e3o da CBS, ao aumentar o pre\u00e7o dos livros, vai prejudicar o acesso justamente da popula\u00e7\u00e3o mais vulner\u00e1vel. A vis\u00e3o elitista e ultrapassada do consumo de livros apenas por ricos em nada contribui com a inclus\u00e3o e melhoria da educa\u00e7\u00e3o no pa\u00eds&#8221;, diz Vitor Tavares, presidente da CBL.<\/p>\n<p>Ele completa: &#8220;O livro \u00e9 uma ferramenta b\u00e1sica de educa\u00e7\u00e3o, conhecimento, cidadania e de mobilidade social. Existe uma comprovada correla\u00e7\u00e3o entre crescimento econ\u00f4mico, melhoria da escolaridade e aumento da acessibilidade ao livro no pa\u00eds. A C\u00e2mara Brasileira do Livro enfatiza que onerar e encarecer os livros ser\u00e1 um desinvestimento no crescimento futuro do Brasil, sem falar em desest\u00edmulo no combate contra a desigualdade. Al\u00e9m disso, a proposta de taxar o livro vai na contram\u00e3o da Lei 10.753\/2003, que instituiu a Pol\u00edtica Nacional do Livro e que tem como objetivo garantir o acesso e uso do livro a todos os cidad\u00e3os&#8221;. Segundo o presidente da CBL, o setor calcula que o impacto da taxa\u00e7\u00e3o tornar\u00e1 o livro mais caro em cerca de 20%.<\/p>\n","protected":false},"excerpt":{"rendered":"<p>N\u00e3o \u00e9 s\u00f3 rico que l\u00ea no Brasil e o pre\u00e7o m\u00e9dio do livro caiu 40% desde 2004. A informa\u00e7\u00e3o do Sindicato Nacional dos Editores de Livros (Snel), com base em levantamentos realizados para o setor por renomados institutos de pesquisa, como a Fipe, rebate dados de um documento da Receita Federal com perguntas e [&hellip;]<\/p>\n","protected":false},"author":4,"featured_media":0,"comment_status":"closed","ping_status":"closed","sticky":false,"template":"","format":"standard","meta":{"footnotes":"","_links_to":"","_links_to_target":""},"categories":[9],"tags":[],"class_list":["post-13692","post","type-post","status-publish","format-standard","hentry","category-noticias-da-imprensa"],"yoast_head":"<!-- This site is optimized with the Yoast SEO plugin v15.1 - https:\/\/yoast.com\/wordpress\/plugins\/seo\/ -->\n<title>N\u00e3o \u00e9 s\u00f3 rico que l\u00ea no Brasil, respondem editores a documento da Receita sobre taxa\u00e7\u00e3o do livro &raquo; Abrelivros<\/title>\n<meta name=\"robots\" content=\"index, follow, max-snippet:-1, max-image-preview:large, max-video-preview:-1\" \/>\n<link rel=\"canonical\" href=\"https:\/\/abrelivros.org.br\/site\/nao-e-so-rico-que-le-no-brasil-respondem-editores-a-documento-da-receita-sobre-taxacao-do-livro\/\" \/>\n<meta property=\"og:locale\" content=\"pt_BR\" \/>\n<meta property=\"og:type\" content=\"article\" \/>\n<meta property=\"og:title\" content=\"N\u00e3o \u00e9 s\u00f3 rico que l\u00ea no Brasil, respondem editores a documento da Receita sobre taxa\u00e7\u00e3o do livro &raquo; Abrelivros\" \/>\n<meta property=\"og:description\" content=\"N\u00e3o \u00e9 s\u00f3 rico que l\u00ea no Brasil e o pre\u00e7o m\u00e9dio do livro caiu 40% desde 2004. A informa\u00e7\u00e3o do Sindicato Nacional dos Editores de Livros (Snel), com base em levantamentos realizados para o setor por renomados institutos de pesquisa, como a Fipe, rebate dados de um documento da Receita Federal com perguntas e [&hellip;]\" \/>\n<meta property=\"og:url\" content=\"https:\/\/abrelivros.org.br\/site\/nao-e-so-rico-que-le-no-brasil-respondem-editores-a-documento-da-receita-sobre-taxacao-do-livro\/\" \/>\n<meta property=\"og:site_name\" content=\"Abrelivros\" \/>\n<meta property=\"article:published_time\" content=\"2021-04-08T18:58:28+00:00\" \/>\n<meta name=\"twitter:card\" content=\"summary_large_image\" \/>\n<script type=\"application\/ld+json\" class=\"yoast-schema-graph\">{\"@context\":\"https:\/\/schema.org\",\"@graph\":[{\"@type\":\"WebSite\",\"@id\":\"https:\/\/abrelivros.org.br\/site\/#website\",\"url\":\"https:\/\/abrelivros.org.br\/site\/\",\"name\":\"Abrelivros\",\"description\":\"\",\"potentialAction\":[{\"@type\":\"SearchAction\",\"target\":\"https:\/\/abrelivros.org.br\/site\/?s={search_term_string}\",\"query-input\":\"required name=search_term_string\"}],\"inLanguage\":\"pt-BR\"},{\"@type\":\"WebPage\",\"@id\":\"https:\/\/abrelivros.org.br\/site\/nao-e-so-rico-que-le-no-brasil-respondem-editores-a-documento-da-receita-sobre-taxacao-do-livro\/#webpage\",\"url\":\"https:\/\/abrelivros.org.br\/site\/nao-e-so-rico-que-le-no-brasil-respondem-editores-a-documento-da-receita-sobre-taxacao-do-livro\/\",\"name\":\"N\\u00e3o \\u00e9 s\\u00f3 rico que l\\u00ea no Brasil, respondem editores a documento da Receita sobre taxa\\u00e7\\u00e3o do livro &raquo; Abrelivros\",\"isPartOf\":{\"@id\":\"https:\/\/abrelivros.org.br\/site\/#website\"},\"datePublished\":\"2021-04-08T18:58:28+00:00\",\"dateModified\":\"2021-04-08T18:58:28+00:00\",\"author\":{\"@id\":\"https:\/\/abrelivros.org.br\/site\/#\/schema\/person\/65db80e26409802ce15ac5feec6a15fd\"},\"breadcrumb\":{\"@id\":\"https:\/\/abrelivros.org.br\/site\/nao-e-so-rico-que-le-no-brasil-respondem-editores-a-documento-da-receita-sobre-taxacao-do-livro\/#breadcrumb\"},\"inLanguage\":\"pt-BR\",\"potentialAction\":[{\"@type\":\"ReadAction\",\"target\":[\"https:\/\/abrelivros.org.br\/site\/nao-e-so-rico-que-le-no-brasil-respondem-editores-a-documento-da-receita-sobre-taxacao-do-livro\/\"]}]},{\"@type\":\"BreadcrumbList\",\"@id\":\"https:\/\/abrelivros.org.br\/site\/nao-e-so-rico-que-le-no-brasil-respondem-editores-a-documento-da-receita-sobre-taxacao-do-livro\/#breadcrumb\",\"itemListElement\":[{\"@type\":\"ListItem\",\"position\":1,\"item\":{\"@type\":\"WebPage\",\"@id\":\"https:\/\/abrelivros.org.br\/site\/\",\"url\":\"https:\/\/abrelivros.org.br\/site\/\",\"name\":\"In\\u00edcio\"}},{\"@type\":\"ListItem\",\"position\":2,\"item\":{\"@type\":\"WebPage\",\"@id\":\"https:\/\/abrelivros.org.br\/site\/category\/noticias\/\",\"url\":\"https:\/\/abrelivros.org.br\/site\/category\/noticias\/\",\"name\":\"Not\\u00edcias\"}},{\"@type\":\"ListItem\",\"position\":3,\"item\":{\"@type\":\"WebPage\",\"@id\":\"https:\/\/abrelivros.org.br\/site\/category\/noticias\/noticias-da-imprensa\/\",\"url\":\"https:\/\/abrelivros.org.br\/site\/category\/noticias\/noticias-da-imprensa\/\",\"name\":\"Not\\u00edcias da imprensa\"}},{\"@type\":\"ListItem\",\"position\":4,\"item\":{\"@type\":\"WebPage\",\"@id\":\"https:\/\/abrelivros.org.br\/site\/nao-e-so-rico-que-le-no-brasil-respondem-editores-a-documento-da-receita-sobre-taxacao-do-livro\/\",\"url\":\"https:\/\/abrelivros.org.br\/site\/nao-e-so-rico-que-le-no-brasil-respondem-editores-a-documento-da-receita-sobre-taxacao-do-livro\/\",\"name\":\"N\\u00e3o \\u00e9 s\\u00f3 rico que l\\u00ea no Brasil, respondem editores a documento da Receita sobre taxa\\u00e7\\u00e3o do livro\"}}]},{\"@type\":\"Person\",\"@id\":\"https:\/\/abrelivros.org.br\/site\/#\/schema\/person\/65db80e26409802ce15ac5feec6a15fd\",\"name\":\"Reda\\u00e7\\u00e3o Abrelivros\",\"image\":{\"@type\":\"ImageObject\",\"@id\":\"https:\/\/abrelivros.org.br\/site\/#personlogo\",\"inLanguage\":\"pt-BR\",\"url\":\"https:\/\/secure.gravatar.com\/avatar\/c4e57f9c7e3482965bd428192061218520756c39080b1d1820b679fa5e9af192?s=96&d=mm&r=g\",\"caption\":\"Reda\\u00e7\\u00e3o Abrelivros\"}}]}<\/script>\n<!-- \/ Yoast SEO plugin. -->","_links":{"self":[{"href":"https:\/\/abrelivros.org.br\/site\/wp-json\/wp\/v2\/posts\/13692","targetHints":{"allow":["GET"]}}],"collection":[{"href":"https:\/\/abrelivros.org.br\/site\/wp-json\/wp\/v2\/posts"}],"about":[{"href":"https:\/\/abrelivros.org.br\/site\/wp-json\/wp\/v2\/types\/post"}],"author":[{"embeddable":true,"href":"https:\/\/abrelivros.org.br\/site\/wp-json\/wp\/v2\/users\/4"}],"replies":[{"embeddable":true,"href":"https:\/\/abrelivros.org.br\/site\/wp-json\/wp\/v2\/comments?post=13692"}],"version-history":[{"count":1,"href":"https:\/\/abrelivros.org.br\/site\/wp-json\/wp\/v2\/posts\/13692\/revisions"}],"predecessor-version":[{"id":13693,"href":"https:\/\/abrelivros.org.br\/site\/wp-json\/wp\/v2\/posts\/13692\/revisions\/13693"}],"wp:attachment":[{"href":"https:\/\/abrelivros.org.br\/site\/wp-json\/wp\/v2\/media?parent=13692"}],"wp:term":[{"taxonomy":"category","embeddable":true,"href":"https:\/\/abrelivros.org.br\/site\/wp-json\/wp\/v2\/categories?post=13692"},{"taxonomy":"post_tag","embeddable":true,"href":"https:\/\/abrelivros.org.br\/site\/wp-json\/wp\/v2\/tags?post=13692"}],"curies":[{"name":"wp","href":"https:\/\/api.w.org\/{rel}","templated":true}]}}