{"id":13690,"date":"2021-04-08T15:54:31","date_gmt":"2021-04-08T18:54:31","guid":{"rendered":"https:\/\/abrelivros.org.br\/site\/?p=13690"},"modified":"2021-04-08T15:54:31","modified_gmt":"2021-04-08T18:54:31","slug":"para-auditores-receita-foi-infeliz-ao-dizer-que-pobres-nao-compram-livros-para-justificar-fim-da-desoneracao-ao-setor","status":"publish","type":"post","link":"https:\/\/abrelivros.org.br\/site\/para-auditores-receita-foi-infeliz-ao-dizer-que-pobres-nao-compram-livros-para-justificar-fim-da-desoneracao-ao-setor\/","title":{"rendered":"Para auditores, Receita foi \u2018infeliz\u2019 ao dizer que pobres n\u00e3o compram livros para justificar fim da desonera\u00e7\u00e3o ao setor"},"content":{"rendered":"<p>Auditores-Fiscais da Receita Federal decidiram fazer um desagravo p\u00fablico ao comando da entidade na esteira da proposta de encerrar a isen\u00e7\u00e3o sobre livros, prevista no projeto de reforma tribut\u00e1ria do governo.<\/p>\n<p>A manifesta\u00e7\u00e3o vem ap\u00f3s o \u00f3rg\u00e3o apontar o baixo \u00edndice de leitura por fam\u00edlias de baixa renda para justificar o fim da desonera\u00e7\u00e3o.<!--more--> Segundo a Receita, o est\u00edmulo concedido ao setor n\u00e3o trouxe como benef\u00edcio a redu\u00e7\u00e3o do pre\u00e7o e o aumento do consumo.<\/p>\n<p>Em nota divulgada nesta quinta-feira, 8, Sindicato Nacional dos Auditores-Fiscais da Receita Federal do Brasil (Sindifisco) afirma ver com \u2018preocupa\u00e7\u00e3o\u2019 a justificativa, classificada como \u2018infeliz\u2019.<\/p>\n<p>\u201cPor mais que o consumo de livros esteja fortemente concentrado nas faixas de mais alta renda, n\u00e3o se pode esquecer que eles, como ferramenta de educa\u00e7\u00e3o, est\u00e3o entre os mais poderosos instrumentos de mobilidade social \u2013 e isso, numa sociedade ainda rigidamente estratificada como a nossa, n\u00e3o pode ser perdido de vista\u201d, rebate o sindicato.<\/p>\n<p>O Sindifisco defende que os livros sejam poupados da reforma tribut\u00e1ria. Na avalia\u00e7\u00e3o da associa\u00e7\u00e3o, o fim da isen\u00e7\u00e3o ao setor, em um momento de estagna\u00e7\u00e3o dos \u00edndices educacionais e aumento das desigualdades sociais, \u00e9 \u2018equivocado\u2019.<\/p>\n<p>\u201cO Sindifisco Nacional tem defendido, em todos os canais poss\u00edveis, a concretiza\u00e7\u00e3o de uma reforma tribut\u00e1ria que corrija as distor\u00e7\u00f5es do sistema, simplifique a legisla\u00e7\u00e3o, promova maior justi\u00e7a fiscal e confira mais progressividade a um dos aparatos de tributa\u00e7\u00e3o mais regressivos existentes no mundo\u201d, afirma. \u201cA estrutura tribut\u00e1ria que desenhamos hoje vai nos dizer muito do pa\u00eds que estamos construindo para amanh\u00e3\u201d, acrescenta.<\/p>\n<p><strong>Entenda<\/strong><\/p>\n<p>A proposta de reforma tribut\u00e1ria do governo est\u00e1 parada no Congresso. No entanto, o projeto voltou a repercutir nesta quarta-feira, 7, depois que a Receita Federal divulgou um documento para tirar d\u00favidas sobre a Contribui\u00e7\u00e3o de Bens e Servi\u00e7os (CBS), tributo criado pela equipe econ\u00f4mica para substituir PIS e Cofins.<\/p>\n<p>No documento, a Receita usa dados da Pesquisa de Or\u00e7amentos Familiares de 2019, produzida pelo IBGE, que mostram que fam\u00edlias com renda de at\u00e9 dois sal\u00e1rios m\u00ednimos consomem quase exclusivamente livros did\u00e1ticos e a maior parte das obras n\u00e3o did\u00e1ticas fica restrita a fam\u00edlias com renda superior a dez sal\u00e1rios m\u00ednimos.<\/p>\n<p>\u201cN\u00e3o existem avalia\u00e7\u00f5es sobre que indiquem que houve redu\u00e7\u00e3o do pre\u00e7o dos livros ap\u00f3s a concess\u00e3o da isen\u00e7\u00e3o da Contribui\u00e7\u00e3o para o PIS\/Pasep e da Cofins. N\u00e3o foi identificada nem correla\u00e7\u00e3o entre uma coisa e outra, tampouco rela\u00e7\u00e3o de causalidade entre a redu\u00e7\u00e3o das contribui\u00e7\u00f5es e eventual redu\u00e7\u00e3o do pre\u00e7o dos livros\u201d, diz um trecho do documento.<\/p>\n<p>Em agosto do ano passado, durante audi\u00eancia sobre a reforma tribut\u00e1ria no Congresso, o ministro da Economia, Paulo Guedes, <a href=\"https:\/\/economia.estadao.com.br\/noticias\/geral,guedes-chama-de-manicomio-sistema-tributario-do-brasil-e-diz-que-nao-aumentara-carga-de-impostos,70003388312\" target=\"_blank\" rel=\"noopener noreferrer\">defendeu que a doa\u00e7\u00e3o direta de livros a pessoas pobres \u00e9 mais eficiente que a concess\u00e3o de benef\u00edcios fiscais a editoras.<\/a><\/p>\n<p>\u201cVamos dar o livro de gra\u00e7a para o mais fr\u00e1gil, para o mais pobre. Eu tamb\u00e9m, quando compro meu livro, preciso pagar meu imposto. Ent\u00e3o, uma coisa \u00e9 voc\u00ea focalizar a ajuda. A outra coisa \u00e9 voc\u00ea, a t\u00edtulo de ajudar os mais pobres, na verdade, isentar gente que pode pagar\u201d, disse o ministro na Comiss\u00e3o Mista da Reforma Tribut\u00e1ria.<\/p>\n<p><strong>Leia a \u00edntegra da nota do Sindifisco:<\/strong><\/p>\n<p>Sindifisco classifica de infeliz documento da Receita Federal que sugere tributa\u00e7\u00e3o de livros por serem consumidos por pessoas ricas<\/p>\n<p>Sindicato defende que livros sejam poupados em Reforma Tribut\u00e1ria<\/p>\n<p>O Sindifisco Nacional v\u00ea com preocupa\u00e7\u00e3o manifesta\u00e7\u00e3o exarada pela Receita Federal, que, em documento t\u00e9cnico acerca da fus\u00e3o do PIS e da Cofins, defendeu que os livros percam a isen\u00e7\u00e3o de tais tributos porque s\u00e3o consumidos sobretudo pela faixa mais rica da popula\u00e7\u00e3o (acima de 10 sal\u00e1rios m\u00ednimos). O assunto ganhou destaque nesta quarta (7) na imprensa nacional.<\/p>\n<p>A Receita argumenta que, com a arrecada\u00e7\u00e3o adicional, o governo poder\u00e1 \u201cfocalizar\u201d em outras pol\u00edticas p\u00fablicas, como ocorre em medicamentos, na \u00e1rea de sa\u00fade, e em educa\u00e7\u00e3o.<\/p>\n<p>O Sindifisco Nacional tem defendido, em todos os canais poss\u00edveis, a concretiza\u00e7\u00e3o de uma reforma tribut\u00e1ria que corrija as distor\u00e7\u00f5es do sistema, simplifique a legisla\u00e7\u00e3o, promova maior justi\u00e7a fiscal e confira mais progressividade a um dos aparatos de tributa\u00e7\u00e3o mais regressivos existentes no mundo. As diretrizes e propostas do Sindifisco est\u00e3o condensadas na plataforma Tributologia (www.tributologia.com.br).<\/p>\n<p>Nesse contexto, por mais que o consumo de livros esteja fortemente concentrado nas faixas de mais alta renda, n\u00e3o se pode esquecer que eles, como ferramenta de educa\u00e7\u00e3o, est\u00e3o entre os mais poderosos instrumentos de mobilidade social \u2013 e isso, numa sociedade ainda rigidamente estratificada como a nossa, n\u00e3o pode ser perdido de vista.<\/p>\n<p>A estagna\u00e7\u00e3o dos nossos \u00edndices educacionais e o aumento das nossas desigualdades sociais \u2013 desastres potencializados pela pandemia de coronav\u00edrus e o curso especialmente tr\u00e1gico que ela assumiu no Brasil \u2013 devem servir de alerta para que o pa\u00eds evite enveredar por caminho t\u00e3o equivocado.<\/p>\n<p>O que n\u00e3o faltam no Brasil s\u00e3o setores econ\u00f4micos com benesses tribut\u00e1rias artificiais e injustific\u00e1veis. Recentemente, o governo e o Congresso Nacional concederam uma anistia generosa a algumas denomina\u00e7\u00f5es religiosas flagradas distribuindo lucros a seus integrantes. A estrutura tribut\u00e1ria que desenhamos hoje vai nos dizer muito do pa\u00eds que estamos construindo para amanh\u00e3.<\/p>\n","protected":false},"excerpt":{"rendered":"<p>Auditores-Fiscais da Receita Federal decidiram fazer um desagravo p\u00fablico ao comando da entidade na esteira da proposta de encerrar a isen\u00e7\u00e3o sobre livros, prevista no projeto de reforma tribut\u00e1ria do governo. A manifesta\u00e7\u00e3o vem ap\u00f3s o \u00f3rg\u00e3o apontar o baixo \u00edndice de leitura por fam\u00edlias de baixa renda para justificar o fim da desonera\u00e7\u00e3o.<\/p>\n","protected":false},"author":4,"featured_media":0,"comment_status":"closed","ping_status":"closed","sticky":false,"template":"","format":"standard","meta":{"footnotes":"","_links_to":"","_links_to_target":""},"categories":[9],"tags":[],"class_list":["post-13690","post","type-post","status-publish","format-standard","hentry","category-noticias-da-imprensa"],"yoast_head":"<!-- This site is optimized with the Yoast SEO plugin v15.1 - https:\/\/yoast.com\/wordpress\/plugins\/seo\/ -->\n<title>Para auditores, Receita foi \u2018infeliz\u2019 ao dizer que pobres n\u00e3o compram livros para justificar fim da desonera\u00e7\u00e3o ao setor &raquo; Abrelivros<\/title>\n<meta name=\"robots\" content=\"index, follow, max-snippet:-1, max-image-preview:large, max-video-preview:-1\" \/>\n<link rel=\"canonical\" href=\"https:\/\/abrelivros.org.br\/site\/para-auditores-receita-foi-infeliz-ao-dizer-que-pobres-nao-compram-livros-para-justificar-fim-da-desoneracao-ao-setor\/\" \/>\n<meta property=\"og:locale\" content=\"pt_BR\" \/>\n<meta property=\"og:type\" content=\"article\" \/>\n<meta property=\"og:title\" content=\"Para auditores, Receita foi \u2018infeliz\u2019 ao dizer que pobres n\u00e3o compram livros para justificar fim da desonera\u00e7\u00e3o ao setor &raquo; Abrelivros\" \/>\n<meta property=\"og:description\" content=\"Auditores-Fiscais da Receita Federal decidiram fazer um desagravo p\u00fablico ao comando da entidade na esteira da proposta de encerrar a isen\u00e7\u00e3o sobre livros, prevista no projeto de reforma tribut\u00e1ria do governo. A manifesta\u00e7\u00e3o vem ap\u00f3s o \u00f3rg\u00e3o apontar o baixo \u00edndice de leitura por fam\u00edlias de baixa renda para justificar o fim da desonera\u00e7\u00e3o.\" \/>\n<meta property=\"og:url\" content=\"https:\/\/abrelivros.org.br\/site\/para-auditores-receita-foi-infeliz-ao-dizer-que-pobres-nao-compram-livros-para-justificar-fim-da-desoneracao-ao-setor\/\" \/>\n<meta property=\"og:site_name\" content=\"Abrelivros\" \/>\n<meta property=\"article:published_time\" content=\"2021-04-08T18:54:31+00:00\" \/>\n<meta name=\"twitter:card\" content=\"summary_large_image\" \/>\n<script type=\"application\/ld+json\" class=\"yoast-schema-graph\">{\"@context\":\"https:\/\/schema.org\",\"@graph\":[{\"@type\":\"WebSite\",\"@id\":\"https:\/\/abrelivros.org.br\/site\/#website\",\"url\":\"https:\/\/abrelivros.org.br\/site\/\",\"name\":\"Abrelivros\",\"description\":\"\",\"potentialAction\":[{\"@type\":\"SearchAction\",\"target\":\"https:\/\/abrelivros.org.br\/site\/?s={search_term_string}\",\"query-input\":\"required name=search_term_string\"}],\"inLanguage\":\"pt-BR\"},{\"@type\":\"WebPage\",\"@id\":\"https:\/\/abrelivros.org.br\/site\/para-auditores-receita-foi-infeliz-ao-dizer-que-pobres-nao-compram-livros-para-justificar-fim-da-desoneracao-ao-setor\/#webpage\",\"url\":\"https:\/\/abrelivros.org.br\/site\/para-auditores-receita-foi-infeliz-ao-dizer-que-pobres-nao-compram-livros-para-justificar-fim-da-desoneracao-ao-setor\/\",\"name\":\"Para auditores, Receita foi \\u2018infeliz\\u2019 ao dizer que pobres n\\u00e3o compram livros para justificar fim da desonera\\u00e7\\u00e3o ao setor &raquo; Abrelivros\",\"isPartOf\":{\"@id\":\"https:\/\/abrelivros.org.br\/site\/#website\"},\"datePublished\":\"2021-04-08T18:54:31+00:00\",\"dateModified\":\"2021-04-08T18:54:31+00:00\",\"author\":{\"@id\":\"https:\/\/abrelivros.org.br\/site\/#\/schema\/person\/65db80e26409802ce15ac5feec6a15fd\"},\"breadcrumb\":{\"@id\":\"https:\/\/abrelivros.org.br\/site\/para-auditores-receita-foi-infeliz-ao-dizer-que-pobres-nao-compram-livros-para-justificar-fim-da-desoneracao-ao-setor\/#breadcrumb\"},\"inLanguage\":\"pt-BR\",\"potentialAction\":[{\"@type\":\"ReadAction\",\"target\":[\"https:\/\/abrelivros.org.br\/site\/para-auditores-receita-foi-infeliz-ao-dizer-que-pobres-nao-compram-livros-para-justificar-fim-da-desoneracao-ao-setor\/\"]}]},{\"@type\":\"BreadcrumbList\",\"@id\":\"https:\/\/abrelivros.org.br\/site\/para-auditores-receita-foi-infeliz-ao-dizer-que-pobres-nao-compram-livros-para-justificar-fim-da-desoneracao-ao-setor\/#breadcrumb\",\"itemListElement\":[{\"@type\":\"ListItem\",\"position\":1,\"item\":{\"@type\":\"WebPage\",\"@id\":\"https:\/\/abrelivros.org.br\/site\/\",\"url\":\"https:\/\/abrelivros.org.br\/site\/\",\"name\":\"In\\u00edcio\"}},{\"@type\":\"ListItem\",\"position\":2,\"item\":{\"@type\":\"WebPage\",\"@id\":\"https:\/\/abrelivros.org.br\/site\/category\/noticias\/\",\"url\":\"https:\/\/abrelivros.org.br\/site\/category\/noticias\/\",\"name\":\"Not\\u00edcias\"}},{\"@type\":\"ListItem\",\"position\":3,\"item\":{\"@type\":\"WebPage\",\"@id\":\"https:\/\/abrelivros.org.br\/site\/category\/noticias\/noticias-da-imprensa\/\",\"url\":\"https:\/\/abrelivros.org.br\/site\/category\/noticias\/noticias-da-imprensa\/\",\"name\":\"Not\\u00edcias da imprensa\"}},{\"@type\":\"ListItem\",\"position\":4,\"item\":{\"@type\":\"WebPage\",\"@id\":\"https:\/\/abrelivros.org.br\/site\/para-auditores-receita-foi-infeliz-ao-dizer-que-pobres-nao-compram-livros-para-justificar-fim-da-desoneracao-ao-setor\/\",\"url\":\"https:\/\/abrelivros.org.br\/site\/para-auditores-receita-foi-infeliz-ao-dizer-que-pobres-nao-compram-livros-para-justificar-fim-da-desoneracao-ao-setor\/\",\"name\":\"Para auditores, Receita foi \\u2018infeliz\\u2019 ao dizer que pobres n\\u00e3o compram livros para justificar fim da desonera\\u00e7\\u00e3o ao setor\"}}]},{\"@type\":\"Person\",\"@id\":\"https:\/\/abrelivros.org.br\/site\/#\/schema\/person\/65db80e26409802ce15ac5feec6a15fd\",\"name\":\"Reda\\u00e7\\u00e3o Abrelivros\",\"image\":{\"@type\":\"ImageObject\",\"@id\":\"https:\/\/abrelivros.org.br\/site\/#personlogo\",\"inLanguage\":\"pt-BR\",\"url\":\"https:\/\/secure.gravatar.com\/avatar\/c4e57f9c7e3482965bd428192061218520756c39080b1d1820b679fa5e9af192?s=96&d=mm&r=g\",\"caption\":\"Reda\\u00e7\\u00e3o Abrelivros\"}}]}<\/script>\n<!-- \/ Yoast SEO plugin. -->","_links":{"self":[{"href":"https:\/\/abrelivros.org.br\/site\/wp-json\/wp\/v2\/posts\/13690","targetHints":{"allow":["GET"]}}],"collection":[{"href":"https:\/\/abrelivros.org.br\/site\/wp-json\/wp\/v2\/posts"}],"about":[{"href":"https:\/\/abrelivros.org.br\/site\/wp-json\/wp\/v2\/types\/post"}],"author":[{"embeddable":true,"href":"https:\/\/abrelivros.org.br\/site\/wp-json\/wp\/v2\/users\/4"}],"replies":[{"embeddable":true,"href":"https:\/\/abrelivros.org.br\/site\/wp-json\/wp\/v2\/comments?post=13690"}],"version-history":[{"count":1,"href":"https:\/\/abrelivros.org.br\/site\/wp-json\/wp\/v2\/posts\/13690\/revisions"}],"predecessor-version":[{"id":13691,"href":"https:\/\/abrelivros.org.br\/site\/wp-json\/wp\/v2\/posts\/13690\/revisions\/13691"}],"wp:attachment":[{"href":"https:\/\/abrelivros.org.br\/site\/wp-json\/wp\/v2\/media?parent=13690"}],"wp:term":[{"taxonomy":"category","embeddable":true,"href":"https:\/\/abrelivros.org.br\/site\/wp-json\/wp\/v2\/categories?post=13690"},{"taxonomy":"post_tag","embeddable":true,"href":"https:\/\/abrelivros.org.br\/site\/wp-json\/wp\/v2\/tags?post=13690"}],"curies":[{"name":"wp","href":"https:\/\/api.w.org\/{rel}","templated":true}]}}