{"id":13684,"date":"2021-04-08T15:44:09","date_gmt":"2021-04-08T18:44:09","guid":{"rendered":"https:\/\/abrelivros.org.br\/site\/?p=13684"},"modified":"2021-04-08T15:44:09","modified_gmt":"2021-04-08T18:44:09","slug":"plataforma-gratuita-oferece-filmes-para-professor-usar-em-aula","status":"publish","type":"post","link":"https:\/\/abrelivros.org.br\/site\/plataforma-gratuita-oferece-filmes-para-professor-usar-em-aula\/","title":{"rendered":"Plataforma gratuita oferece filmes para professor usar em aula"},"content":{"rendered":"<p>Neste momento em que estar em casa afetou completamente a maneira como as aulas s\u00e3o organizadas, a inser\u00e7\u00e3o de filmes para discutir diferentes assuntos tende a estar cada vez mais presentes nas din\u00e2micas de aulas.<!--more--> Quem j\u00e1 passou por todo o cat\u00e1logo das j\u00e1 conhecidas plataformas, agora pode optar por um novo servi\u00e7o gratuito de streaming com filmes selecionados para o professor adotar em programas educacionais. Trata-se do <a href=\"https:\/\/play.ecofalante.org.br\/\" target=\"_blank\" rel=\"noopener noreferrer\">Ecofalante Play<\/a>.<\/p>\n<p>Com curadoria da Mostra Ecofalante de Cinema, os 130 filmes dispon\u00edveis abordam quest\u00f5es como mudan\u00e7a clim\u00e1tica, quest\u00f5es socioambientais, sa\u00fade, trabalho, entre outras.<\/p>\n<p>A plataforma surgiu neste <a href=\"https:\/\/porvir.org\/pandemia-pode-fazer-com-que-71-dos-alunos-no-brasil-nao-aprendam-a-ler\/\" target=\"_blank\" rel=\"noopener noreferrer\">contexto de pandemia<\/a> e como um reflexo desse aumento de demanda. Para usar a ferramenta \u00e9 necess\u00e1rio que o educador fa\u00e7a um cadastro na pr\u00f3pria Ecofalante Play vinculando a institui\u00e7\u00e3o de ensino onde atua. Assim \u00e9 poss\u00edvel ter acesso ao cat\u00e1logo e agendar sess\u00f5es.<\/p>\n<p>Entre os filmes dispon\u00edveis est\u00e3o \u201cObrigado, Chuva\u201d, de Julia Dahr, que acompanha a hist\u00f3ria do agricultor Kisilu e como ele usou sua c\u00e2mera para registrar os impactos das mudan\u00e7as clim\u00e1ticas na vida de sua fam\u00edlia e de sua comunidade. O cat\u00e1logo tamb\u00e9m traz o \u201cA Era das Consequ\u00eancias\u201d, document\u00e1rio que mostra os impactos das mudan\u00e7as clim\u00e1ticas em conflitos ao redor do mundo, pela \u00f3tica da Seguran\u00e7a Nacional norte-americana.<\/p>\n<p>Alguns dos t\u00edtulos tamb\u00e9m abordam povos tradicionais, como \u00e9 o caso do \u201cAmaz\u00f4nia Sociedade An\u00f4nima\u201d, de Estev\u00e3o Ciavatta que aponta como o cacique Juarez Saw Munduruku e \u00edndios ribeirinhos enfrentaram m\u00e1fias no combate ao roubo de terras e desmatamento ilegal.<\/p>\n<p>O projeto est\u00e1 vinculado ao Ecofalante Universidades que visa trazer ao ambiente educacional filmes de teor socioambiental e promover reflex\u00f5es e debate sobre a realidade brasileira.<\/p>\n","protected":false},"excerpt":{"rendered":"<p>Neste momento em que estar em casa afetou completamente a maneira como as aulas s\u00e3o organizadas, a inser\u00e7\u00e3o de filmes para discutir diferentes assuntos tende a estar cada vez mais presentes nas din\u00e2micas de aulas.<\/p>\n","protected":false},"author":4,"featured_media":0,"comment_status":"closed","ping_status":"closed","sticky":false,"template":"","format":"standard","meta":{"footnotes":"","_links_to":"","_links_to_target":""},"categories":[9],"tags":[],"class_list":["post-13684","post","type-post","status-publish","format-standard","hentry","category-noticias-da-imprensa"],"yoast_head":"<!-- This site is optimized with the Yoast SEO plugin v15.1 - https:\/\/yoast.com\/wordpress\/plugins\/seo\/ -->\n<title>Plataforma gratuita oferece filmes para professor usar em aula &raquo; Abrelivros<\/title>\n<meta name=\"robots\" content=\"index, follow, max-snippet:-1, max-image-preview:large, max-video-preview:-1\" \/>\n<link rel=\"canonical\" href=\"https:\/\/abrelivros.org.br\/site\/plataforma-gratuita-oferece-filmes-para-professor-usar-em-aula\/\" \/>\n<meta property=\"og:locale\" content=\"pt_BR\" \/>\n<meta property=\"og:type\" content=\"article\" \/>\n<meta property=\"og:title\" content=\"Plataforma gratuita oferece filmes para professor usar em aula &raquo; Abrelivros\" \/>\n<meta property=\"og:description\" content=\"Neste momento em que estar em casa afetou completamente a maneira como as aulas s\u00e3o organizadas, a inser\u00e7\u00e3o de filmes para discutir diferentes assuntos tende a estar cada vez mais presentes nas din\u00e2micas de aulas.\" \/>\n<meta property=\"og:url\" content=\"https:\/\/abrelivros.org.br\/site\/plataforma-gratuita-oferece-filmes-para-professor-usar-em-aula\/\" \/>\n<meta property=\"og:site_name\" content=\"Abrelivros\" \/>\n<meta property=\"article:published_time\" content=\"2021-04-08T18:44:09+00:00\" \/>\n<meta name=\"twitter:card\" content=\"summary_large_image\" \/>\n<script type=\"application\/ld+json\" class=\"yoast-schema-graph\">{\"@context\":\"https:\/\/schema.org\",\"@graph\":[{\"@type\":\"WebSite\",\"@id\":\"https:\/\/abrelivros.org.br\/site\/#website\",\"url\":\"https:\/\/abrelivros.org.br\/site\/\",\"name\":\"Abrelivros\",\"description\":\"\",\"potentialAction\":[{\"@type\":\"SearchAction\",\"target\":\"https:\/\/abrelivros.org.br\/site\/?s={search_term_string}\",\"query-input\":\"required name=search_term_string\"}],\"inLanguage\":\"pt-BR\"},{\"@type\":\"WebPage\",\"@id\":\"https:\/\/abrelivros.org.br\/site\/plataforma-gratuita-oferece-filmes-para-professor-usar-em-aula\/#webpage\",\"url\":\"https:\/\/abrelivros.org.br\/site\/plataforma-gratuita-oferece-filmes-para-professor-usar-em-aula\/\",\"name\":\"Plataforma gratuita oferece filmes para professor usar em aula &raquo; Abrelivros\",\"isPartOf\":{\"@id\":\"https:\/\/abrelivros.org.br\/site\/#website\"},\"datePublished\":\"2021-04-08T18:44:09+00:00\",\"dateModified\":\"2021-04-08T18:44:09+00:00\",\"author\":{\"@id\":\"https:\/\/abrelivros.org.br\/site\/#\/schema\/person\/65db80e26409802ce15ac5feec6a15fd\"},\"breadcrumb\":{\"@id\":\"https:\/\/abrelivros.org.br\/site\/plataforma-gratuita-oferece-filmes-para-professor-usar-em-aula\/#breadcrumb\"},\"inLanguage\":\"pt-BR\",\"potentialAction\":[{\"@type\":\"ReadAction\",\"target\":[\"https:\/\/abrelivros.org.br\/site\/plataforma-gratuita-oferece-filmes-para-professor-usar-em-aula\/\"]}]},{\"@type\":\"BreadcrumbList\",\"@id\":\"https:\/\/abrelivros.org.br\/site\/plataforma-gratuita-oferece-filmes-para-professor-usar-em-aula\/#breadcrumb\",\"itemListElement\":[{\"@type\":\"ListItem\",\"position\":1,\"item\":{\"@type\":\"WebPage\",\"@id\":\"https:\/\/abrelivros.org.br\/site\/\",\"url\":\"https:\/\/abrelivros.org.br\/site\/\",\"name\":\"In\\u00edcio\"}},{\"@type\":\"ListItem\",\"position\":2,\"item\":{\"@type\":\"WebPage\",\"@id\":\"https:\/\/abrelivros.org.br\/site\/category\/noticias\/\",\"url\":\"https:\/\/abrelivros.org.br\/site\/category\/noticias\/\",\"name\":\"Not\\u00edcias\"}},{\"@type\":\"ListItem\",\"position\":3,\"item\":{\"@type\":\"WebPage\",\"@id\":\"https:\/\/abrelivros.org.br\/site\/category\/noticias\/noticias-da-imprensa\/\",\"url\":\"https:\/\/abrelivros.org.br\/site\/category\/noticias\/noticias-da-imprensa\/\",\"name\":\"Not\\u00edcias da imprensa\"}},{\"@type\":\"ListItem\",\"position\":4,\"item\":{\"@type\":\"WebPage\",\"@id\":\"https:\/\/abrelivros.org.br\/site\/plataforma-gratuita-oferece-filmes-para-professor-usar-em-aula\/\",\"url\":\"https:\/\/abrelivros.org.br\/site\/plataforma-gratuita-oferece-filmes-para-professor-usar-em-aula\/\",\"name\":\"Plataforma gratuita oferece filmes para professor usar em aula\"}}]},{\"@type\":\"Person\",\"@id\":\"https:\/\/abrelivros.org.br\/site\/#\/schema\/person\/65db80e26409802ce15ac5feec6a15fd\",\"name\":\"Reda\\u00e7\\u00e3o Abrelivros\",\"image\":{\"@type\":\"ImageObject\",\"@id\":\"https:\/\/abrelivros.org.br\/site\/#personlogo\",\"inLanguage\":\"pt-BR\",\"url\":\"https:\/\/secure.gravatar.com\/avatar\/c4e57f9c7e3482965bd428192061218520756c39080b1d1820b679fa5e9af192?s=96&d=mm&r=g\",\"caption\":\"Reda\\u00e7\\u00e3o Abrelivros\"}}]}<\/script>\n<!-- \/ Yoast SEO plugin. -->","_links":{"self":[{"href":"https:\/\/abrelivros.org.br\/site\/wp-json\/wp\/v2\/posts\/13684","targetHints":{"allow":["GET"]}}],"collection":[{"href":"https:\/\/abrelivros.org.br\/site\/wp-json\/wp\/v2\/posts"}],"about":[{"href":"https:\/\/abrelivros.org.br\/site\/wp-json\/wp\/v2\/types\/post"}],"author":[{"embeddable":true,"href":"https:\/\/abrelivros.org.br\/site\/wp-json\/wp\/v2\/users\/4"}],"replies":[{"embeddable":true,"href":"https:\/\/abrelivros.org.br\/site\/wp-json\/wp\/v2\/comments?post=13684"}],"version-history":[{"count":1,"href":"https:\/\/abrelivros.org.br\/site\/wp-json\/wp\/v2\/posts\/13684\/revisions"}],"predecessor-version":[{"id":13685,"href":"https:\/\/abrelivros.org.br\/site\/wp-json\/wp\/v2\/posts\/13684\/revisions\/13685"}],"wp:attachment":[{"href":"https:\/\/abrelivros.org.br\/site\/wp-json\/wp\/v2\/media?parent=13684"}],"wp:term":[{"taxonomy":"category","embeddable":true,"href":"https:\/\/abrelivros.org.br\/site\/wp-json\/wp\/v2\/categories?post=13684"},{"taxonomy":"post_tag","embeddable":true,"href":"https:\/\/abrelivros.org.br\/site\/wp-json\/wp\/v2\/tags?post=13684"}],"curies":[{"name":"wp","href":"https:\/\/api.w.org\/{rel}","templated":true}]}}