{"id":13682,"date":"2021-04-08T15:39:59","date_gmt":"2021-04-08T18:39:59","guid":{"rendered":"https:\/\/abrelivros.org.br\/site\/?p=13682"},"modified":"2021-04-08T15:39:59","modified_gmt":"2021-04-08T18:39:59","slug":"camara-promoveu-debate-sobre-homeschooling-nesta-quinta-feira","status":"publish","type":"post","link":"https:\/\/abrelivros.org.br\/site\/camara-promoveu-debate-sobre-homeschooling-nesta-quinta-feira\/","title":{"rendered":"C\u00e2mara promoveu debate sobre homeschooling nesta quinta-feira"},"content":{"rendered":"<p>A C\u00e2mara dos Deputados promoveu audi\u00eancia p\u00fablica nesta quinta-feira (8) para a discutir a regulamenta\u00e7\u00e3o do ensino domiciliar (ou homeschooling, em ingl\u00eas).<\/p>\n<p>No Brasil, esse modelo de ensino, ministrado em casa por pais ou professores particulares e sem a tutela da escola, n\u00e3o \u00e9 permitido.<!--more--> O governo federal, no entanto, anunciou a inten\u00e7\u00e3o de legalizar a pr\u00e1tica ainda neste ano.<\/p>\n<p>Tramita na C\u00e2mara o <a href=\"https:\/\/www.camara.leg.br\/noticias\/366058-projeto-permite-a-educacao-dos-filhos-em-casa-com-supervisao-do-poder-publico\/\" target=\"_blank\" rel=\"noopener noreferrer\">Projeto de Lei 3179\/12<\/a>, do deputado Lincoln Portela (PL-MG), que possibilita que a educa\u00e7\u00e3o b\u00e1sica seja oferecida em casa sob responsabilidade dos pais ou tutores legais. Conforme a proposta, o poder p\u00fablico dever\u00e1 fazer a supervis\u00e3o e a avalia\u00e7\u00e3o peri\u00f3dica da aprendizagem. Na vis\u00e3o de Portela, \u00e9 preciso respeitar o direito de fam\u00edlias que optam por educar os filhos longe da escola.<\/p>\n<p>Cr\u00edticos do homescholling, por sua vez, apontam preocupa\u00e7\u00e3o com a qualidade do aprendizado e a falta de vis\u00f5es de mundo diferentes que o conv\u00edvio escolar pode proporcionar.<\/p>\n<p><strong>Convidados<\/strong><br \/>\nForam convidados para a discuss\u00e3o:<\/p>\n<p>o coordenador nacional de Reten\u00e7\u00e3o e Novas Oportunidades do Minist\u00e9rio da Educa\u00e7\u00e3o do Chile, Sergio Becerra Ovalle;<br \/>\no diretor de Coopera\u00e7\u00e3o Internacional da Associa\u00e7\u00e3o Norte-Americana de Defesa Legal do Ensino Domiciliar, Michael Donnelly; e<br \/>\na secret\u00e1ria nacional da Fam\u00edlia no Minist\u00e9rio da Mulher, da Fam\u00edlia e dos Direitos Humanos, Angela Vidal Gandra da Silva Martins.<\/p>\n<p><strong>Hora e local<\/strong><br \/>\nA reuni\u00e3o foi realizada no plen\u00e1rio 2, \u00e0s 10 horas, e foi transmitido ao vivo no <a href=\"https:\/\/www.youtube.com\/watch?v=MBI5v6jgfzY\" target=\"_blank\" rel=\"noopener noreferrer\">canal da C\u00e2mara dos Deputados no YouTube<\/a>.<\/p>\n","protected":false},"excerpt":{"rendered":"<p>A C\u00e2mara dos Deputados promoveu audi\u00eancia p\u00fablica nesta quinta-feira (8) para a discutir a regulamenta\u00e7\u00e3o do ensino domiciliar (ou homeschooling, em ingl\u00eas). No Brasil, esse modelo de ensino, ministrado em casa por pais ou professores particulares e sem a tutela da escola, n\u00e3o \u00e9 permitido.<\/p>\n","protected":false},"author":4,"featured_media":0,"comment_status":"closed","ping_status":"closed","sticky":false,"template":"","format":"standard","meta":{"footnotes":"","_links_to":"","_links_to_target":""},"categories":[9],"tags":[],"class_list":["post-13682","post","type-post","status-publish","format-standard","hentry","category-noticias-da-imprensa"],"yoast_head":"<!-- This site is optimized with the Yoast SEO plugin v15.1 - https:\/\/yoast.com\/wordpress\/plugins\/seo\/ -->\n<title>C\u00e2mara promoveu debate sobre homeschooling nesta quinta-feira &raquo; Abrelivros<\/title>\n<meta name=\"robots\" content=\"index, follow, max-snippet:-1, max-image-preview:large, max-video-preview:-1\" \/>\n<link rel=\"canonical\" href=\"https:\/\/abrelivros.org.br\/site\/camara-promoveu-debate-sobre-homeschooling-nesta-quinta-feira\/\" \/>\n<meta property=\"og:locale\" content=\"pt_BR\" \/>\n<meta property=\"og:type\" content=\"article\" \/>\n<meta property=\"og:title\" content=\"C\u00e2mara promoveu debate sobre homeschooling nesta quinta-feira &raquo; Abrelivros\" \/>\n<meta property=\"og:description\" content=\"A C\u00e2mara dos Deputados promoveu audi\u00eancia p\u00fablica nesta quinta-feira (8) para a discutir a regulamenta\u00e7\u00e3o do ensino domiciliar (ou homeschooling, em ingl\u00eas). No Brasil, esse modelo de ensino, ministrado em casa por pais ou professores particulares e sem a tutela da escola, n\u00e3o \u00e9 permitido.\" \/>\n<meta property=\"og:url\" content=\"https:\/\/abrelivros.org.br\/site\/camara-promoveu-debate-sobre-homeschooling-nesta-quinta-feira\/\" \/>\n<meta property=\"og:site_name\" content=\"Abrelivros\" \/>\n<meta property=\"article:published_time\" content=\"2021-04-08T18:39:59+00:00\" \/>\n<meta name=\"twitter:card\" content=\"summary_large_image\" \/>\n<script type=\"application\/ld+json\" class=\"yoast-schema-graph\">{\"@context\":\"https:\/\/schema.org\",\"@graph\":[{\"@type\":\"WebSite\",\"@id\":\"https:\/\/abrelivros.org.br\/site\/#website\",\"url\":\"https:\/\/abrelivros.org.br\/site\/\",\"name\":\"Abrelivros\",\"description\":\"\",\"potentialAction\":[{\"@type\":\"SearchAction\",\"target\":\"https:\/\/abrelivros.org.br\/site\/?s={search_term_string}\",\"query-input\":\"required name=search_term_string\"}],\"inLanguage\":\"pt-BR\"},{\"@type\":\"WebPage\",\"@id\":\"https:\/\/abrelivros.org.br\/site\/camara-promoveu-debate-sobre-homeschooling-nesta-quinta-feira\/#webpage\",\"url\":\"https:\/\/abrelivros.org.br\/site\/camara-promoveu-debate-sobre-homeschooling-nesta-quinta-feira\/\",\"name\":\"C\\u00e2mara promoveu debate sobre homeschooling nesta quinta-feira &raquo; Abrelivros\",\"isPartOf\":{\"@id\":\"https:\/\/abrelivros.org.br\/site\/#website\"},\"datePublished\":\"2021-04-08T18:39:59+00:00\",\"dateModified\":\"2021-04-08T18:39:59+00:00\",\"author\":{\"@id\":\"https:\/\/abrelivros.org.br\/site\/#\/schema\/person\/65db80e26409802ce15ac5feec6a15fd\"},\"breadcrumb\":{\"@id\":\"https:\/\/abrelivros.org.br\/site\/camara-promoveu-debate-sobre-homeschooling-nesta-quinta-feira\/#breadcrumb\"},\"inLanguage\":\"pt-BR\",\"potentialAction\":[{\"@type\":\"ReadAction\",\"target\":[\"https:\/\/abrelivros.org.br\/site\/camara-promoveu-debate-sobre-homeschooling-nesta-quinta-feira\/\"]}]},{\"@type\":\"BreadcrumbList\",\"@id\":\"https:\/\/abrelivros.org.br\/site\/camara-promoveu-debate-sobre-homeschooling-nesta-quinta-feira\/#breadcrumb\",\"itemListElement\":[{\"@type\":\"ListItem\",\"position\":1,\"item\":{\"@type\":\"WebPage\",\"@id\":\"https:\/\/abrelivros.org.br\/site\/\",\"url\":\"https:\/\/abrelivros.org.br\/site\/\",\"name\":\"In\\u00edcio\"}},{\"@type\":\"ListItem\",\"position\":2,\"item\":{\"@type\":\"WebPage\",\"@id\":\"https:\/\/abrelivros.org.br\/site\/category\/noticias\/\",\"url\":\"https:\/\/abrelivros.org.br\/site\/category\/noticias\/\",\"name\":\"Not\\u00edcias\"}},{\"@type\":\"ListItem\",\"position\":3,\"item\":{\"@type\":\"WebPage\",\"@id\":\"https:\/\/abrelivros.org.br\/site\/category\/noticias\/noticias-da-imprensa\/\",\"url\":\"https:\/\/abrelivros.org.br\/site\/category\/noticias\/noticias-da-imprensa\/\",\"name\":\"Not\\u00edcias da imprensa\"}},{\"@type\":\"ListItem\",\"position\":4,\"item\":{\"@type\":\"WebPage\",\"@id\":\"https:\/\/abrelivros.org.br\/site\/camara-promoveu-debate-sobre-homeschooling-nesta-quinta-feira\/\",\"url\":\"https:\/\/abrelivros.org.br\/site\/camara-promoveu-debate-sobre-homeschooling-nesta-quinta-feira\/\",\"name\":\"C\\u00e2mara promoveu debate sobre homeschooling nesta quinta-feira\"}}]},{\"@type\":\"Person\",\"@id\":\"https:\/\/abrelivros.org.br\/site\/#\/schema\/person\/65db80e26409802ce15ac5feec6a15fd\",\"name\":\"Reda\\u00e7\\u00e3o Abrelivros\",\"image\":{\"@type\":\"ImageObject\",\"@id\":\"https:\/\/abrelivros.org.br\/site\/#personlogo\",\"inLanguage\":\"pt-BR\",\"url\":\"https:\/\/secure.gravatar.com\/avatar\/c4e57f9c7e3482965bd428192061218520756c39080b1d1820b679fa5e9af192?s=96&d=mm&r=g\",\"caption\":\"Reda\\u00e7\\u00e3o Abrelivros\"}}]}<\/script>\n<!-- \/ Yoast SEO plugin. -->","_links":{"self":[{"href":"https:\/\/abrelivros.org.br\/site\/wp-json\/wp\/v2\/posts\/13682","targetHints":{"allow":["GET"]}}],"collection":[{"href":"https:\/\/abrelivros.org.br\/site\/wp-json\/wp\/v2\/posts"}],"about":[{"href":"https:\/\/abrelivros.org.br\/site\/wp-json\/wp\/v2\/types\/post"}],"author":[{"embeddable":true,"href":"https:\/\/abrelivros.org.br\/site\/wp-json\/wp\/v2\/users\/4"}],"replies":[{"embeddable":true,"href":"https:\/\/abrelivros.org.br\/site\/wp-json\/wp\/v2\/comments?post=13682"}],"version-history":[{"count":1,"href":"https:\/\/abrelivros.org.br\/site\/wp-json\/wp\/v2\/posts\/13682\/revisions"}],"predecessor-version":[{"id":13683,"href":"https:\/\/abrelivros.org.br\/site\/wp-json\/wp\/v2\/posts\/13682\/revisions\/13683"}],"wp:attachment":[{"href":"https:\/\/abrelivros.org.br\/site\/wp-json\/wp\/v2\/media?parent=13682"}],"wp:term":[{"taxonomy":"category","embeddable":true,"href":"https:\/\/abrelivros.org.br\/site\/wp-json\/wp\/v2\/categories?post=13682"},{"taxonomy":"post_tag","embeddable":true,"href":"https:\/\/abrelivros.org.br\/site\/wp-json\/wp\/v2\/tags?post=13682"}],"curies":[{"name":"wp","href":"https:\/\/api.w.org\/{rel}","templated":true}]}}