{"id":13677,"date":"2021-04-07T13:26:02","date_gmt":"2021-04-07T16:26:02","guid":{"rendered":"https:\/\/abrelivros.org.br\/site\/?p=13677"},"modified":"2021-04-07T13:26:02","modified_gmt":"2021-04-07T16:26:02","slug":"portal-da-usp-reune-materiais-sobre-educacao-na-pandemia","status":"publish","type":"post","link":"https:\/\/abrelivros.org.br\/site\/portal-da-usp-reune-materiais-sobre-educacao-na-pandemia\/","title":{"rendered":"Portal da USP re\u00fane materiais sobre educa\u00e7\u00e3o na pandemia"},"content":{"rendered":"<p>Ag\u00eancia FAPESP* \u2013 Um grupo de estudo do Instituto de Psicologia da Universidade de S\u00e3o Paulo (IP-USP) est\u00e1 reunindo em seu <a href=\"https:\/\/orientacaoaqueixaescolar.ip.usp.br\/pandemia\/pandemiaeeducacao\/\" target=\"_blank\" rel=\"noopener noreferrer\">portal na internet<\/a> uma s\u00e9rie de textos e v\u00eddeos sobre quest\u00f5es que envolvem as dificuldades e sofrimentos na vida escolar durante o per\u00edodo de quarentena e isolamento social e o retorno \u00e0 volta das atividades presenciais nas escolas.<!--more--><\/p>\n<p>A p\u00e1gina \u201cPandemia e Educa\u00e7\u00e3o\u201d apresenta o conte\u00fado organizado por temas: rela\u00e7\u00f5es entre alunos e professores em tempos de pandemia, educa\u00e7\u00e3o inclusiva neste per\u00edodo, atendimento psicol\u00f3gico remoto e outros assuntos.<\/p>\n<p>O grupo estuda psicologia escolar desde 1998 e criou a abordagem Orienta\u00e7\u00e3o \u00e0 Queixa Escolar https:\/\/orientacaoaqueixaescolar.ip.usp.br\/ (OQE), que leva em considera\u00e7\u00e3o a hist\u00f3ria e outros aspectos de todos os envolvidos no processo da educa\u00e7\u00e3o: crian\u00e7a\/adolescente, fam\u00edlia e escola.<\/p>\n<p>\u00c9 poss\u00edvel acessar em v\u00eddeo as aulas do curso de Orienta\u00e7\u00e3o \u00e0 Queixa Escolar pelo <a href=\"https:\/\/orientacaoaqueixaescolar.ip.usp.br\/\" target=\"_blank\" rel=\"noopener noreferrer\">site da iniciativa<\/a>, al\u00e9m de conferir indica\u00e7\u00f5es de leitura, materiais complementares, bibliografia e apresenta\u00e7\u00f5es gr\u00e1ficas.<\/p>\n<p>* Com informa\u00e7\u00f5es do <a href=\"https:\/\/jornal.usp.br\/universidade\/portal-de-psicologia-escolar-reune-materiais-sobre-educacao-na-pandemia\/\" target=\"_blank\" rel=\"noopener noreferrer\">Jornal da USP<\/a>.<\/p>\n","protected":false},"excerpt":{"rendered":"<p>Ag\u00eancia FAPESP* \u2013 Um grupo de estudo do Instituto de Psicologia da Universidade de S\u00e3o Paulo (IP-USP) est\u00e1 reunindo em seu portal na internet uma s\u00e9rie de textos e v\u00eddeos sobre quest\u00f5es que envolvem as dificuldades e sofrimentos na vida escolar durante o per\u00edodo de quarentena e isolamento social e o retorno \u00e0 volta das [&hellip;]<\/p>\n","protected":false},"author":4,"featured_media":0,"comment_status":"closed","ping_status":"closed","sticky":false,"template":"","format":"standard","meta":{"footnotes":"","_links_to":"","_links_to_target":""},"categories":[9],"tags":[],"class_list":["post-13677","post","type-post","status-publish","format-standard","hentry","category-noticias-da-imprensa"],"yoast_head":"<!-- This site is optimized with the Yoast SEO plugin v15.1 - https:\/\/yoast.com\/wordpress\/plugins\/seo\/ -->\n<title>Portal da USP re\u00fane materiais sobre educa\u00e7\u00e3o na pandemia &raquo; Abrelivros<\/title>\n<meta name=\"robots\" content=\"index, follow, max-snippet:-1, max-image-preview:large, max-video-preview:-1\" \/>\n<link rel=\"canonical\" href=\"https:\/\/abrelivros.org.br\/site\/portal-da-usp-reune-materiais-sobre-educacao-na-pandemia\/\" \/>\n<meta property=\"og:locale\" content=\"pt_BR\" \/>\n<meta property=\"og:type\" content=\"article\" \/>\n<meta property=\"og:title\" content=\"Portal da USP re\u00fane materiais sobre educa\u00e7\u00e3o na pandemia &raquo; Abrelivros\" \/>\n<meta property=\"og:description\" content=\"Ag\u00eancia FAPESP* \u2013 Um grupo de estudo do Instituto de Psicologia da Universidade de S\u00e3o Paulo (IP-USP) est\u00e1 reunindo em seu portal na internet uma s\u00e9rie de textos e v\u00eddeos sobre quest\u00f5es que envolvem as dificuldades e sofrimentos na vida escolar durante o per\u00edodo de quarentena e isolamento social e o retorno \u00e0 volta das [&hellip;]\" \/>\n<meta property=\"og:url\" content=\"https:\/\/abrelivros.org.br\/site\/portal-da-usp-reune-materiais-sobre-educacao-na-pandemia\/\" \/>\n<meta property=\"og:site_name\" content=\"Abrelivros\" \/>\n<meta property=\"article:published_time\" content=\"2021-04-07T16:26:02+00:00\" \/>\n<meta name=\"twitter:card\" content=\"summary_large_image\" \/>\n<script type=\"application\/ld+json\" class=\"yoast-schema-graph\">{\"@context\":\"https:\/\/schema.org\",\"@graph\":[{\"@type\":\"WebSite\",\"@id\":\"https:\/\/abrelivros.org.br\/site\/#website\",\"url\":\"https:\/\/abrelivros.org.br\/site\/\",\"name\":\"Abrelivros\",\"description\":\"\",\"potentialAction\":[{\"@type\":\"SearchAction\",\"target\":\"https:\/\/abrelivros.org.br\/site\/?s={search_term_string}\",\"query-input\":\"required name=search_term_string\"}],\"inLanguage\":\"pt-BR\"},{\"@type\":\"WebPage\",\"@id\":\"https:\/\/abrelivros.org.br\/site\/portal-da-usp-reune-materiais-sobre-educacao-na-pandemia\/#webpage\",\"url\":\"https:\/\/abrelivros.org.br\/site\/portal-da-usp-reune-materiais-sobre-educacao-na-pandemia\/\",\"name\":\"Portal da USP re\\u00fane materiais sobre educa\\u00e7\\u00e3o na pandemia &raquo; Abrelivros\",\"isPartOf\":{\"@id\":\"https:\/\/abrelivros.org.br\/site\/#website\"},\"datePublished\":\"2021-04-07T16:26:02+00:00\",\"dateModified\":\"2021-04-07T16:26:02+00:00\",\"author\":{\"@id\":\"https:\/\/abrelivros.org.br\/site\/#\/schema\/person\/65db80e26409802ce15ac5feec6a15fd\"},\"breadcrumb\":{\"@id\":\"https:\/\/abrelivros.org.br\/site\/portal-da-usp-reune-materiais-sobre-educacao-na-pandemia\/#breadcrumb\"},\"inLanguage\":\"pt-BR\",\"potentialAction\":[{\"@type\":\"ReadAction\",\"target\":[\"https:\/\/abrelivros.org.br\/site\/portal-da-usp-reune-materiais-sobre-educacao-na-pandemia\/\"]}]},{\"@type\":\"BreadcrumbList\",\"@id\":\"https:\/\/abrelivros.org.br\/site\/portal-da-usp-reune-materiais-sobre-educacao-na-pandemia\/#breadcrumb\",\"itemListElement\":[{\"@type\":\"ListItem\",\"position\":1,\"item\":{\"@type\":\"WebPage\",\"@id\":\"https:\/\/abrelivros.org.br\/site\/\",\"url\":\"https:\/\/abrelivros.org.br\/site\/\",\"name\":\"In\\u00edcio\"}},{\"@type\":\"ListItem\",\"position\":2,\"item\":{\"@type\":\"WebPage\",\"@id\":\"https:\/\/abrelivros.org.br\/site\/category\/noticias\/\",\"url\":\"https:\/\/abrelivros.org.br\/site\/category\/noticias\/\",\"name\":\"Not\\u00edcias\"}},{\"@type\":\"ListItem\",\"position\":3,\"item\":{\"@type\":\"WebPage\",\"@id\":\"https:\/\/abrelivros.org.br\/site\/category\/noticias\/noticias-da-imprensa\/\",\"url\":\"https:\/\/abrelivros.org.br\/site\/category\/noticias\/noticias-da-imprensa\/\",\"name\":\"Not\\u00edcias da imprensa\"}},{\"@type\":\"ListItem\",\"position\":4,\"item\":{\"@type\":\"WebPage\",\"@id\":\"https:\/\/abrelivros.org.br\/site\/portal-da-usp-reune-materiais-sobre-educacao-na-pandemia\/\",\"url\":\"https:\/\/abrelivros.org.br\/site\/portal-da-usp-reune-materiais-sobre-educacao-na-pandemia\/\",\"name\":\"Portal da USP re\\u00fane materiais sobre educa\\u00e7\\u00e3o na pandemia\"}}]},{\"@type\":\"Person\",\"@id\":\"https:\/\/abrelivros.org.br\/site\/#\/schema\/person\/65db80e26409802ce15ac5feec6a15fd\",\"name\":\"Reda\\u00e7\\u00e3o Abrelivros\",\"image\":{\"@type\":\"ImageObject\",\"@id\":\"https:\/\/abrelivros.org.br\/site\/#personlogo\",\"inLanguage\":\"pt-BR\",\"url\":\"https:\/\/secure.gravatar.com\/avatar\/c4e57f9c7e3482965bd428192061218520756c39080b1d1820b679fa5e9af192?s=96&d=mm&r=g\",\"caption\":\"Reda\\u00e7\\u00e3o Abrelivros\"}}]}<\/script>\n<!-- \/ Yoast SEO plugin. -->","_links":{"self":[{"href":"https:\/\/abrelivros.org.br\/site\/wp-json\/wp\/v2\/posts\/13677","targetHints":{"allow":["GET"]}}],"collection":[{"href":"https:\/\/abrelivros.org.br\/site\/wp-json\/wp\/v2\/posts"}],"about":[{"href":"https:\/\/abrelivros.org.br\/site\/wp-json\/wp\/v2\/types\/post"}],"author":[{"embeddable":true,"href":"https:\/\/abrelivros.org.br\/site\/wp-json\/wp\/v2\/users\/4"}],"replies":[{"embeddable":true,"href":"https:\/\/abrelivros.org.br\/site\/wp-json\/wp\/v2\/comments?post=13677"}],"version-history":[{"count":1,"href":"https:\/\/abrelivros.org.br\/site\/wp-json\/wp\/v2\/posts\/13677\/revisions"}],"predecessor-version":[{"id":13678,"href":"https:\/\/abrelivros.org.br\/site\/wp-json\/wp\/v2\/posts\/13677\/revisions\/13678"}],"wp:attachment":[{"href":"https:\/\/abrelivros.org.br\/site\/wp-json\/wp\/v2\/media?parent=13677"}],"wp:term":[{"taxonomy":"category","embeddable":true,"href":"https:\/\/abrelivros.org.br\/site\/wp-json\/wp\/v2\/categories?post=13677"},{"taxonomy":"post_tag","embeddable":true,"href":"https:\/\/abrelivros.org.br\/site\/wp-json\/wp\/v2\/tags?post=13677"}],"curies":[{"name":"wp","href":"https:\/\/api.w.org\/{rel}","templated":true}]}}