{"id":13673,"date":"2021-04-07T13:10:32","date_gmt":"2021-04-07T16:10:32","guid":{"rendered":"https:\/\/abrelivros.org.br\/site\/?p=13673"},"modified":"2021-04-07T13:10:32","modified_gmt":"2021-04-07T16:10:32","slug":"radar-de-licitacoes-semana-de-05-a-09-04","status":"publish","type":"post","link":"https:\/\/abrelivros.org.br\/site\/radar-de-licitacoes-semana-de-05-a-09-04\/","title":{"rendered":"Radar de Licita\u00e7\u00f5es &#8211; semana de 05\/ a 09\/04"},"content":{"rendered":"<p>O Radar de Licita\u00e7\u00f5es desta semana traz editais para compras de livros did\u00e1ticos e obras t\u00e9cnicas em dois estados<br \/>\nNessa semana, o Radar de Licita\u00e7\u00f5es, se\u00e7\u00e3o fixa do PublishNews+, traz mais dois editais. O primeiro \u00e9 para compra de livros did\u00e1ticos para alunos da Educa\u00e7\u00e3o Infantil I &#8211; Livro integrado composto por Portugu\u00eas, Matem\u00e1tica, Ci\u00eancias, Geografia, Hist\u00f3ria e Conhecimentos Gerais.<!--more--> Ser\u00e3o 1.595 unidades divididas em quatro lotes. E o segundo \u00e9 para eventual aquisi\u00e7\u00e3o de material bibliogr\u00e1fico novo, em suporte f\u00edsico ou impresso, de origem nacional, constitu\u00eddo de livros, folhetos, dicion\u00e1rios, enciclop\u00e9dias, cat\u00e1logos, anu\u00e1rios, mapas e fasc\u00edculos avulsos de revistas necess\u00e1rios para complementa\u00e7\u00e3o de acervo de uma biblioteca. O prazo \u00e9 de 12 meses. O Radar de Licita\u00e7\u00f5es \u00e9 um servi\u00e7o do PublishNews+, \u00e1rea exclusiva de assinantes do PublishNews, em parceria com Nat\u00e1lia Vieira. Para acessar o Radar dessa semana, <a href=\"https:\/\/pnmais.com\/assinaturas\/?r=1171&amp;wcm_redirect_to=post&amp;wcm_redirect_id=1171\" target=\"_blank\" rel=\"noopener noreferrer\">clique aqui<\/a>.<\/p>\n","protected":false},"excerpt":{"rendered":"<p>O Radar de Licita\u00e7\u00f5es desta semana traz editais para compras de livros did\u00e1ticos e obras t\u00e9cnicas em dois estados Nessa semana, o Radar de Licita\u00e7\u00f5es, se\u00e7\u00e3o fixa do PublishNews+, traz mais dois editais. O primeiro \u00e9 para compra de livros did\u00e1ticos para alunos da Educa\u00e7\u00e3o Infantil I &#8211; Livro integrado composto por Portugu\u00eas, Matem\u00e1tica, Ci\u00eancias, [&hellip;]<\/p>\n","protected":false},"author":4,"featured_media":0,"comment_status":"closed","ping_status":"closed","sticky":false,"template":"","format":"standard","meta":{"footnotes":"","_links_to":"","_links_to_target":""},"categories":[9,10],"tags":[],"class_list":["post-13673","post","type-post","status-publish","format-standard","hentry","category-noticias-da-imprensa","category-pnld-programa-nacional-do-livro-e-do-material-didatico"],"yoast_head":"<!-- This site is optimized with the Yoast SEO plugin v15.1 - https:\/\/yoast.com\/wordpress\/plugins\/seo\/ -->\n<title>Radar de Licita\u00e7\u00f5es - semana de 05\/ a 09\/04 &raquo; Abrelivros<\/title>\n<meta name=\"robots\" content=\"index, follow, max-snippet:-1, max-image-preview:large, max-video-preview:-1\" \/>\n<link rel=\"canonical\" href=\"https:\/\/abrelivros.org.br\/site\/radar-de-licitacoes-semana-de-05-a-09-04\/\" \/>\n<meta property=\"og:locale\" content=\"pt_BR\" \/>\n<meta property=\"og:type\" content=\"article\" \/>\n<meta property=\"og:title\" content=\"Radar de Licita\u00e7\u00f5es - semana de 05\/ a 09\/04 &raquo; Abrelivros\" \/>\n<meta property=\"og:description\" content=\"O Radar de Licita\u00e7\u00f5es desta semana traz editais para compras de livros did\u00e1ticos e obras t\u00e9cnicas em dois estados Nessa semana, o Radar de Licita\u00e7\u00f5es, se\u00e7\u00e3o fixa do PublishNews+, traz mais dois editais. O primeiro \u00e9 para compra de livros did\u00e1ticos para alunos da Educa\u00e7\u00e3o Infantil I &#8211; Livro integrado composto por Portugu\u00eas, Matem\u00e1tica, Ci\u00eancias, [&hellip;]\" \/>\n<meta property=\"og:url\" content=\"https:\/\/abrelivros.org.br\/site\/radar-de-licitacoes-semana-de-05-a-09-04\/\" \/>\n<meta property=\"og:site_name\" content=\"Abrelivros\" \/>\n<meta property=\"article:published_time\" content=\"2021-04-07T16:10:32+00:00\" \/>\n<meta name=\"twitter:card\" content=\"summary_large_image\" \/>\n<script type=\"application\/ld+json\" class=\"yoast-schema-graph\">{\"@context\":\"https:\/\/schema.org\",\"@graph\":[{\"@type\":\"WebSite\",\"@id\":\"https:\/\/abrelivros.org.br\/site\/#website\",\"url\":\"https:\/\/abrelivros.org.br\/site\/\",\"name\":\"Abrelivros\",\"description\":\"\",\"potentialAction\":[{\"@type\":\"SearchAction\",\"target\":\"https:\/\/abrelivros.org.br\/site\/?s={search_term_string}\",\"query-input\":\"required name=search_term_string\"}],\"inLanguage\":\"pt-BR\"},{\"@type\":\"WebPage\",\"@id\":\"https:\/\/abrelivros.org.br\/site\/radar-de-licitacoes-semana-de-05-a-09-04\/#webpage\",\"url\":\"https:\/\/abrelivros.org.br\/site\/radar-de-licitacoes-semana-de-05-a-09-04\/\",\"name\":\"Radar de Licita\\u00e7\\u00f5es - semana de 05\/ a 09\/04 &raquo; Abrelivros\",\"isPartOf\":{\"@id\":\"https:\/\/abrelivros.org.br\/site\/#website\"},\"datePublished\":\"2021-04-07T16:10:32+00:00\",\"dateModified\":\"2021-04-07T16:10:32+00:00\",\"author\":{\"@id\":\"https:\/\/abrelivros.org.br\/site\/#\/schema\/person\/65db80e26409802ce15ac5feec6a15fd\"},\"breadcrumb\":{\"@id\":\"https:\/\/abrelivros.org.br\/site\/radar-de-licitacoes-semana-de-05-a-09-04\/#breadcrumb\"},\"inLanguage\":\"pt-BR\",\"potentialAction\":[{\"@type\":\"ReadAction\",\"target\":[\"https:\/\/abrelivros.org.br\/site\/radar-de-licitacoes-semana-de-05-a-09-04\/\"]}]},{\"@type\":\"BreadcrumbList\",\"@id\":\"https:\/\/abrelivros.org.br\/site\/radar-de-licitacoes-semana-de-05-a-09-04\/#breadcrumb\",\"itemListElement\":[{\"@type\":\"ListItem\",\"position\":1,\"item\":{\"@type\":\"WebPage\",\"@id\":\"https:\/\/abrelivros.org.br\/site\/\",\"url\":\"https:\/\/abrelivros.org.br\/site\/\",\"name\":\"In\\u00edcio\"}},{\"@type\":\"ListItem\",\"position\":2,\"item\":{\"@type\":\"WebPage\",\"@id\":\"https:\/\/abrelivros.org.br\/site\/category\/noticias\/\",\"url\":\"https:\/\/abrelivros.org.br\/site\/category\/noticias\/\",\"name\":\"Not\\u00edcias\"}},{\"@type\":\"ListItem\",\"position\":3,\"item\":{\"@type\":\"WebPage\",\"@id\":\"https:\/\/abrelivros.org.br\/site\/category\/noticias\/noticias-da-imprensa\/\",\"url\":\"https:\/\/abrelivros.org.br\/site\/category\/noticias\/noticias-da-imprensa\/\",\"name\":\"Not\\u00edcias da imprensa\"}},{\"@type\":\"ListItem\",\"position\":4,\"item\":{\"@type\":\"WebPage\",\"@id\":\"https:\/\/abrelivros.org.br\/site\/radar-de-licitacoes-semana-de-05-a-09-04\/\",\"url\":\"https:\/\/abrelivros.org.br\/site\/radar-de-licitacoes-semana-de-05-a-09-04\/\",\"name\":\"Radar de Licita\\u00e7\\u00f5es &#8211; semana de 05\/ a 09\/04\"}}]},{\"@type\":\"Person\",\"@id\":\"https:\/\/abrelivros.org.br\/site\/#\/schema\/person\/65db80e26409802ce15ac5feec6a15fd\",\"name\":\"Reda\\u00e7\\u00e3o Abrelivros\",\"image\":{\"@type\":\"ImageObject\",\"@id\":\"https:\/\/abrelivros.org.br\/site\/#personlogo\",\"inLanguage\":\"pt-BR\",\"url\":\"https:\/\/secure.gravatar.com\/avatar\/c4e57f9c7e3482965bd428192061218520756c39080b1d1820b679fa5e9af192?s=96&d=mm&r=g\",\"caption\":\"Reda\\u00e7\\u00e3o Abrelivros\"}}]}<\/script>\n<!-- \/ Yoast SEO plugin. -->","_links":{"self":[{"href":"https:\/\/abrelivros.org.br\/site\/wp-json\/wp\/v2\/posts\/13673","targetHints":{"allow":["GET"]}}],"collection":[{"href":"https:\/\/abrelivros.org.br\/site\/wp-json\/wp\/v2\/posts"}],"about":[{"href":"https:\/\/abrelivros.org.br\/site\/wp-json\/wp\/v2\/types\/post"}],"author":[{"embeddable":true,"href":"https:\/\/abrelivros.org.br\/site\/wp-json\/wp\/v2\/users\/4"}],"replies":[{"embeddable":true,"href":"https:\/\/abrelivros.org.br\/site\/wp-json\/wp\/v2\/comments?post=13673"}],"version-history":[{"count":1,"href":"https:\/\/abrelivros.org.br\/site\/wp-json\/wp\/v2\/posts\/13673\/revisions"}],"predecessor-version":[{"id":13674,"href":"https:\/\/abrelivros.org.br\/site\/wp-json\/wp\/v2\/posts\/13673\/revisions\/13674"}],"wp:attachment":[{"href":"https:\/\/abrelivros.org.br\/site\/wp-json\/wp\/v2\/media?parent=13673"}],"wp:term":[{"taxonomy":"category","embeddable":true,"href":"https:\/\/abrelivros.org.br\/site\/wp-json\/wp\/v2\/categories?post=13673"},{"taxonomy":"post_tag","embeddable":true,"href":"https:\/\/abrelivros.org.br\/site\/wp-json\/wp\/v2\/tags?post=13673"}],"curies":[{"name":"wp","href":"https:\/\/api.w.org\/{rel}","templated":true}]}}