{"id":13669,"date":"2021-04-07T12:59:56","date_gmt":"2021-04-07T15:59:56","guid":{"rendered":"https:\/\/abrelivros.org.br\/site\/?p=13669"},"modified":"2021-04-07T12:59:56","modified_gmt":"2021-04-07T15:59:56","slug":"ministerio-da-educacao-adota-acoes-para-melhorar-a-leitura-e-compreensao-de-textos-entre-jovens-no-brasil","status":"publish","type":"post","link":"https:\/\/abrelivros.org.br\/site\/ministerio-da-educacao-adota-acoes-para-melhorar-a-leitura-e-compreensao-de-textos-entre-jovens-no-brasil\/","title":{"rendered":"Minist\u00e9rio da Educa\u00e7\u00e3o adota a\u00e7\u00f5es para melhorar a leitura e compreens\u00e3o de textos entre jovens no Brasil"},"content":{"rendered":"<p>Um estudo divulgado recentemente Programme for International Student Assessment (Pisa) mostra que metade dos jovens brasileiros, entre 15 e 16 anos, n\u00e3o possuem n\u00edvel de leitura m\u00ednimo para o exerc\u00edcio pleno da cidadania. Preocupado com essa realidade, o Minist\u00e9rio da Educa\u00e7\u00e3o (MEC) est\u00e1 investindo em v\u00e1rias frentes para reverter esse quadro.<!--more--> Uma delas \u00e9 o aprimoramento do livro did\u00e1tico, por meio do Programa Nacional do Livro e do Material Did\u00e1tico (PNLD).<\/p>\n<p>O documento elaborado pelo Pisa, que em livre tradu\u00e7\u00e3o significa Programa Internacional de Avalia\u00e7\u00e3o dos Estudantes, mostra que em 2018, o Brasil caiu no ranking mundial em matem\u00e1tica e ci\u00eancias: 65\u00ba em matem\u00e1tica, em um ranking de 70 pa\u00edses. Em leitura, ficou estagnado, na posi\u00e7\u00e3o 59.<\/p>\n<p>De posse dessas informa\u00e7\u00f5es, o MEC em coopera\u00e7\u00e3o com o Fundo Nacional de Desenvolvimento da Educa\u00e7\u00e3o (FNDE) publicou o Edital n\u00ba 01\/2021 \u2013 Coordena\u00e7\u00e3o Geral do Livro (CGPLI), do Ciclo 2023 \u2013 Anos Iniciais do Programa Nacional do Livro e do Material Did\u00e1tico (PNLD). O objetivo \u00e9 incentivar a leitura por meio dos livros did\u00e1ticos, que s\u00e3o voltados para os anos iniciais do ensino fundamental, considerando evid\u00eancias cient\u00edficas e experi\u00eancias exitosas nacionais e estrangeiras, com \u00eanfase no ensino de Matem\u00e1tica e de L\u00edngua Portuguesa, visando reconhecer a import\u00e2ncia da leitura com flu\u00eancia e compreens\u00e3o.<\/p>\n<p>O edital \u00e9 um dos resultados do compromisso do Minist\u00e9rio da Educa\u00e7\u00e3o com a promo\u00e7\u00e3o da qualidade da educa\u00e7\u00e3o p\u00fablica e da supera\u00e7\u00e3o dos desa\ufb01os educacionais do pa\u00eds, uma vez que \u00e9 dever da pasta promover os esclarecimentos pertinentes \u00e0 sociedade civil. Assim, as de\ufb01ci\u00eancias identificadas nos \u00faltimos anos da educa\u00e7\u00e3o b\u00e1sica n\u00e3o surgem espontaneamente, como que por uma problem\u00e1tica restrita ao ensino m\u00e9dio ou aos anos \ufb01nais do ensino fundamental, mas tem origem na educa\u00e7\u00e3o infantil e no ciclo formal de alfabetiza\u00e7\u00e3o.<\/p>\n","protected":false},"excerpt":{"rendered":"<p>Um estudo divulgado recentemente Programme for International Student Assessment (Pisa) mostra que metade dos jovens brasileiros, entre 15 e 16 anos, n\u00e3o possuem n\u00edvel de leitura m\u00ednimo para o exerc\u00edcio pleno da cidadania. Preocupado com essa realidade, o Minist\u00e9rio da Educa\u00e7\u00e3o (MEC) est\u00e1 investindo em v\u00e1rias frentes para reverter esse quadro.<\/p>\n","protected":false},"author":4,"featured_media":0,"comment_status":"closed","ping_status":"closed","sticky":false,"template":"","format":"standard","meta":{"footnotes":"","_links_to":"","_links_to_target":""},"categories":[9,10],"tags":[],"class_list":["post-13669","post","type-post","status-publish","format-standard","hentry","category-noticias-da-imprensa","category-pnld-programa-nacional-do-livro-e-do-material-didatico"],"yoast_head":"<!-- This site is optimized with the Yoast SEO plugin v15.1 - https:\/\/yoast.com\/wordpress\/plugins\/seo\/ -->\n<title>Minist\u00e9rio da Educa\u00e7\u00e3o adota a\u00e7\u00f5es para melhorar a leitura e compreens\u00e3o de textos entre jovens no Brasil &raquo; Abrelivros<\/title>\n<meta name=\"robots\" content=\"index, follow, max-snippet:-1, max-image-preview:large, max-video-preview:-1\" \/>\n<link rel=\"canonical\" href=\"https:\/\/abrelivros.org.br\/site\/ministerio-da-educacao-adota-acoes-para-melhorar-a-leitura-e-compreensao-de-textos-entre-jovens-no-brasil\/\" \/>\n<meta property=\"og:locale\" content=\"pt_BR\" \/>\n<meta property=\"og:type\" content=\"article\" \/>\n<meta property=\"og:title\" content=\"Minist\u00e9rio da Educa\u00e7\u00e3o adota a\u00e7\u00f5es para melhorar a leitura e compreens\u00e3o de textos entre jovens no Brasil &raquo; Abrelivros\" \/>\n<meta property=\"og:description\" content=\"Um estudo divulgado recentemente Programme for International Student Assessment (Pisa) mostra que metade dos jovens brasileiros, entre 15 e 16 anos, n\u00e3o possuem n\u00edvel de leitura m\u00ednimo para o exerc\u00edcio pleno da cidadania. Preocupado com essa realidade, o Minist\u00e9rio da Educa\u00e7\u00e3o (MEC) est\u00e1 investindo em v\u00e1rias frentes para reverter esse quadro.\" \/>\n<meta property=\"og:url\" content=\"https:\/\/abrelivros.org.br\/site\/ministerio-da-educacao-adota-acoes-para-melhorar-a-leitura-e-compreensao-de-textos-entre-jovens-no-brasil\/\" \/>\n<meta property=\"og:site_name\" content=\"Abrelivros\" \/>\n<meta property=\"article:published_time\" content=\"2021-04-07T15:59:56+00:00\" \/>\n<meta name=\"twitter:card\" content=\"summary_large_image\" \/>\n<script type=\"application\/ld+json\" class=\"yoast-schema-graph\">{\"@context\":\"https:\/\/schema.org\",\"@graph\":[{\"@type\":\"WebSite\",\"@id\":\"https:\/\/abrelivros.org.br\/site\/#website\",\"url\":\"https:\/\/abrelivros.org.br\/site\/\",\"name\":\"Abrelivros\",\"description\":\"\",\"potentialAction\":[{\"@type\":\"SearchAction\",\"target\":\"https:\/\/abrelivros.org.br\/site\/?s={search_term_string}\",\"query-input\":\"required name=search_term_string\"}],\"inLanguage\":\"pt-BR\"},{\"@type\":\"WebPage\",\"@id\":\"https:\/\/abrelivros.org.br\/site\/ministerio-da-educacao-adota-acoes-para-melhorar-a-leitura-e-compreensao-de-textos-entre-jovens-no-brasil\/#webpage\",\"url\":\"https:\/\/abrelivros.org.br\/site\/ministerio-da-educacao-adota-acoes-para-melhorar-a-leitura-e-compreensao-de-textos-entre-jovens-no-brasil\/\",\"name\":\"Minist\\u00e9rio da Educa\\u00e7\\u00e3o adota a\\u00e7\\u00f5es para melhorar a leitura e compreens\\u00e3o de textos entre jovens no Brasil &raquo; Abrelivros\",\"isPartOf\":{\"@id\":\"https:\/\/abrelivros.org.br\/site\/#website\"},\"datePublished\":\"2021-04-07T15:59:56+00:00\",\"dateModified\":\"2021-04-07T15:59:56+00:00\",\"author\":{\"@id\":\"https:\/\/abrelivros.org.br\/site\/#\/schema\/person\/65db80e26409802ce15ac5feec6a15fd\"},\"breadcrumb\":{\"@id\":\"https:\/\/abrelivros.org.br\/site\/ministerio-da-educacao-adota-acoes-para-melhorar-a-leitura-e-compreensao-de-textos-entre-jovens-no-brasil\/#breadcrumb\"},\"inLanguage\":\"pt-BR\",\"potentialAction\":[{\"@type\":\"ReadAction\",\"target\":[\"https:\/\/abrelivros.org.br\/site\/ministerio-da-educacao-adota-acoes-para-melhorar-a-leitura-e-compreensao-de-textos-entre-jovens-no-brasil\/\"]}]},{\"@type\":\"BreadcrumbList\",\"@id\":\"https:\/\/abrelivros.org.br\/site\/ministerio-da-educacao-adota-acoes-para-melhorar-a-leitura-e-compreensao-de-textos-entre-jovens-no-brasil\/#breadcrumb\",\"itemListElement\":[{\"@type\":\"ListItem\",\"position\":1,\"item\":{\"@type\":\"WebPage\",\"@id\":\"https:\/\/abrelivros.org.br\/site\/\",\"url\":\"https:\/\/abrelivros.org.br\/site\/\",\"name\":\"In\\u00edcio\"}},{\"@type\":\"ListItem\",\"position\":2,\"item\":{\"@type\":\"WebPage\",\"@id\":\"https:\/\/abrelivros.org.br\/site\/category\/noticias\/\",\"url\":\"https:\/\/abrelivros.org.br\/site\/category\/noticias\/\",\"name\":\"Not\\u00edcias\"}},{\"@type\":\"ListItem\",\"position\":3,\"item\":{\"@type\":\"WebPage\",\"@id\":\"https:\/\/abrelivros.org.br\/site\/category\/noticias\/noticias-da-imprensa\/\",\"url\":\"https:\/\/abrelivros.org.br\/site\/category\/noticias\/noticias-da-imprensa\/\",\"name\":\"Not\\u00edcias da imprensa\"}},{\"@type\":\"ListItem\",\"position\":4,\"item\":{\"@type\":\"WebPage\",\"@id\":\"https:\/\/abrelivros.org.br\/site\/ministerio-da-educacao-adota-acoes-para-melhorar-a-leitura-e-compreensao-de-textos-entre-jovens-no-brasil\/\",\"url\":\"https:\/\/abrelivros.org.br\/site\/ministerio-da-educacao-adota-acoes-para-melhorar-a-leitura-e-compreensao-de-textos-entre-jovens-no-brasil\/\",\"name\":\"Minist\\u00e9rio da Educa\\u00e7\\u00e3o adota a\\u00e7\\u00f5es para melhorar a leitura e compreens\\u00e3o de textos entre jovens no Brasil\"}}]},{\"@type\":\"Person\",\"@id\":\"https:\/\/abrelivros.org.br\/site\/#\/schema\/person\/65db80e26409802ce15ac5feec6a15fd\",\"name\":\"Reda\\u00e7\\u00e3o Abrelivros\",\"image\":{\"@type\":\"ImageObject\",\"@id\":\"https:\/\/abrelivros.org.br\/site\/#personlogo\",\"inLanguage\":\"pt-BR\",\"url\":\"https:\/\/secure.gravatar.com\/avatar\/c4e57f9c7e3482965bd428192061218520756c39080b1d1820b679fa5e9af192?s=96&d=mm&r=g\",\"caption\":\"Reda\\u00e7\\u00e3o Abrelivros\"}}]}<\/script>\n<!-- \/ Yoast SEO plugin. -->","_links":{"self":[{"href":"https:\/\/abrelivros.org.br\/site\/wp-json\/wp\/v2\/posts\/13669","targetHints":{"allow":["GET"]}}],"collection":[{"href":"https:\/\/abrelivros.org.br\/site\/wp-json\/wp\/v2\/posts"}],"about":[{"href":"https:\/\/abrelivros.org.br\/site\/wp-json\/wp\/v2\/types\/post"}],"author":[{"embeddable":true,"href":"https:\/\/abrelivros.org.br\/site\/wp-json\/wp\/v2\/users\/4"}],"replies":[{"embeddable":true,"href":"https:\/\/abrelivros.org.br\/site\/wp-json\/wp\/v2\/comments?post=13669"}],"version-history":[{"count":1,"href":"https:\/\/abrelivros.org.br\/site\/wp-json\/wp\/v2\/posts\/13669\/revisions"}],"predecessor-version":[{"id":13670,"href":"https:\/\/abrelivros.org.br\/site\/wp-json\/wp\/v2\/posts\/13669\/revisions\/13670"}],"wp:attachment":[{"href":"https:\/\/abrelivros.org.br\/site\/wp-json\/wp\/v2\/media?parent=13669"}],"wp:term":[{"taxonomy":"category","embeddable":true,"href":"https:\/\/abrelivros.org.br\/site\/wp-json\/wp\/v2\/categories?post=13669"},{"taxonomy":"post_tag","embeddable":true,"href":"https:\/\/abrelivros.org.br\/site\/wp-json\/wp\/v2\/tags?post=13669"}],"curies":[{"name":"wp","href":"https:\/\/api.w.org\/{rel}","templated":true}]}}