{"id":13667,"date":"2021-04-07T12:57:36","date_gmt":"2021-04-07T15:57:36","guid":{"rendered":"https:\/\/abrelivros.org.br\/site\/?p=13667"},"modified":"2021-04-07T13:29:27","modified_gmt":"2021-04-07T16:29:27","slug":"13667-2","status":"publish","type":"post","link":"https:\/\/abrelivros.org.br\/site\/13667-2\/","title":{"rendered":"Resultado final para elaborador de imagens \u00e9 publicado"},"content":{"rendered":"<p>O Instituto Nacional de Estudos e Pesquisas Educacionais An\u00edsio Teixeira (Inep) publicou, na manh\u00e3 desta ter\u00e7a-feira, 6 de abril, no Di\u00e1rio Oficial da Uni\u00e3o, o resultado final da seletiva para elaboradores de imagens do Sistema de Avalia\u00e7\u00e3o da Educa\u00e7\u00e3o B\u00e1sica (Saeb).<!--more--> Os classificados ser\u00e3o respons\u00e1veis pela produ\u00e7\u00e3o digital de imagens, hist\u00f3rias em quadrinhos, ilustra\u00e7\u00f5es, fotografias e demais artes digitais das quest\u00f5es que poder\u00e3o compor as avalia\u00e7\u00f5es da educa\u00e7\u00e3o b\u00e1sica.<\/p>\n<p>A classifica\u00e7\u00e3o dos candidatos \u00e9 equivalente \u00e0 pontua\u00e7\u00e3o obtida nos requisitos complementares, considerando os documentos comprobat\u00f3rios, inseridos no ato do cadastro dos candidatos.<\/p>\n<p>A convoca\u00e7\u00e3o para a capacita\u00e7\u00e3o, que ainda n\u00e3o tem data definida, seguir\u00e1 a ordem de classifica\u00e7\u00e3o, bem como o perfil da vaga e as necessidades do Inep. Ap\u00f3s o classificado concluir com sucesso a capacita\u00e7\u00e3o, ele ser\u00e1 considerado especialista colaborador do Banco de Elaboradores de Imagens (BEI) das avalia\u00e7\u00f5es da educa\u00e7\u00e3o b\u00e1sica.<\/p>\n<p><strong>Saeb<\/strong> \u2013 Realizado desde 1990, o Sistema de Avalia\u00e7\u00e3o da Educa\u00e7\u00e3o B\u00e1sica \u00e9 um processo de avalia\u00e7\u00e3o em larga escala, realizado periodicamente pelo Inep. O Saeb oferece subs\u00eddios para a elabora\u00e7\u00e3o, o monitoramento e o aprimoramento de pol\u00edticas com base em evid\u00eancias, permitindo que os diversos n\u00edveis governamentais avaliem a qualidade da educa\u00e7\u00e3o praticada no pa\u00eds. Por meio de testes e question\u00e1rios, a avalia\u00e7\u00e3o reflete os n\u00edveis de aprendizagem demonstrados pelo conjunto de estudantes. Esses n\u00edveis de aprendizagem est\u00e3o descritos e organizados, de modo crescente, em escalas de profici\u00eancia de l\u00edngua portuguesa e de matem\u00e1tica, para cada uma das etapas avaliadas. Os resultados apurados no Saeb, juntamente com as taxas de aprova\u00e7\u00e3o, reprova\u00e7\u00e3o e abandono aferidas no Censo Escolar, comp\u00f5em o \u00cdndice de Desenvolvimento da Educa\u00e7\u00e3o B\u00e1sica (Ideb).<\/p>\n<p><a href=\"https:\/\/www.in.gov.br\/web\/dou\/-\/edital-n-9-de-31-de-marco-de-2021-312121380\" target=\"_blank\" rel=\"noopener noreferrer\">Confira o resultado final<\/a><\/p>\n<p><a href=\"https:\/\/www.gov.br\/inep\/pt-br\/areas-de-atuacao\/avaliacao-e-exames-educacionais\/saeb\" target=\"_blank\" rel=\"noopener noreferrer\">Saiba mais sobre o Saeb<\/a><\/p>\n","protected":false},"excerpt":{"rendered":"<p>O Instituto Nacional de Estudos e Pesquisas Educacionais An\u00edsio Teixeira (Inep) publicou, na manh\u00e3 desta ter\u00e7a-feira, 6 de abril, no Di\u00e1rio Oficial da Uni\u00e3o, o resultado final da seletiva para elaboradores de imagens do Sistema de Avalia\u00e7\u00e3o da Educa\u00e7\u00e3o B\u00e1sica (Saeb).<\/p>\n","protected":false},"author":4,"featured_media":0,"comment_status":"closed","ping_status":"closed","sticky":false,"template":"","format":"standard","meta":{"footnotes":"","_links_to":"","_links_to_target":""},"categories":[9],"tags":[],"class_list":["post-13667","post","type-post","status-publish","format-standard","hentry","category-noticias-da-imprensa"],"yoast_head":"<!-- This site is optimized with the Yoast SEO plugin v15.1 - https:\/\/yoast.com\/wordpress\/plugins\/seo\/ -->\n<title>Resultado final para elaborador de imagens \u00e9 publicado &raquo; Abrelivros<\/title>\n<meta name=\"robots\" content=\"index, follow, max-snippet:-1, max-image-preview:large, max-video-preview:-1\" \/>\n<link rel=\"canonical\" href=\"https:\/\/abrelivros.org.br\/site\/13667-2\/\" \/>\n<meta property=\"og:locale\" content=\"pt_BR\" \/>\n<meta property=\"og:type\" content=\"article\" \/>\n<meta property=\"og:title\" content=\"Resultado final para elaborador de imagens \u00e9 publicado &raquo; Abrelivros\" \/>\n<meta property=\"og:description\" content=\"O Instituto Nacional de Estudos e Pesquisas Educacionais An\u00edsio Teixeira (Inep) publicou, na manh\u00e3 desta ter\u00e7a-feira, 6 de abril, no Di\u00e1rio Oficial da Uni\u00e3o, o resultado final da seletiva para elaboradores de imagens do Sistema de Avalia\u00e7\u00e3o da Educa\u00e7\u00e3o B\u00e1sica (Saeb).\" \/>\n<meta property=\"og:url\" content=\"https:\/\/abrelivros.org.br\/site\/13667-2\/\" \/>\n<meta property=\"og:site_name\" content=\"Abrelivros\" \/>\n<meta property=\"article:published_time\" content=\"2021-04-07T15:57:36+00:00\" \/>\n<meta property=\"article:modified_time\" content=\"2021-04-07T16:29:27+00:00\" \/>\n<meta name=\"twitter:card\" content=\"summary_large_image\" \/>\n<script type=\"application\/ld+json\" class=\"yoast-schema-graph\">{\"@context\":\"https:\/\/schema.org\",\"@graph\":[{\"@type\":\"WebSite\",\"@id\":\"https:\/\/abrelivros.org.br\/site\/#website\",\"url\":\"https:\/\/abrelivros.org.br\/site\/\",\"name\":\"Abrelivros\",\"description\":\"\",\"potentialAction\":[{\"@type\":\"SearchAction\",\"target\":\"https:\/\/abrelivros.org.br\/site\/?s={search_term_string}\",\"query-input\":\"required name=search_term_string\"}],\"inLanguage\":\"pt-BR\"},{\"@type\":\"WebPage\",\"@id\":\"https:\/\/abrelivros.org.br\/site\/13667-2\/#webpage\",\"url\":\"https:\/\/abrelivros.org.br\/site\/13667-2\/\",\"name\":\"Resultado final para elaborador de imagens \\u00e9 publicado &raquo; Abrelivros\",\"isPartOf\":{\"@id\":\"https:\/\/abrelivros.org.br\/site\/#website\"},\"datePublished\":\"2021-04-07T15:57:36+00:00\",\"dateModified\":\"2021-04-07T16:29:27+00:00\",\"author\":{\"@id\":\"https:\/\/abrelivros.org.br\/site\/#\/schema\/person\/65db80e26409802ce15ac5feec6a15fd\"},\"breadcrumb\":{\"@id\":\"https:\/\/abrelivros.org.br\/site\/13667-2\/#breadcrumb\"},\"inLanguage\":\"pt-BR\",\"potentialAction\":[{\"@type\":\"ReadAction\",\"target\":[\"https:\/\/abrelivros.org.br\/site\/13667-2\/\"]}]},{\"@type\":\"BreadcrumbList\",\"@id\":\"https:\/\/abrelivros.org.br\/site\/13667-2\/#breadcrumb\",\"itemListElement\":[{\"@type\":\"ListItem\",\"position\":1,\"item\":{\"@type\":\"WebPage\",\"@id\":\"https:\/\/abrelivros.org.br\/site\/\",\"url\":\"https:\/\/abrelivros.org.br\/site\/\",\"name\":\"In\\u00edcio\"}},{\"@type\":\"ListItem\",\"position\":2,\"item\":{\"@type\":\"WebPage\",\"@id\":\"https:\/\/abrelivros.org.br\/site\/category\/noticias\/\",\"url\":\"https:\/\/abrelivros.org.br\/site\/category\/noticias\/\",\"name\":\"Not\\u00edcias\"}},{\"@type\":\"ListItem\",\"position\":3,\"item\":{\"@type\":\"WebPage\",\"@id\":\"https:\/\/abrelivros.org.br\/site\/category\/noticias\/noticias-da-imprensa\/\",\"url\":\"https:\/\/abrelivros.org.br\/site\/category\/noticias\/noticias-da-imprensa\/\",\"name\":\"Not\\u00edcias da imprensa\"}},{\"@type\":\"ListItem\",\"position\":4,\"item\":{\"@type\":\"WebPage\",\"@id\":\"https:\/\/abrelivros.org.br\/site\/13667-2\/\",\"url\":\"https:\/\/abrelivros.org.br\/site\/13667-2\/\",\"name\":\"Resultado final para elaborador de imagens \\u00e9 publicado\"}}]},{\"@type\":\"Person\",\"@id\":\"https:\/\/abrelivros.org.br\/site\/#\/schema\/person\/65db80e26409802ce15ac5feec6a15fd\",\"name\":\"Reda\\u00e7\\u00e3o Abrelivros\",\"image\":{\"@type\":\"ImageObject\",\"@id\":\"https:\/\/abrelivros.org.br\/site\/#personlogo\",\"inLanguage\":\"pt-BR\",\"url\":\"https:\/\/secure.gravatar.com\/avatar\/c4e57f9c7e3482965bd428192061218520756c39080b1d1820b679fa5e9af192?s=96&d=mm&r=g\",\"caption\":\"Reda\\u00e7\\u00e3o Abrelivros\"}}]}<\/script>\n<!-- \/ Yoast SEO plugin. -->","_links":{"self":[{"href":"https:\/\/abrelivros.org.br\/site\/wp-json\/wp\/v2\/posts\/13667","targetHints":{"allow":["GET"]}}],"collection":[{"href":"https:\/\/abrelivros.org.br\/site\/wp-json\/wp\/v2\/posts"}],"about":[{"href":"https:\/\/abrelivros.org.br\/site\/wp-json\/wp\/v2\/types\/post"}],"author":[{"embeddable":true,"href":"https:\/\/abrelivros.org.br\/site\/wp-json\/wp\/v2\/users\/4"}],"replies":[{"embeddable":true,"href":"https:\/\/abrelivros.org.br\/site\/wp-json\/wp\/v2\/comments?post=13667"}],"version-history":[{"count":2,"href":"https:\/\/abrelivros.org.br\/site\/wp-json\/wp\/v2\/posts\/13667\/revisions"}],"predecessor-version":[{"id":13679,"href":"https:\/\/abrelivros.org.br\/site\/wp-json\/wp\/v2\/posts\/13667\/revisions\/13679"}],"wp:attachment":[{"href":"https:\/\/abrelivros.org.br\/site\/wp-json\/wp\/v2\/media?parent=13667"}],"wp:term":[{"taxonomy":"category","embeddable":true,"href":"https:\/\/abrelivros.org.br\/site\/wp-json\/wp\/v2\/categories?post=13667"},{"taxonomy":"post_tag","embeddable":true,"href":"https:\/\/abrelivros.org.br\/site\/wp-json\/wp\/v2\/tags?post=13667"}],"curies":[{"name":"wp","href":"https:\/\/api.w.org\/{rel}","templated":true}]}}