{"id":13660,"date":"2021-04-06T14:36:46","date_gmt":"2021-04-06T17:36:46","guid":{"rendered":"https:\/\/abrelivros.org.br\/site\/?p=13660"},"modified":"2021-04-06T19:51:06","modified_gmt":"2021-04-06T22:51:06","slug":"pesquisa-internacional-mapeia-uso-de-tecnologia-por-educadores-brasileiros-veja-como-participar","status":"publish","type":"post","link":"https:\/\/abrelivros.org.br\/site\/pesquisa-internacional-mapeia-uso-de-tecnologia-por-educadores-brasileiros-veja-como-participar\/","title":{"rendered":"Pesquisa internacional mapeia uso de tecnologia por educadores brasileiros; veja como participar"},"content":{"rendered":"<p>A empresa de tecnologia educacional BlinkLearning, que est\u00e1 presente em diferentes pa\u00edses da Am\u00e9rica Latina e tamb\u00e9m na Europa, promove em 2021 seu <a href=\"https:\/\/www.surveymonkey.com\/r\/VI-ESTUDIO-PORVIR-BR\" target=\"_blank\" rel=\"noopener noreferrer\">sexto estudo sobre o uso da tecnologia na educa\u00e7\u00e3o.<\/a><!--more--><\/p>\n<p>Na sondagem que tem como p\u00fablico alvo educadores da educa\u00e7\u00e3o b\u00e1sica ao ensino superior, s\u00e3o avaliados aspectos como o papel das TIC (Tecnologias da informa\u00e7\u00e3o e comunica\u00e7\u00e3o), a profiss\u00e3o docente, dispositivos mais usados em aula, a aprendizagem dos alunos e uma vis\u00e3o geral do estado da educa\u00e7\u00e3o.<\/p>\n<p>O estudo apresenta perguntas padronizadas para todos pa\u00edses, o que permite comparar as informa\u00e7\u00f5es entre os participantes (Brasil, Espanha, M\u00e9xico, Col\u00f4mbia, Peru e Argentina). Isso ajuda a tirar conclus\u00f5es comuns com dados obtidos de anos anteriores, incluindo a evolu\u00e7\u00e3o no uso das tecnologias pelos professores.<\/p>\n<p><a href=\"https:\/\/www.realinfluencers.es\/wp-content\/uploads\/2020\/05\/BLINK-informe-TIC-2019-ESPA%C3%91A.pdf\" target=\"_blank\" rel=\"noopener noreferrer\">Em 2020<\/a>, o estudo apontou que na Argentina (70%), no M\u00e9xico (57%) e no Peru (55%), o principal desafio para melhorar a educa\u00e7\u00e3o est\u00e1 justamente na forma\u00e7\u00e3o dos professores. Na Col\u00f4mbia, a quest\u00e3o mais destacada diz respeito \u00e0s condi\u00e7\u00f5es de trabalho dos professores (56%).<\/p>\n<p>O prazo para participa\u00e7\u00e3o termina em 15 de abril, \u00e0s 13 horas (hor\u00e1rio de Bras\u00edlia). A dura\u00e7\u00e3o estimada do question\u00e1rio \u00e9 de 9 minutos. Para participar e acessar o question\u00e1rio, <a href=\"https:\/\/www.surveymonkey.com\/r\/VI-ESTUDIO-PORVIR-BR\" target=\"_blank\" rel=\"noopener noreferrer\">clique aqui<\/a>.<\/p>\n<p>O estudo conta com o apoio de institui\u00e7\u00f5es renomadas da Espanha e da Am\u00e9rica Latina, incluindo a Universidad Rey Juan Carlos de Madrid, na Espanha, o Observatorio de Innovaci\u00f3n Educativa do TEC de Monterrey, no M\u00e9xico, e o Dinamo Learning Labs, da Argentina.<\/p>\n","protected":false},"excerpt":{"rendered":"<p>A empresa de tecnologia educacional BlinkLearning, que est\u00e1 presente em diferentes pa\u00edses da Am\u00e9rica Latina e tamb\u00e9m na Europa, promove em 2021 seu sexto estudo sobre o uso da tecnologia na educa\u00e7\u00e3o.<\/p>\n","protected":false},"author":4,"featured_media":0,"comment_status":"closed","ping_status":"closed","sticky":false,"template":"","format":"standard","meta":{"footnotes":"","_links_to":"","_links_to_target":""},"categories":[9],"tags":[],"class_list":["post-13660","post","type-post","status-publish","format-standard","hentry","category-noticias-da-imprensa"],"yoast_head":"<!-- This site is optimized with the Yoast SEO plugin v15.1 - https:\/\/yoast.com\/wordpress\/plugins\/seo\/ -->\n<title>Pesquisa internacional mapeia uso de tecnologia por educadores brasileiros; veja como participar &raquo; Abrelivros<\/title>\n<meta name=\"robots\" content=\"index, follow, max-snippet:-1, max-image-preview:large, max-video-preview:-1\" \/>\n<link rel=\"canonical\" href=\"https:\/\/abrelivros.org.br\/site\/pesquisa-internacional-mapeia-uso-de-tecnologia-por-educadores-brasileiros-veja-como-participar\/\" \/>\n<meta property=\"og:locale\" content=\"pt_BR\" \/>\n<meta property=\"og:type\" content=\"article\" \/>\n<meta property=\"og:title\" content=\"Pesquisa internacional mapeia uso de tecnologia por educadores brasileiros; veja como participar &raquo; Abrelivros\" \/>\n<meta property=\"og:description\" content=\"A empresa de tecnologia educacional BlinkLearning, que est\u00e1 presente em diferentes pa\u00edses da Am\u00e9rica Latina e tamb\u00e9m na Europa, promove em 2021 seu sexto estudo sobre o uso da tecnologia na educa\u00e7\u00e3o.\" \/>\n<meta property=\"og:url\" content=\"https:\/\/abrelivros.org.br\/site\/pesquisa-internacional-mapeia-uso-de-tecnologia-por-educadores-brasileiros-veja-como-participar\/\" \/>\n<meta property=\"og:site_name\" content=\"Abrelivros\" \/>\n<meta property=\"article:published_time\" content=\"2021-04-06T17:36:46+00:00\" \/>\n<meta property=\"article:modified_time\" content=\"2021-04-06T22:51:06+00:00\" \/>\n<meta name=\"twitter:card\" content=\"summary_large_image\" \/>\n<script type=\"application\/ld+json\" class=\"yoast-schema-graph\">{\"@context\":\"https:\/\/schema.org\",\"@graph\":[{\"@type\":\"WebSite\",\"@id\":\"https:\/\/abrelivros.org.br\/site\/#website\",\"url\":\"https:\/\/abrelivros.org.br\/site\/\",\"name\":\"Abrelivros\",\"description\":\"\",\"potentialAction\":[{\"@type\":\"SearchAction\",\"target\":\"https:\/\/abrelivros.org.br\/site\/?s={search_term_string}\",\"query-input\":\"required name=search_term_string\"}],\"inLanguage\":\"pt-BR\"},{\"@type\":\"WebPage\",\"@id\":\"https:\/\/abrelivros.org.br\/site\/pesquisa-internacional-mapeia-uso-de-tecnologia-por-educadores-brasileiros-veja-como-participar\/#webpage\",\"url\":\"https:\/\/abrelivros.org.br\/site\/pesquisa-internacional-mapeia-uso-de-tecnologia-por-educadores-brasileiros-veja-como-participar\/\",\"name\":\"Pesquisa internacional mapeia uso de tecnologia por educadores brasileiros; veja como participar &raquo; Abrelivros\",\"isPartOf\":{\"@id\":\"https:\/\/abrelivros.org.br\/site\/#website\"},\"datePublished\":\"2021-04-06T17:36:46+00:00\",\"dateModified\":\"2021-04-06T22:51:06+00:00\",\"author\":{\"@id\":\"https:\/\/abrelivros.org.br\/site\/#\/schema\/person\/65db80e26409802ce15ac5feec6a15fd\"},\"breadcrumb\":{\"@id\":\"https:\/\/abrelivros.org.br\/site\/pesquisa-internacional-mapeia-uso-de-tecnologia-por-educadores-brasileiros-veja-como-participar\/#breadcrumb\"},\"inLanguage\":\"pt-BR\",\"potentialAction\":[{\"@type\":\"ReadAction\",\"target\":[\"https:\/\/abrelivros.org.br\/site\/pesquisa-internacional-mapeia-uso-de-tecnologia-por-educadores-brasileiros-veja-como-participar\/\"]}]},{\"@type\":\"BreadcrumbList\",\"@id\":\"https:\/\/abrelivros.org.br\/site\/pesquisa-internacional-mapeia-uso-de-tecnologia-por-educadores-brasileiros-veja-como-participar\/#breadcrumb\",\"itemListElement\":[{\"@type\":\"ListItem\",\"position\":1,\"item\":{\"@type\":\"WebPage\",\"@id\":\"https:\/\/abrelivros.org.br\/site\/\",\"url\":\"https:\/\/abrelivros.org.br\/site\/\",\"name\":\"In\\u00edcio\"}},{\"@type\":\"ListItem\",\"position\":2,\"item\":{\"@type\":\"WebPage\",\"@id\":\"https:\/\/abrelivros.org.br\/site\/category\/noticias\/\",\"url\":\"https:\/\/abrelivros.org.br\/site\/category\/noticias\/\",\"name\":\"Not\\u00edcias\"}},{\"@type\":\"ListItem\",\"position\":3,\"item\":{\"@type\":\"WebPage\",\"@id\":\"https:\/\/abrelivros.org.br\/site\/category\/noticias\/noticias-da-imprensa\/\",\"url\":\"https:\/\/abrelivros.org.br\/site\/category\/noticias\/noticias-da-imprensa\/\",\"name\":\"Not\\u00edcias da imprensa\"}},{\"@type\":\"ListItem\",\"position\":4,\"item\":{\"@type\":\"WebPage\",\"@id\":\"https:\/\/abrelivros.org.br\/site\/pesquisa-internacional-mapeia-uso-de-tecnologia-por-educadores-brasileiros-veja-como-participar\/\",\"url\":\"https:\/\/abrelivros.org.br\/site\/pesquisa-internacional-mapeia-uso-de-tecnologia-por-educadores-brasileiros-veja-como-participar\/\",\"name\":\"Pesquisa internacional mapeia uso de tecnologia por educadores brasileiros; veja como participar\"}}]},{\"@type\":\"Person\",\"@id\":\"https:\/\/abrelivros.org.br\/site\/#\/schema\/person\/65db80e26409802ce15ac5feec6a15fd\",\"name\":\"Reda\\u00e7\\u00e3o Abrelivros\",\"image\":{\"@type\":\"ImageObject\",\"@id\":\"https:\/\/abrelivros.org.br\/site\/#personlogo\",\"inLanguage\":\"pt-BR\",\"url\":\"https:\/\/secure.gravatar.com\/avatar\/c4e57f9c7e3482965bd428192061218520756c39080b1d1820b679fa5e9af192?s=96&d=mm&r=g\",\"caption\":\"Reda\\u00e7\\u00e3o Abrelivros\"}}]}<\/script>\n<!-- \/ Yoast SEO plugin. -->","_links":{"self":[{"href":"https:\/\/abrelivros.org.br\/site\/wp-json\/wp\/v2\/posts\/13660","targetHints":{"allow":["GET"]}}],"collection":[{"href":"https:\/\/abrelivros.org.br\/site\/wp-json\/wp\/v2\/posts"}],"about":[{"href":"https:\/\/abrelivros.org.br\/site\/wp-json\/wp\/v2\/types\/post"}],"author":[{"embeddable":true,"href":"https:\/\/abrelivros.org.br\/site\/wp-json\/wp\/v2\/users\/4"}],"replies":[{"embeddable":true,"href":"https:\/\/abrelivros.org.br\/site\/wp-json\/wp\/v2\/comments?post=13660"}],"version-history":[{"count":3,"href":"https:\/\/abrelivros.org.br\/site\/wp-json\/wp\/v2\/posts\/13660\/revisions"}],"predecessor-version":[{"id":13663,"href":"https:\/\/abrelivros.org.br\/site\/wp-json\/wp\/v2\/posts\/13660\/revisions\/13663"}],"wp:attachment":[{"href":"https:\/\/abrelivros.org.br\/site\/wp-json\/wp\/v2\/media?parent=13660"}],"wp:term":[{"taxonomy":"category","embeddable":true,"href":"https:\/\/abrelivros.org.br\/site\/wp-json\/wp\/v2\/categories?post=13660"},{"taxonomy":"post_tag","embeddable":true,"href":"https:\/\/abrelivros.org.br\/site\/wp-json\/wp\/v2\/tags?post=13660"}],"curies":[{"name":"wp","href":"https:\/\/api.w.org\/{rel}","templated":true}]}}