{"id":13656,"date":"2021-04-06T14:31:56","date_gmt":"2021-04-06T17:31:56","guid":{"rendered":"https:\/\/abrelivros.org.br\/site\/?p=13656"},"modified":"2021-04-06T14:31:56","modified_gmt":"2021-04-06T17:31:56","slug":"mec-e-me-lancam-projeto-de-qualificacao-voltado-para-a-empregabilidade-dos-jovens","status":"publish","type":"post","link":"https:\/\/abrelivros.org.br\/site\/mec-e-me-lancam-projeto-de-qualificacao-voltado-para-a-empregabilidade-dos-jovens\/","title":{"rendered":"MEC E ME lan\u00e7am projeto de qualifica\u00e7\u00e3o voltado para a empregabilidade dos jovens"},"content":{"rendered":"<p>O Governo Federal por meio de uma parceria entre os Minist\u00e9rios da Educa\u00e7\u00e3o e da Economia, inicia, a partir desta ter\u00e7a-feira (9), o per\u00edodo de inscri\u00e7\u00e3o no programa Qualifica Mais-Emprega Mais, uma iniciativa para oferta de cursos de qualifica\u00e7\u00e3o profissional.<!--more--> A a\u00e7\u00e3o que ir\u00e1 beneficiar um grande n\u00famero de pessoas, se inicia com um projeto-piloto totalizando 6069 vagas gratuitas, para 3 cursos na modalidade EaD na \u00e1rea de Tecnologias da Informa\u00e7\u00e3o e Comunica\u00e7\u00e3o (TIC): Programador de Sistemas, Programador Web e Programador de Dispositivos M\u00f3veis. O novo projeto traz tamb\u00e9m uma grande novidade, al\u00e9m da qualifica\u00e7\u00e3o, os estudantes que conclu\u00edrem os cursos ser\u00e3o auxiliados para inser\u00e7\u00e3o no mercado de trabalho.<\/p>\n<p>Os cursos ter\u00e3o dura\u00e7\u00e3o de cerca de 200 horas, cada. Neste primeiro momento eles est\u00e3o sendo ofertados para jovens que residam em 11 regi\u00f5es metropolitanas do pa\u00eds: Salvador, Fortaleza, Bras\u00edlia, Belo Horizonte, Recife, Florian\u00f3polis, Joinville, Porto Alegre, Curitiba, S\u00e3o Paulo e Campinas.<\/p>\n<p>A demanda por qualifica\u00e7\u00e3o de TIC partiu de um levantamento realizado pelo Minist\u00e9rio da Economia com o setor produtivo, que busca profissionais qualificados para ocuparem postos de trabalho, com o objetivo de retomada da economia. Segundo o secret\u00e1rio Especial de Produtividade, Emprego e Competitividade do Minist\u00e9rio da Economia, Carlos da Costa, \u00e9 extremamente importante essa dedica\u00e7\u00e3o do governo federal em identificar os entraves que o setor produtivo sofre para o fortalecimento da economia: `A revolu\u00e7\u00e3o digital j\u00e1 \u00e9 mais que uma realidade no cotidiano dos brasileiros. Com o direcionamento correto e qualidade na capacita\u00e7\u00e3o, podemos diminuir tanto o desemprego quanto a lacuna de m\u00e3o de obra qualificada no setor de TIC. Essa tamb\u00e9m \u00e9 uma importante a\u00e7\u00e3o da retomada do Brasil na rota do crescimento\u201d, analisou.<\/p>\n<p>Esse alinhamento entre as demandas do setor produtivo e as institui\u00e7\u00f5es, que possuem expertise na oferta de cursos de TIC e de capacita\u00e7\u00e3o na modalidade de Educa\u00e7\u00e3o a Dist\u00e2ncia (EaD), geram um impacto favor\u00e1vel, aumentando o potencial de empregabilidade daqueles que ir\u00e3o finalizar os cursos. \u201cEssa \u00e9 a primeira chamada do projeto Qualifica Mais que traz um grande diferencial para os profissionais que ser\u00e3o certificados ao final do curso, pois, por meio do mapeamento econ\u00f4mico foi identificada a necessidade de m\u00e3o de obra qualificada de profissionais nas \u00e1reas de forma\u00e7\u00e3o ofertadas pelos cursos, aumentando assim, as chances de inser\u00e7\u00e3o desses concluintes no mercado de trabalho\u201d, explicou o secret\u00e1rio de Educa\u00e7\u00e3o Profissional e Tecnol\u00f3gica do MEC, Wandemberg Venceslau.<\/p>\n<p>As 7 institui\u00e7\u00f5es ofertantes dos cursos foram selecionadas pela Secretaria de Educa\u00e7\u00e3o Profissional e Tecnol\u00f3gica (Setec) do MEC, utilizando crit\u00e9rios de experi\u00eancia na oferta de cursos na \u00e1rea de TIC. \u201cEsse planejamento para a abertura de vagas e oferta de qualifica\u00e7\u00e3o profissional proposto, incluindo tamb\u00e9m conte\u00fados voltados ao desenvolvimento de compet\u00eancias para o mundo do trabalho, durante os cursos, buscam auxiliar os estudantes na entrada e perman\u00eancia em empregos relacionados ao mercado de trabalho na \u00e1rea de TIC\u201d, concluiu o Secret\u00e1rio.<\/p>\n<p>Os interessados devem acessar a p\u00e1gina do Edulivre por meio deste link, fazer o cadastro e completar a Trilha Qualifica Mais, at\u00e9 o dia 11 de abril. A trilha traz informa\u00e7\u00f5es sobre os cursos, sobre o mercado de trabalho relacionado e cont\u00e9m exerc\u00edcios sobre os conte\u00fados nela apresentados.<\/p>\n<p>Os concluintes da trilha com melhor desempenho em cada cidade receber\u00e3o um e-mail para confirmar sua matr\u00edcula diretamente com a institui\u00e7\u00e3o ofertante. Os concluintes ser\u00e3o selecionados conforme sua performance na trilha formativa, observada a prioridade para jovens de at\u00e9 29 anos.<\/p>\n<p>A partir do dia 15 de abril os participantes selecionados receber\u00e3o um e-mail para a confirma\u00e7\u00e3o de matr\u00edcula, enviado diretamente pela institui\u00e7\u00e3o ofertante da vaga.<\/p>\n<p>Para a realiza\u00e7\u00e3o da matr\u00edcula os selecionados pelo ranking devem residir em uma das 11 cidades em que ser\u00e3o ofertados os cursos, ou nas respectivas regi\u00f5es metropolitanas e terem o ensino m\u00e9dio completo. As aulas est\u00e3o previstas para iniciarem a partir de 10 de maio.<\/p>\n<p>Aten\u00e7\u00e3o! Cada participante que receber o e-mail de pr\u00e9-matr\u00edcula ter\u00e1 at\u00e9 4 dias corridos para confirm\u00e1-la. Caso a matr\u00edcula n\u00e3o seja confirmada, a vaga ser\u00e1 disponibilizada para outros interessados segundo o crit\u00e9rio de desempenho na trilha formativa.<\/p>\n<p>Para mais informa\u00e7\u00f5es acesse o FAQ<\/p>\n<p>&nbsp;<\/p>\n","protected":false},"excerpt":{"rendered":"<p>O Governo Federal por meio de uma parceria entre os Minist\u00e9rios da Educa\u00e7\u00e3o e da Economia, inicia, a partir desta ter\u00e7a-feira (9), o per\u00edodo de inscri\u00e7\u00e3o no programa Qualifica Mais-Emprega Mais, uma iniciativa para oferta de cursos de qualifica\u00e7\u00e3o profissional.<\/p>\n","protected":false},"author":4,"featured_media":0,"comment_status":"closed","ping_status":"closed","sticky":false,"template":"","format":"standard","meta":{"footnotes":"","_links_to":"","_links_to_target":""},"categories":[9],"tags":[],"class_list":["post-13656","post","type-post","status-publish","format-standard","hentry","category-noticias-da-imprensa"],"yoast_head":"<!-- This site is optimized with the Yoast SEO plugin v15.1 - https:\/\/yoast.com\/wordpress\/plugins\/seo\/ -->\n<title>MEC E ME lan\u00e7am projeto de qualifica\u00e7\u00e3o voltado para a empregabilidade dos jovens &raquo; Abrelivros<\/title>\n<meta name=\"robots\" content=\"index, follow, max-snippet:-1, max-image-preview:large, max-video-preview:-1\" \/>\n<link rel=\"canonical\" href=\"https:\/\/abrelivros.org.br\/site\/mec-e-me-lancam-projeto-de-qualificacao-voltado-para-a-empregabilidade-dos-jovens\/\" \/>\n<meta property=\"og:locale\" content=\"pt_BR\" \/>\n<meta property=\"og:type\" content=\"article\" \/>\n<meta property=\"og:title\" content=\"MEC E ME lan\u00e7am projeto de qualifica\u00e7\u00e3o voltado para a empregabilidade dos jovens &raquo; Abrelivros\" \/>\n<meta property=\"og:description\" content=\"O Governo Federal por meio de uma parceria entre os Minist\u00e9rios da Educa\u00e7\u00e3o e da Economia, inicia, a partir desta ter\u00e7a-feira (9), o per\u00edodo de inscri\u00e7\u00e3o no programa Qualifica Mais-Emprega Mais, uma iniciativa para oferta de cursos de qualifica\u00e7\u00e3o profissional.\" \/>\n<meta property=\"og:url\" content=\"https:\/\/abrelivros.org.br\/site\/mec-e-me-lancam-projeto-de-qualificacao-voltado-para-a-empregabilidade-dos-jovens\/\" \/>\n<meta property=\"og:site_name\" content=\"Abrelivros\" \/>\n<meta property=\"article:published_time\" content=\"2021-04-06T17:31:56+00:00\" \/>\n<meta name=\"twitter:card\" content=\"summary_large_image\" \/>\n<script type=\"application\/ld+json\" class=\"yoast-schema-graph\">{\"@context\":\"https:\/\/schema.org\",\"@graph\":[{\"@type\":\"WebSite\",\"@id\":\"https:\/\/abrelivros.org.br\/site\/#website\",\"url\":\"https:\/\/abrelivros.org.br\/site\/\",\"name\":\"Abrelivros\",\"description\":\"\",\"potentialAction\":[{\"@type\":\"SearchAction\",\"target\":\"https:\/\/abrelivros.org.br\/site\/?s={search_term_string}\",\"query-input\":\"required name=search_term_string\"}],\"inLanguage\":\"pt-BR\"},{\"@type\":\"WebPage\",\"@id\":\"https:\/\/abrelivros.org.br\/site\/mec-e-me-lancam-projeto-de-qualificacao-voltado-para-a-empregabilidade-dos-jovens\/#webpage\",\"url\":\"https:\/\/abrelivros.org.br\/site\/mec-e-me-lancam-projeto-de-qualificacao-voltado-para-a-empregabilidade-dos-jovens\/\",\"name\":\"MEC E ME lan\\u00e7am projeto de qualifica\\u00e7\\u00e3o voltado para a empregabilidade dos jovens &raquo; Abrelivros\",\"isPartOf\":{\"@id\":\"https:\/\/abrelivros.org.br\/site\/#website\"},\"datePublished\":\"2021-04-06T17:31:56+00:00\",\"dateModified\":\"2021-04-06T17:31:56+00:00\",\"author\":{\"@id\":\"https:\/\/abrelivros.org.br\/site\/#\/schema\/person\/65db80e26409802ce15ac5feec6a15fd\"},\"breadcrumb\":{\"@id\":\"https:\/\/abrelivros.org.br\/site\/mec-e-me-lancam-projeto-de-qualificacao-voltado-para-a-empregabilidade-dos-jovens\/#breadcrumb\"},\"inLanguage\":\"pt-BR\",\"potentialAction\":[{\"@type\":\"ReadAction\",\"target\":[\"https:\/\/abrelivros.org.br\/site\/mec-e-me-lancam-projeto-de-qualificacao-voltado-para-a-empregabilidade-dos-jovens\/\"]}]},{\"@type\":\"BreadcrumbList\",\"@id\":\"https:\/\/abrelivros.org.br\/site\/mec-e-me-lancam-projeto-de-qualificacao-voltado-para-a-empregabilidade-dos-jovens\/#breadcrumb\",\"itemListElement\":[{\"@type\":\"ListItem\",\"position\":1,\"item\":{\"@type\":\"WebPage\",\"@id\":\"https:\/\/abrelivros.org.br\/site\/\",\"url\":\"https:\/\/abrelivros.org.br\/site\/\",\"name\":\"In\\u00edcio\"}},{\"@type\":\"ListItem\",\"position\":2,\"item\":{\"@type\":\"WebPage\",\"@id\":\"https:\/\/abrelivros.org.br\/site\/category\/noticias\/\",\"url\":\"https:\/\/abrelivros.org.br\/site\/category\/noticias\/\",\"name\":\"Not\\u00edcias\"}},{\"@type\":\"ListItem\",\"position\":3,\"item\":{\"@type\":\"WebPage\",\"@id\":\"https:\/\/abrelivros.org.br\/site\/category\/noticias\/noticias-da-imprensa\/\",\"url\":\"https:\/\/abrelivros.org.br\/site\/category\/noticias\/noticias-da-imprensa\/\",\"name\":\"Not\\u00edcias da imprensa\"}},{\"@type\":\"ListItem\",\"position\":4,\"item\":{\"@type\":\"WebPage\",\"@id\":\"https:\/\/abrelivros.org.br\/site\/mec-e-me-lancam-projeto-de-qualificacao-voltado-para-a-empregabilidade-dos-jovens\/\",\"url\":\"https:\/\/abrelivros.org.br\/site\/mec-e-me-lancam-projeto-de-qualificacao-voltado-para-a-empregabilidade-dos-jovens\/\",\"name\":\"MEC E ME lan\\u00e7am projeto de qualifica\\u00e7\\u00e3o voltado para a empregabilidade dos jovens\"}}]},{\"@type\":\"Person\",\"@id\":\"https:\/\/abrelivros.org.br\/site\/#\/schema\/person\/65db80e26409802ce15ac5feec6a15fd\",\"name\":\"Reda\\u00e7\\u00e3o Abrelivros\",\"image\":{\"@type\":\"ImageObject\",\"@id\":\"https:\/\/abrelivros.org.br\/site\/#personlogo\",\"inLanguage\":\"pt-BR\",\"url\":\"https:\/\/secure.gravatar.com\/avatar\/c4e57f9c7e3482965bd428192061218520756c39080b1d1820b679fa5e9af192?s=96&d=mm&r=g\",\"caption\":\"Reda\\u00e7\\u00e3o Abrelivros\"}}]}<\/script>\n<!-- \/ Yoast SEO plugin. -->","_links":{"self":[{"href":"https:\/\/abrelivros.org.br\/site\/wp-json\/wp\/v2\/posts\/13656","targetHints":{"allow":["GET"]}}],"collection":[{"href":"https:\/\/abrelivros.org.br\/site\/wp-json\/wp\/v2\/posts"}],"about":[{"href":"https:\/\/abrelivros.org.br\/site\/wp-json\/wp\/v2\/types\/post"}],"author":[{"embeddable":true,"href":"https:\/\/abrelivros.org.br\/site\/wp-json\/wp\/v2\/users\/4"}],"replies":[{"embeddable":true,"href":"https:\/\/abrelivros.org.br\/site\/wp-json\/wp\/v2\/comments?post=13656"}],"version-history":[{"count":1,"href":"https:\/\/abrelivros.org.br\/site\/wp-json\/wp\/v2\/posts\/13656\/revisions"}],"predecessor-version":[{"id":13657,"href":"https:\/\/abrelivros.org.br\/site\/wp-json\/wp\/v2\/posts\/13656\/revisions\/13657"}],"wp:attachment":[{"href":"https:\/\/abrelivros.org.br\/site\/wp-json\/wp\/v2\/media?parent=13656"}],"wp:term":[{"taxonomy":"category","embeddable":true,"href":"https:\/\/abrelivros.org.br\/site\/wp-json\/wp\/v2\/categories?post=13656"},{"taxonomy":"post_tag","embeddable":true,"href":"https:\/\/abrelivros.org.br\/site\/wp-json\/wp\/v2\/tags?post=13656"}],"curies":[{"name":"wp","href":"https:\/\/api.w.org\/{rel}","templated":true}]}}