{"id":13654,"date":"2021-04-06T14:30:36","date_gmt":"2021-04-06T17:30:36","guid":{"rendered":"https:\/\/abrelivros.org.br\/site\/?p=13654"},"modified":"2021-04-06T14:30:36","modified_gmt":"2021-04-06T17:30:36","slug":"curso-praticas-de-alfabetizacao-alcanca-5-milhoes-de-acessos","status":"publish","type":"post","link":"https:\/\/abrelivros.org.br\/site\/curso-praticas-de-alfabetizacao-alcanca-5-milhoes-de-acessos\/","title":{"rendered":"Curso Pr\u00e1ticas de Alfabetiza\u00e7\u00e3o alcan\u00e7a 5 milh\u00f5es de acessos"},"content":{"rendered":"<p>O Curso Pr\u00e1ticas de Alfabetiza\u00e7\u00e3o j\u00e1 foi acessado por cerca de 5 milh\u00f5es de usu\u00e1rios e obteve mais de 350 mil inscritos somente em um ano, desde seu lan\u00e7amento. Essa \u00e9 mais uma a\u00e7\u00e3o do Minist\u00e9rio da Educa\u00e7\u00e3o (MEC), por meio da Secretaria de Alfabetiza\u00e7\u00e3o (Sealf).<!--more--> Em fevereiro de 2020, o Minist\u00e9rio disponibilizou o curso contendo sete m\u00f3dulos que contemplam os componentes essenciais para o ensino e aprendizagem da leitura e da escrita, inspirados nas mais robustas e recentes evid\u00eancias cient\u00edficas. O Curso visa preparar alfabetizadores infantis e estudantes de licenciatura, mas seu conte\u00fado pode ser compreendido por um p\u00fablico mais abrangente. Por isso, o MEC liberou as inscri\u00e7\u00f5es para qualquer interessado. Assim, foi poss\u00edvel oferecer recursos de apoio principalmente para crian\u00e7as na primeira inf\u00e2ncia, pois elas s\u00e3o as que mais sofrem as consequ\u00eancias da suspens\u00e3o das aulas presenciais determinadas por estados e munic\u00edpios por causa da pandemia de COVID-19. As inscri\u00e7\u00f5es para o curso continuam abertas. Al\u00e9m de ser o mais acessado tamb\u00e9m \u00e9 o curso mais bem avaliado do Portal Avamec.<\/p>\n<p>Tamb\u00e9m s\u00e3o oferecidos online os cursos de Pr\u00e1ticas de Produ\u00e7\u00e3o de Texto e Alfabetiza\u00e7\u00e3o Baseada na Ci\u00eancia (ABC).<\/p>\n<p>Inspirado na obra do professor Eurico Back, o Curso Pr\u00e1ticas de Produ\u00e7\u00e3o de Texto foi desenvolvido inicialmente para professores e o seu desenho pr\u00e1tico e objetivo tamb\u00e9m permite que ele seja acess\u00edvel para qualquer cidad\u00e3o interessado. Atualmente possui mais de 55 mil inscritos e mais de 400 mil acessos.<\/p>\n<p>J\u00e1 o Curso de Alfabetiza\u00e7\u00e3o Baseada na Ci\u00eancia (ABC) foi desenvolvido, com o apoio da Capes, na forma de interc\u00e2mbio com a Faculdade de Psicologia e de Ci\u00eancias da Educa\u00e7\u00e3o da Universidade do Porto (FPCEUP) e com o Instituto Polit\u00e9cnico do Porto (IPP). A a\u00e7\u00e3o prev\u00ea o envio de professores brasileiros para Portugal para receberem as forma\u00e7\u00f5es.<\/p>\n<p>Entretanto, devido \u00e0s medidas tomadas em raz\u00e3o da crise sanit\u00e1ria, o MEC antecipou o lan\u00e7amento da vers\u00e3o online, que foi disponibilizada em dezembro de 2020. Hoje, o curso ABC j\u00e1 conta com mais de 2 milh\u00f5es de acessos e mais de 160 mil inscritos.<\/p>\n<p>Todos esses cursos integram o eixo de forma\u00e7\u00e3o continuada de professores do programa Tempo de Aprender e podem ser encontrados no Ambiente Virtual de Aprendizagem (Avamec) de forma inteiramente gratuita.<\/p>\n","protected":false},"excerpt":{"rendered":"<p>O Curso Pr\u00e1ticas de Alfabetiza\u00e7\u00e3o j\u00e1 foi acessado por cerca de 5 milh\u00f5es de usu\u00e1rios e obteve mais de 350 mil inscritos somente em um ano, desde seu lan\u00e7amento. Essa \u00e9 mais uma a\u00e7\u00e3o do Minist\u00e9rio da Educa\u00e7\u00e3o (MEC), por meio da Secretaria de Alfabetiza\u00e7\u00e3o (Sealf).<\/p>\n","protected":false},"author":4,"featured_media":0,"comment_status":"closed","ping_status":"closed","sticky":false,"template":"","format":"standard","meta":{"footnotes":"","_links_to":"","_links_to_target":""},"categories":[9],"tags":[],"class_list":["post-13654","post","type-post","status-publish","format-standard","hentry","category-noticias-da-imprensa"],"yoast_head":"<!-- This site is optimized with the Yoast SEO plugin v15.1 - https:\/\/yoast.com\/wordpress\/plugins\/seo\/ -->\n<title>Curso Pr\u00e1ticas de Alfabetiza\u00e7\u00e3o alcan\u00e7a 5 milh\u00f5es de acessos &raquo; Abrelivros<\/title>\n<meta name=\"robots\" content=\"index, follow, max-snippet:-1, max-image-preview:large, max-video-preview:-1\" \/>\n<link rel=\"canonical\" href=\"https:\/\/abrelivros.org.br\/site\/curso-praticas-de-alfabetizacao-alcanca-5-milhoes-de-acessos\/\" \/>\n<meta property=\"og:locale\" content=\"pt_BR\" \/>\n<meta property=\"og:type\" content=\"article\" \/>\n<meta property=\"og:title\" content=\"Curso Pr\u00e1ticas de Alfabetiza\u00e7\u00e3o alcan\u00e7a 5 milh\u00f5es de acessos &raquo; Abrelivros\" \/>\n<meta property=\"og:description\" content=\"O Curso Pr\u00e1ticas de Alfabetiza\u00e7\u00e3o j\u00e1 foi acessado por cerca de 5 milh\u00f5es de usu\u00e1rios e obteve mais de 350 mil inscritos somente em um ano, desde seu lan\u00e7amento. Essa \u00e9 mais uma a\u00e7\u00e3o do Minist\u00e9rio da Educa\u00e7\u00e3o (MEC), por meio da Secretaria de Alfabetiza\u00e7\u00e3o (Sealf).\" \/>\n<meta property=\"og:url\" content=\"https:\/\/abrelivros.org.br\/site\/curso-praticas-de-alfabetizacao-alcanca-5-milhoes-de-acessos\/\" \/>\n<meta property=\"og:site_name\" content=\"Abrelivros\" \/>\n<meta property=\"article:published_time\" content=\"2021-04-06T17:30:36+00:00\" \/>\n<meta name=\"twitter:card\" content=\"summary_large_image\" \/>\n<script type=\"application\/ld+json\" class=\"yoast-schema-graph\">{\"@context\":\"https:\/\/schema.org\",\"@graph\":[{\"@type\":\"WebSite\",\"@id\":\"https:\/\/abrelivros.org.br\/site\/#website\",\"url\":\"https:\/\/abrelivros.org.br\/site\/\",\"name\":\"Abrelivros\",\"description\":\"\",\"potentialAction\":[{\"@type\":\"SearchAction\",\"target\":\"https:\/\/abrelivros.org.br\/site\/?s={search_term_string}\",\"query-input\":\"required name=search_term_string\"}],\"inLanguage\":\"pt-BR\"},{\"@type\":\"WebPage\",\"@id\":\"https:\/\/abrelivros.org.br\/site\/curso-praticas-de-alfabetizacao-alcanca-5-milhoes-de-acessos\/#webpage\",\"url\":\"https:\/\/abrelivros.org.br\/site\/curso-praticas-de-alfabetizacao-alcanca-5-milhoes-de-acessos\/\",\"name\":\"Curso Pr\\u00e1ticas de Alfabetiza\\u00e7\\u00e3o alcan\\u00e7a 5 milh\\u00f5es de acessos &raquo; Abrelivros\",\"isPartOf\":{\"@id\":\"https:\/\/abrelivros.org.br\/site\/#website\"},\"datePublished\":\"2021-04-06T17:30:36+00:00\",\"dateModified\":\"2021-04-06T17:30:36+00:00\",\"author\":{\"@id\":\"https:\/\/abrelivros.org.br\/site\/#\/schema\/person\/65db80e26409802ce15ac5feec6a15fd\"},\"breadcrumb\":{\"@id\":\"https:\/\/abrelivros.org.br\/site\/curso-praticas-de-alfabetizacao-alcanca-5-milhoes-de-acessos\/#breadcrumb\"},\"inLanguage\":\"pt-BR\",\"potentialAction\":[{\"@type\":\"ReadAction\",\"target\":[\"https:\/\/abrelivros.org.br\/site\/curso-praticas-de-alfabetizacao-alcanca-5-milhoes-de-acessos\/\"]}]},{\"@type\":\"BreadcrumbList\",\"@id\":\"https:\/\/abrelivros.org.br\/site\/curso-praticas-de-alfabetizacao-alcanca-5-milhoes-de-acessos\/#breadcrumb\",\"itemListElement\":[{\"@type\":\"ListItem\",\"position\":1,\"item\":{\"@type\":\"WebPage\",\"@id\":\"https:\/\/abrelivros.org.br\/site\/\",\"url\":\"https:\/\/abrelivros.org.br\/site\/\",\"name\":\"In\\u00edcio\"}},{\"@type\":\"ListItem\",\"position\":2,\"item\":{\"@type\":\"WebPage\",\"@id\":\"https:\/\/abrelivros.org.br\/site\/category\/noticias\/\",\"url\":\"https:\/\/abrelivros.org.br\/site\/category\/noticias\/\",\"name\":\"Not\\u00edcias\"}},{\"@type\":\"ListItem\",\"position\":3,\"item\":{\"@type\":\"WebPage\",\"@id\":\"https:\/\/abrelivros.org.br\/site\/category\/noticias\/noticias-da-imprensa\/\",\"url\":\"https:\/\/abrelivros.org.br\/site\/category\/noticias\/noticias-da-imprensa\/\",\"name\":\"Not\\u00edcias da imprensa\"}},{\"@type\":\"ListItem\",\"position\":4,\"item\":{\"@type\":\"WebPage\",\"@id\":\"https:\/\/abrelivros.org.br\/site\/curso-praticas-de-alfabetizacao-alcanca-5-milhoes-de-acessos\/\",\"url\":\"https:\/\/abrelivros.org.br\/site\/curso-praticas-de-alfabetizacao-alcanca-5-milhoes-de-acessos\/\",\"name\":\"Curso Pr\\u00e1ticas de Alfabetiza\\u00e7\\u00e3o alcan\\u00e7a 5 milh\\u00f5es de acessos\"}}]},{\"@type\":\"Person\",\"@id\":\"https:\/\/abrelivros.org.br\/site\/#\/schema\/person\/65db80e26409802ce15ac5feec6a15fd\",\"name\":\"Reda\\u00e7\\u00e3o Abrelivros\",\"image\":{\"@type\":\"ImageObject\",\"@id\":\"https:\/\/abrelivros.org.br\/site\/#personlogo\",\"inLanguage\":\"pt-BR\",\"url\":\"https:\/\/secure.gravatar.com\/avatar\/c4e57f9c7e3482965bd428192061218520756c39080b1d1820b679fa5e9af192?s=96&d=mm&r=g\",\"caption\":\"Reda\\u00e7\\u00e3o Abrelivros\"}}]}<\/script>\n<!-- \/ Yoast SEO plugin. -->","_links":{"self":[{"href":"https:\/\/abrelivros.org.br\/site\/wp-json\/wp\/v2\/posts\/13654","targetHints":{"allow":["GET"]}}],"collection":[{"href":"https:\/\/abrelivros.org.br\/site\/wp-json\/wp\/v2\/posts"}],"about":[{"href":"https:\/\/abrelivros.org.br\/site\/wp-json\/wp\/v2\/types\/post"}],"author":[{"embeddable":true,"href":"https:\/\/abrelivros.org.br\/site\/wp-json\/wp\/v2\/users\/4"}],"replies":[{"embeddable":true,"href":"https:\/\/abrelivros.org.br\/site\/wp-json\/wp\/v2\/comments?post=13654"}],"version-history":[{"count":1,"href":"https:\/\/abrelivros.org.br\/site\/wp-json\/wp\/v2\/posts\/13654\/revisions"}],"predecessor-version":[{"id":13655,"href":"https:\/\/abrelivros.org.br\/site\/wp-json\/wp\/v2\/posts\/13654\/revisions\/13655"}],"wp:attachment":[{"href":"https:\/\/abrelivros.org.br\/site\/wp-json\/wp\/v2\/media?parent=13654"}],"wp:term":[{"taxonomy":"category","embeddable":true,"href":"https:\/\/abrelivros.org.br\/site\/wp-json\/wp\/v2\/categories?post=13654"},{"taxonomy":"post_tag","embeddable":true,"href":"https:\/\/abrelivros.org.br\/site\/wp-json\/wp\/v2\/tags?post=13654"}],"curies":[{"name":"wp","href":"https:\/\/api.w.org\/{rel}","templated":true}]}}