{"id":13643,"date":"2021-04-05T14:43:58","date_gmt":"2021-04-05T17:43:58","guid":{"rendered":"https:\/\/abrelivros.org.br\/site\/?p=13643"},"modified":"2021-04-05T14:43:58","modified_gmt":"2021-04-05T17:43:58","slug":"radar-de-licitacoes-semana-de-29-03-a-02-04","status":"publish","type":"post","link":"https:\/\/abrelivros.org.br\/site\/radar-de-licitacoes-semana-de-29-03-a-02-04\/","title":{"rendered":"Radar de Licita\u00e7\u00f5es &#8211; semana de 29\/03 a 02\/04"},"content":{"rendered":"<p>O Radar de Licita\u00e7\u00f5es desta semana informa sobre editais para compras de livros jur\u00eddicos por estados da regi\u00e3o Norte<\/p>\n<p>Nesta semana, o Radar de Licita\u00e7\u00f5es, se\u00e7\u00e3o fixa do PublishNews+, informa sobre dois editais para compras de livros jur\u00eddicos por estados da regi\u00e3o Norte.<!--more--> O primeiro tem por objeto registro de pre\u00e7os, visando aquisi\u00e7\u00e3o futura e eventual de livros nacionais e o segundo, prev\u00ea a contrata\u00e7\u00e3o de empresa para o fornecimento de material bibliogr\u00e1fico e multimeios nacionais dispon\u00edveis no mercado interno (livros, audiovisuais, cd-room, e-books e outros suportes). O Radar de Licita\u00e7\u00f5es \u00e9 um servi\u00e7o do PublishNews+, \u00e1rea exclusiva de assinantes do PublishNews, em parceria com Nat\u00e1lia Vieira. Para acessar o Radar dessa semana, <a href=\"https:\/\/pnmais.com\/assinaturas\/?r=1141&amp;wcm_redirect_to=post&amp;wcm_redirect_id=1141\" target=\"_blank\" rel=\"noopener noreferrer\">clique aqui<\/a>.<\/p>\n","protected":false},"excerpt":{"rendered":"<p>O Radar de Licita\u00e7\u00f5es desta semana informa sobre editais para compras de livros jur\u00eddicos por estados da regi\u00e3o Norte Nesta semana, o Radar de Licita\u00e7\u00f5es, se\u00e7\u00e3o fixa do PublishNews+, informa sobre dois editais para compras de livros jur\u00eddicos por estados da regi\u00e3o Norte.<\/p>\n","protected":false},"author":4,"featured_media":0,"comment_status":"closed","ping_status":"closed","sticky":false,"template":"","format":"standard","meta":{"footnotes":"","_links_to":"","_links_to_target":""},"categories":[9],"tags":[],"class_list":["post-13643","post","type-post","status-publish","format-standard","hentry","category-noticias-da-imprensa"],"yoast_head":"<!-- This site is optimized with the Yoast SEO plugin v15.1 - https:\/\/yoast.com\/wordpress\/plugins\/seo\/ -->\n<title>Radar de Licita\u00e7\u00f5es - semana de 29\/03 a 02\/04 &raquo; Abrelivros<\/title>\n<meta name=\"robots\" content=\"index, follow, max-snippet:-1, max-image-preview:large, max-video-preview:-1\" \/>\n<link rel=\"canonical\" href=\"https:\/\/abrelivros.org.br\/site\/radar-de-licitacoes-semana-de-29-03-a-02-04\/\" \/>\n<meta property=\"og:locale\" content=\"pt_BR\" \/>\n<meta property=\"og:type\" content=\"article\" \/>\n<meta property=\"og:title\" content=\"Radar de Licita\u00e7\u00f5es - semana de 29\/03 a 02\/04 &raquo; Abrelivros\" \/>\n<meta property=\"og:description\" content=\"O Radar de Licita\u00e7\u00f5es desta semana informa sobre editais para compras de livros jur\u00eddicos por estados da regi\u00e3o Norte Nesta semana, o Radar de Licita\u00e7\u00f5es, se\u00e7\u00e3o fixa do PublishNews+, informa sobre dois editais para compras de livros jur\u00eddicos por estados da regi\u00e3o Norte.\" \/>\n<meta property=\"og:url\" content=\"https:\/\/abrelivros.org.br\/site\/radar-de-licitacoes-semana-de-29-03-a-02-04\/\" \/>\n<meta property=\"og:site_name\" content=\"Abrelivros\" \/>\n<meta property=\"article:published_time\" content=\"2021-04-05T17:43:58+00:00\" \/>\n<meta name=\"twitter:card\" content=\"summary_large_image\" \/>\n<script type=\"application\/ld+json\" class=\"yoast-schema-graph\">{\"@context\":\"https:\/\/schema.org\",\"@graph\":[{\"@type\":\"WebSite\",\"@id\":\"https:\/\/abrelivros.org.br\/site\/#website\",\"url\":\"https:\/\/abrelivros.org.br\/site\/\",\"name\":\"Abrelivros\",\"description\":\"\",\"potentialAction\":[{\"@type\":\"SearchAction\",\"target\":\"https:\/\/abrelivros.org.br\/site\/?s={search_term_string}\",\"query-input\":\"required name=search_term_string\"}],\"inLanguage\":\"pt-BR\"},{\"@type\":\"WebPage\",\"@id\":\"https:\/\/abrelivros.org.br\/site\/radar-de-licitacoes-semana-de-29-03-a-02-04\/#webpage\",\"url\":\"https:\/\/abrelivros.org.br\/site\/radar-de-licitacoes-semana-de-29-03-a-02-04\/\",\"name\":\"Radar de Licita\\u00e7\\u00f5es - semana de 29\/03 a 02\/04 &raquo; Abrelivros\",\"isPartOf\":{\"@id\":\"https:\/\/abrelivros.org.br\/site\/#website\"},\"datePublished\":\"2021-04-05T17:43:58+00:00\",\"dateModified\":\"2021-04-05T17:43:58+00:00\",\"author\":{\"@id\":\"https:\/\/abrelivros.org.br\/site\/#\/schema\/person\/65db80e26409802ce15ac5feec6a15fd\"},\"breadcrumb\":{\"@id\":\"https:\/\/abrelivros.org.br\/site\/radar-de-licitacoes-semana-de-29-03-a-02-04\/#breadcrumb\"},\"inLanguage\":\"pt-BR\",\"potentialAction\":[{\"@type\":\"ReadAction\",\"target\":[\"https:\/\/abrelivros.org.br\/site\/radar-de-licitacoes-semana-de-29-03-a-02-04\/\"]}]},{\"@type\":\"BreadcrumbList\",\"@id\":\"https:\/\/abrelivros.org.br\/site\/radar-de-licitacoes-semana-de-29-03-a-02-04\/#breadcrumb\",\"itemListElement\":[{\"@type\":\"ListItem\",\"position\":1,\"item\":{\"@type\":\"WebPage\",\"@id\":\"https:\/\/abrelivros.org.br\/site\/\",\"url\":\"https:\/\/abrelivros.org.br\/site\/\",\"name\":\"In\\u00edcio\"}},{\"@type\":\"ListItem\",\"position\":2,\"item\":{\"@type\":\"WebPage\",\"@id\":\"https:\/\/abrelivros.org.br\/site\/category\/noticias\/\",\"url\":\"https:\/\/abrelivros.org.br\/site\/category\/noticias\/\",\"name\":\"Not\\u00edcias\"}},{\"@type\":\"ListItem\",\"position\":3,\"item\":{\"@type\":\"WebPage\",\"@id\":\"https:\/\/abrelivros.org.br\/site\/category\/noticias\/noticias-da-imprensa\/\",\"url\":\"https:\/\/abrelivros.org.br\/site\/category\/noticias\/noticias-da-imprensa\/\",\"name\":\"Not\\u00edcias da imprensa\"}},{\"@type\":\"ListItem\",\"position\":4,\"item\":{\"@type\":\"WebPage\",\"@id\":\"https:\/\/abrelivros.org.br\/site\/radar-de-licitacoes-semana-de-29-03-a-02-04\/\",\"url\":\"https:\/\/abrelivros.org.br\/site\/radar-de-licitacoes-semana-de-29-03-a-02-04\/\",\"name\":\"Radar de Licita\\u00e7\\u00f5es &#8211; semana de 29\/03 a 02\/04\"}}]},{\"@type\":\"Person\",\"@id\":\"https:\/\/abrelivros.org.br\/site\/#\/schema\/person\/65db80e26409802ce15ac5feec6a15fd\",\"name\":\"Reda\\u00e7\\u00e3o Abrelivros\",\"image\":{\"@type\":\"ImageObject\",\"@id\":\"https:\/\/abrelivros.org.br\/site\/#personlogo\",\"inLanguage\":\"pt-BR\",\"url\":\"https:\/\/secure.gravatar.com\/avatar\/c4e57f9c7e3482965bd428192061218520756c39080b1d1820b679fa5e9af192?s=96&d=mm&r=g\",\"caption\":\"Reda\\u00e7\\u00e3o Abrelivros\"}}]}<\/script>\n<!-- \/ Yoast SEO plugin. -->","_links":{"self":[{"href":"https:\/\/abrelivros.org.br\/site\/wp-json\/wp\/v2\/posts\/13643","targetHints":{"allow":["GET"]}}],"collection":[{"href":"https:\/\/abrelivros.org.br\/site\/wp-json\/wp\/v2\/posts"}],"about":[{"href":"https:\/\/abrelivros.org.br\/site\/wp-json\/wp\/v2\/types\/post"}],"author":[{"embeddable":true,"href":"https:\/\/abrelivros.org.br\/site\/wp-json\/wp\/v2\/users\/4"}],"replies":[{"embeddable":true,"href":"https:\/\/abrelivros.org.br\/site\/wp-json\/wp\/v2\/comments?post=13643"}],"version-history":[{"count":1,"href":"https:\/\/abrelivros.org.br\/site\/wp-json\/wp\/v2\/posts\/13643\/revisions"}],"predecessor-version":[{"id":13644,"href":"https:\/\/abrelivros.org.br\/site\/wp-json\/wp\/v2\/posts\/13643\/revisions\/13644"}],"wp:attachment":[{"href":"https:\/\/abrelivros.org.br\/site\/wp-json\/wp\/v2\/media?parent=13643"}],"wp:term":[{"taxonomy":"category","embeddable":true,"href":"https:\/\/abrelivros.org.br\/site\/wp-json\/wp\/v2\/categories?post=13643"},{"taxonomy":"post_tag","embeddable":true,"href":"https:\/\/abrelivros.org.br\/site\/wp-json\/wp\/v2\/tags?post=13643"}],"curies":[{"name":"wp","href":"https:\/\/api.w.org\/{rel}","templated":true}]}}