{"id":13637,"date":"2021-04-05T14:36:03","date_gmt":"2021-04-05T17:36:03","guid":{"rendered":"https:\/\/abrelivros.org.br\/site\/?p=13637"},"modified":"2021-04-05T14:36:03","modified_gmt":"2021-04-05T17:36:03","slug":"segundo-dia-do-webinario-programa-brasil-na-escola-contou-com-a-participacao-do-ministro-da-educacao","status":"publish","type":"post","link":"https:\/\/abrelivros.org.br\/site\/segundo-dia-do-webinario-programa-brasil-na-escola-contou-com-a-participacao-do-ministro-da-educacao\/","title":{"rendered":"Segundo dia do Webin\u00e1rio Programa Brasil na Escola contou com a participa\u00e7\u00e3o do Ministro da Educa\u00e7\u00e3o"},"content":{"rendered":"<p>Nesta quinta-feira (01), o Minist\u00e9rio de Educa\u00e7\u00e3o realizou o segundo dia do Webn\u00e1rio de lan\u00e7amento do Programa Brasil na Escola. O evento aconteceu nas depend\u00eancias do minist\u00e9rio e foi transmitido pelo YouTube, no canal do Minist\u00e9rio.<!--more--> Participaram o Diretor Pol\u00edticas e Diretrizes da Educa\u00e7\u00e3o B\u00e1sica, Helber Vieria; o Secret\u00e1rio Substituto de Educa\u00e7\u00e3o B\u00e1sica, professor Mauro Rabelo; Melissa Aldeman e Robert Hawkin representantes do Banco Mundial; \u00cdtalo Dutra representante da UNICEF; Emilio Munaro representante do Instituto Ayrton Senna; Al\u00e9ssio Costa representante da UNDIME; e o ministro da educa\u00e7\u00e3o, Milton Ribeiro.<\/p>\n<p>No segundo dia, foram apresentados os eixos estruturantes do programa e toda a assist\u00eancia t\u00e9cnica que o MEC traz para as escolas de ensino fundamental de anos finais, e as perspectivas de valoriza\u00e7\u00e3o e tamb\u00e9m de inova\u00e7\u00e3o dessa etapa.<\/p>\n<p>Para encerrar o evento, o ministro, de forma online, elogiou o objetivo do programa e a a\u00e7\u00e3o da secretaria de educa\u00e7\u00e3o b\u00e1sica. \u201cEm primeiro lugar eu gostaria de registrar aqui que eu fico muito contente e feliz com a iniciativa da secretaria em buscar, um mundo com tantas perguntas, uma solu\u00e7\u00e3o para esse problema t\u00e3o serio que \u00e9 a evas\u00e3o escolar. Esse \u00e9 um dia muito significativo para a educa\u00e7\u00e3o brasileira, porque tudo que diz respeito a educa\u00e7\u00e3o, crian\u00e7as e jovens, o que diz respeito ao Brasil, um Brasil diferente que n\u00f3s queremos. Esse Programa Brasil na Escola \u00e9 de extrema relev\u00e2ncia, porque tem a finalidade de lan\u00e7ar mais luz sobre aspectos espec\u00edficos dos anos finais do ensino fundamental, ampliando assim a possibilidade de discurs\u00e3o e aprofundamento da compreens\u00e3o dos indicadores referentes a esse recorte especifico do universo educacional brasileiro.\u201d<\/p>\n<p><strong>Programa Brasil na Escola<\/strong><\/p>\n<p>Est\u00e1 estruturado em tr\u00eas eixos: apoio t\u00e9cnico e financeiro \u00e0s escolas, com investimentos de R$ 200 milh\u00f5es, a cada dois anos, beneficiando 1 milh\u00e3o de estudantes em 5 mil escolas. No segundo eixo, a valoriza\u00e7\u00e3o de boas pr\u00e1ticas, ser\u00e3o destinados R$ 50 milh\u00f5es, a cada dois anos, contemplando 10 mil escolas.<\/p>\n<p>Para o terceiro eixo, inova\u00e7\u00e3o, est\u00e1 prevista, por meio de edital, a sele\u00e7\u00e3o de escolas para participarem dessa etapa. Os beneficiados ainda n\u00e3o foram definidos. A ideia \u00e9 atender, em princ\u00edpio, 54 escolas, que poder\u00e3o receber R$ 100mil por ano, durante 5 anos. Esse valor, ainda n\u00e3o definido, dever\u00e1 totalizar cerca de R$ 5,4 milh\u00f5es.<\/p>\n<p>Visando melhorar a qualidade do ensino e, ao mesmo tempo, ampliar a execu\u00e7\u00e3o das metas do Plano Nacional de Educa\u00e7\u00e3o (PNE), sobretudo para os anos finais, o programa busca delinear a pol\u00edtica educacional. A ideia tamb\u00e9m \u00e9 incentivar a progress\u00e3o escolar com igualdade. Seu objetivo principal \u00e9 induzir e fomentar a perman\u00eancia, as aprendizagens e a progress\u00e3o escolar com equidade e na idade adequada dos estudantes matriculados nos anos finais do ensino fundamental.<\/p>\n","protected":false},"excerpt":{"rendered":"<p>Nesta quinta-feira (01), o Minist\u00e9rio de Educa\u00e7\u00e3o realizou o segundo dia do Webn\u00e1rio de lan\u00e7amento do Programa Brasil na Escola. O evento aconteceu nas depend\u00eancias do minist\u00e9rio e foi transmitido pelo YouTube, no canal do Minist\u00e9rio.<\/p>\n","protected":false},"author":4,"featured_media":0,"comment_status":"closed","ping_status":"closed","sticky":false,"template":"","format":"standard","meta":{"footnotes":"","_links_to":"","_links_to_target":""},"categories":[9],"tags":[],"class_list":["post-13637","post","type-post","status-publish","format-standard","hentry","category-noticias-da-imprensa"],"yoast_head":"<!-- This site is optimized with the Yoast SEO plugin v15.1 - https:\/\/yoast.com\/wordpress\/plugins\/seo\/ -->\n<title>Segundo dia do Webin\u00e1rio Programa Brasil na Escola contou com a participa\u00e7\u00e3o do Ministro da Educa\u00e7\u00e3o &raquo; Abrelivros<\/title>\n<meta name=\"robots\" content=\"index, follow, max-snippet:-1, max-image-preview:large, max-video-preview:-1\" \/>\n<link rel=\"canonical\" href=\"https:\/\/abrelivros.org.br\/site\/segundo-dia-do-webinario-programa-brasil-na-escola-contou-com-a-participacao-do-ministro-da-educacao\/\" \/>\n<meta property=\"og:locale\" content=\"pt_BR\" \/>\n<meta property=\"og:type\" content=\"article\" \/>\n<meta property=\"og:title\" content=\"Segundo dia do Webin\u00e1rio Programa Brasil na Escola contou com a participa\u00e7\u00e3o do Ministro da Educa\u00e7\u00e3o &raquo; Abrelivros\" \/>\n<meta property=\"og:description\" content=\"Nesta quinta-feira (01), o Minist\u00e9rio de Educa\u00e7\u00e3o realizou o segundo dia do Webn\u00e1rio de lan\u00e7amento do Programa Brasil na Escola. O evento aconteceu nas depend\u00eancias do minist\u00e9rio e foi transmitido pelo YouTube, no canal do Minist\u00e9rio.\" \/>\n<meta property=\"og:url\" content=\"https:\/\/abrelivros.org.br\/site\/segundo-dia-do-webinario-programa-brasil-na-escola-contou-com-a-participacao-do-ministro-da-educacao\/\" \/>\n<meta property=\"og:site_name\" content=\"Abrelivros\" \/>\n<meta property=\"article:published_time\" content=\"2021-04-05T17:36:03+00:00\" \/>\n<meta name=\"twitter:card\" content=\"summary_large_image\" \/>\n<script type=\"application\/ld+json\" class=\"yoast-schema-graph\">{\"@context\":\"https:\/\/schema.org\",\"@graph\":[{\"@type\":\"WebSite\",\"@id\":\"https:\/\/abrelivros.org.br\/site\/#website\",\"url\":\"https:\/\/abrelivros.org.br\/site\/\",\"name\":\"Abrelivros\",\"description\":\"\",\"potentialAction\":[{\"@type\":\"SearchAction\",\"target\":\"https:\/\/abrelivros.org.br\/site\/?s={search_term_string}\",\"query-input\":\"required name=search_term_string\"}],\"inLanguage\":\"pt-BR\"},{\"@type\":\"WebPage\",\"@id\":\"https:\/\/abrelivros.org.br\/site\/segundo-dia-do-webinario-programa-brasil-na-escola-contou-com-a-participacao-do-ministro-da-educacao\/#webpage\",\"url\":\"https:\/\/abrelivros.org.br\/site\/segundo-dia-do-webinario-programa-brasil-na-escola-contou-com-a-participacao-do-ministro-da-educacao\/\",\"name\":\"Segundo dia do Webin\\u00e1rio Programa Brasil na Escola contou com a participa\\u00e7\\u00e3o do Ministro da Educa\\u00e7\\u00e3o &raquo; Abrelivros\",\"isPartOf\":{\"@id\":\"https:\/\/abrelivros.org.br\/site\/#website\"},\"datePublished\":\"2021-04-05T17:36:03+00:00\",\"dateModified\":\"2021-04-05T17:36:03+00:00\",\"author\":{\"@id\":\"https:\/\/abrelivros.org.br\/site\/#\/schema\/person\/65db80e26409802ce15ac5feec6a15fd\"},\"breadcrumb\":{\"@id\":\"https:\/\/abrelivros.org.br\/site\/segundo-dia-do-webinario-programa-brasil-na-escola-contou-com-a-participacao-do-ministro-da-educacao\/#breadcrumb\"},\"inLanguage\":\"pt-BR\",\"potentialAction\":[{\"@type\":\"ReadAction\",\"target\":[\"https:\/\/abrelivros.org.br\/site\/segundo-dia-do-webinario-programa-brasil-na-escola-contou-com-a-participacao-do-ministro-da-educacao\/\"]}]},{\"@type\":\"BreadcrumbList\",\"@id\":\"https:\/\/abrelivros.org.br\/site\/segundo-dia-do-webinario-programa-brasil-na-escola-contou-com-a-participacao-do-ministro-da-educacao\/#breadcrumb\",\"itemListElement\":[{\"@type\":\"ListItem\",\"position\":1,\"item\":{\"@type\":\"WebPage\",\"@id\":\"https:\/\/abrelivros.org.br\/site\/\",\"url\":\"https:\/\/abrelivros.org.br\/site\/\",\"name\":\"In\\u00edcio\"}},{\"@type\":\"ListItem\",\"position\":2,\"item\":{\"@type\":\"WebPage\",\"@id\":\"https:\/\/abrelivros.org.br\/site\/category\/noticias\/\",\"url\":\"https:\/\/abrelivros.org.br\/site\/category\/noticias\/\",\"name\":\"Not\\u00edcias\"}},{\"@type\":\"ListItem\",\"position\":3,\"item\":{\"@type\":\"WebPage\",\"@id\":\"https:\/\/abrelivros.org.br\/site\/category\/noticias\/noticias-da-imprensa\/\",\"url\":\"https:\/\/abrelivros.org.br\/site\/category\/noticias\/noticias-da-imprensa\/\",\"name\":\"Not\\u00edcias da imprensa\"}},{\"@type\":\"ListItem\",\"position\":4,\"item\":{\"@type\":\"WebPage\",\"@id\":\"https:\/\/abrelivros.org.br\/site\/segundo-dia-do-webinario-programa-brasil-na-escola-contou-com-a-participacao-do-ministro-da-educacao\/\",\"url\":\"https:\/\/abrelivros.org.br\/site\/segundo-dia-do-webinario-programa-brasil-na-escola-contou-com-a-participacao-do-ministro-da-educacao\/\",\"name\":\"Segundo dia do Webin\\u00e1rio Programa Brasil na Escola contou com a participa\\u00e7\\u00e3o do Ministro da Educa\\u00e7\\u00e3o\"}}]},{\"@type\":\"Person\",\"@id\":\"https:\/\/abrelivros.org.br\/site\/#\/schema\/person\/65db80e26409802ce15ac5feec6a15fd\",\"name\":\"Reda\\u00e7\\u00e3o Abrelivros\",\"image\":{\"@type\":\"ImageObject\",\"@id\":\"https:\/\/abrelivros.org.br\/site\/#personlogo\",\"inLanguage\":\"pt-BR\",\"url\":\"https:\/\/secure.gravatar.com\/avatar\/c4e57f9c7e3482965bd428192061218520756c39080b1d1820b679fa5e9af192?s=96&d=mm&r=g\",\"caption\":\"Reda\\u00e7\\u00e3o Abrelivros\"}}]}<\/script>\n<!-- \/ Yoast SEO plugin. -->","_links":{"self":[{"href":"https:\/\/abrelivros.org.br\/site\/wp-json\/wp\/v2\/posts\/13637","targetHints":{"allow":["GET"]}}],"collection":[{"href":"https:\/\/abrelivros.org.br\/site\/wp-json\/wp\/v2\/posts"}],"about":[{"href":"https:\/\/abrelivros.org.br\/site\/wp-json\/wp\/v2\/types\/post"}],"author":[{"embeddable":true,"href":"https:\/\/abrelivros.org.br\/site\/wp-json\/wp\/v2\/users\/4"}],"replies":[{"embeddable":true,"href":"https:\/\/abrelivros.org.br\/site\/wp-json\/wp\/v2\/comments?post=13637"}],"version-history":[{"count":1,"href":"https:\/\/abrelivros.org.br\/site\/wp-json\/wp\/v2\/posts\/13637\/revisions"}],"predecessor-version":[{"id":13638,"href":"https:\/\/abrelivros.org.br\/site\/wp-json\/wp\/v2\/posts\/13637\/revisions\/13638"}],"wp:attachment":[{"href":"https:\/\/abrelivros.org.br\/site\/wp-json\/wp\/v2\/media?parent=13637"}],"wp:term":[{"taxonomy":"category","embeddable":true,"href":"https:\/\/abrelivros.org.br\/site\/wp-json\/wp\/v2\/categories?post=13637"},{"taxonomy":"post_tag","embeddable":true,"href":"https:\/\/abrelivros.org.br\/site\/wp-json\/wp\/v2\/tags?post=13637"}],"curies":[{"name":"wp","href":"https:\/\/api.w.org\/{rel}","templated":true}]}}