{"id":13635,"date":"2021-04-05T14:29:56","date_gmt":"2021-04-05T17:29:56","guid":{"rendered":"https:\/\/abrelivros.org.br\/site\/?p=13635"},"modified":"2021-04-05T14:29:56","modified_gmt":"2021-04-05T17:29:56","slug":"ftd-educacao-promove-2-festival-de-literatura","status":"publish","type":"post","link":"https:\/\/abrelivros.org.br\/site\/ftd-educacao-promove-2-festival-de-literatura\/","title":{"rendered":"FTD Educa\u00e7\u00e3o promove 2\u00b0 Festival de Literatura"},"content":{"rendered":"<p>S\u00e3o Paulo, abril de 2021- Para debater temas relevantes no mundo contempor\u00e2neo, a FTD Educa\u00e7\u00e3o, refer\u00eancia nacional no mercado de livros did\u00e1ticos, literatura e solu\u00e7\u00f5es educacionais, organiza a 2\u00aa edi\u00e7\u00e3o do Festival Literatura FTD Educa\u00e7\u00e3o, nos dias 07 e 08 de abril.<!--more--><\/p>\n<p>Escritores e ilustradores brasileiros v\u00e3o participar de dois encontros digitais para falar sobre assuntos importantes do universo liter\u00e1rio e para celebrar os mais de 50 anos de carreira de uma das principais autoras do pa\u00eds, Marina Colasanti.<\/p>\n<p>A escritora, de 83 anos, tem mais de 50 t\u00edtulos publicados no Brasil e no exterior, entre livros de poesia, contos, cr\u00f4nicas, infantis e juvenis, e ensaios sobre temas como literatura, arte, problemas sociais e relacionamento.<\/p>\n<p>\u00c9 uma das mais premiadas autoras brasileiras, detentora de v\u00e1rios Pr\u00eamios Jabutis, do Grande Pr\u00eamio da Cr\u00edtica da APCA (Associa\u00e7\u00e3o Paulista de Cr\u00edticos de Arte), do Melhor Livro do Ano da C\u00e2mara Brasileira do Livro, do pr\u00eamio da Biblioteca Nacional para poesia, entre outros.<\/p>\n<p>Tamb\u00e9m \u00e9 hors-concours da Funda\u00e7\u00e3o Nacional do Livro Infantil e Juvenil (FNLIJ), ap\u00f3s ter sido v\u00e1rias vezes reconhecida; e foi indicada ao Pr\u00eamio Hans Christian Andersen 2022, o mais importante reconhecimento internacional da literatura infantojuvenil.<\/p>\n<p>Marina Colasanti participa do Festival Literatura FTD Educa\u00e7\u00e3o no dia 08 de abril, a partir das 17h30. A escritora ser\u00e1 entrevistada pelo coordenador de literatura da editora Estev\u00e3o Azevedo.<\/p>\n<p>As escritoras Stela Barbieri e Renata Bueno tamb\u00e9m est\u00e3o na programa\u00e7\u00e3o. Elas debater\u00e3o o universo da literatura infantil, no painel \u201cLer antes de saber ler\u201d, mediado pela publisher da FTD Educa\u00e7\u00e3o Isabel Lopes Coelho.<\/p>\n<p>Daniel Munduruku e Rita Carelli v\u00e3o falar sobre diversidade, no encontro \u201cLiteratura de muitas vozes\u201d, com media\u00e7\u00e3o de Tassia Regiane Silvestre de Oliveira, respons\u00e1vel pelas rela\u00e7\u00f5es internacionais da FTD Educa\u00e7\u00e3o.<\/p>\n<p>Os ilustradores Rafael Coutinho e Ver\u00f4nica Berta discutir\u00e3o o t\u00f3pico \u201cIlustrar os cl\u00e1ssicos\u201d, com media\u00e7\u00e3o da editora da FTD Educa\u00e7\u00e3o Camilla Saraiva.<\/p>\n<p>Participantes do evento garantem desconto exclusivo de 20% na loja virtual da FTD Educa\u00e7\u00e3o, por meio de cupom v\u00e1lido at\u00e9 11 de abril, para compras acima de R$ 20. O c\u00f3digo ser\u00e1 divulgado durante a transmiss\u00e3o.<\/p>\n<p>O evento ser\u00e1 transmitido ao vivo, nos dias 07 e 08 de abril, das 16h30 \u00e0s 18h30 (hor\u00e1rio de Bras\u00edlia), no YouTube, no LinkedIn e no Facebook da FTD Educa\u00e7\u00e3o.<\/p>\n<p><strong>Programa\u00e7\u00e3o:<\/strong><\/p>\n<p>Dia 07 de abril<\/p>\n<p>Das 16h30 \u00e0s 17h30<\/p>\n<p>\u201cLer antes de saber ler\u201d, com Stela Barbieri e Renata Bueno<\/p>\n<p>Media\u00e7\u00e3o de Isabel Lopes Coelho<\/p>\n<p>Das 17h30 \u00e0s 18h30<\/p>\n<p>\u201cLiteratura de muitas vozes\u201d, com Rita Carelli e Daniel Munduruku<\/p>\n<p>Media\u00e7\u00e3o de Tassia Regiane Silvestre de Oliveira<\/p>\n<p>Dia 08 de abril<\/p>\n<p>Das 16h30 \u00e0s 17h30<\/p>\n<p>\u201cIlustrar os cl\u00e1ssicos\u201d, com Rafael Coutinho e Ver\u00f4nica Berta<\/p>\n<p>Media\u00e7\u00e3o de Camilla Saraiva<\/p>\n<p>Das 17h30 \u00e0s 18h30<\/p>\n<p>Estev\u00e3o Azevedo entrevista Marina Colasanti<\/p>\n<p><strong>Sobre a FTD Educa\u00e7\u00e3o<\/strong><\/p>\n<p><a href=\"https:\/\/ftd.com.br\/\" target=\"_blank\" rel=\"noopener noreferrer\">www.ftd.com.br<\/a><\/p>\n<p>H\u00e1 119 anos, a FTD Educa\u00e7\u00e3o tem como miss\u00e3o transformar a sociedade por meio da Educa\u00e7\u00e3o, pensando al\u00e9m e inspirando a descoberta, a escolha, a liberdade e a cidadania. Reconhecida como uma empresa parceira, flex\u00edvel e humana conta com o slogan \u201cEducar bem \u00e9 pensar al\u00e9m\u201d. Sua proposta \u00e9 integrada para escolas, alunos, professores e sociedade e conta com: materiais did\u00e1ticos e de literatura; Solu\u00e7\u00f5es Educacionais \u2013 com suporte para escolas, consultoria educacional, forma\u00e7\u00e3o de professores, entre outros; novas tecnologias \u2013 ferramentas que ampliam possibilidades de ensino dentro e fora da sala de aula; obras e servi\u00e7os que envolvem a fam\u00edlia na busca por uma Educa\u00e7\u00e3o completa.<\/p>\n<p>Assessoria de Comunica\u00e7\u00e3o \u2013 FTD Educa\u00e7\u00e3o<\/p>\n<p>Andrea Martins\u2013 assessoria@ftd.com.br<\/p>\n<p>Tels.: (11) 3598 6061 (FTD) Celular: (11) 98383 6191<\/p>\n","protected":false},"excerpt":{"rendered":"<p>S\u00e3o Paulo, abril de 2021- Para debater temas relevantes no mundo contempor\u00e2neo, a FTD Educa\u00e7\u00e3o, refer\u00eancia nacional no mercado de livros did\u00e1ticos, literatura e solu\u00e7\u00f5es educacionais, organiza a 2\u00aa edi\u00e7\u00e3o do Festival Literatura FTD Educa\u00e7\u00e3o, nos dias 07 e 08 de abril.<\/p>\n","protected":false},"author":4,"featured_media":0,"comment_status":"closed","ping_status":"closed","sticky":false,"template":"","format":"standard","meta":{"footnotes":"","_links_to":"","_links_to_target":""},"categories":[9],"tags":[],"class_list":["post-13635","post","type-post","status-publish","format-standard","hentry","category-noticias-da-imprensa"],"yoast_head":"<!-- This site is optimized with the Yoast SEO plugin v15.1 - https:\/\/yoast.com\/wordpress\/plugins\/seo\/ -->\n<title>FTD Educa\u00e7\u00e3o promove 2\u00b0 Festival de Literatura &raquo; Abrelivros<\/title>\n<meta name=\"robots\" content=\"index, follow, max-snippet:-1, max-image-preview:large, max-video-preview:-1\" \/>\n<link rel=\"canonical\" href=\"https:\/\/abrelivros.org.br\/site\/ftd-educacao-promove-2-festival-de-literatura\/\" \/>\n<meta property=\"og:locale\" content=\"pt_BR\" \/>\n<meta property=\"og:type\" content=\"article\" \/>\n<meta property=\"og:title\" content=\"FTD Educa\u00e7\u00e3o promove 2\u00b0 Festival de Literatura &raquo; Abrelivros\" \/>\n<meta property=\"og:description\" content=\"S\u00e3o Paulo, abril de 2021- Para debater temas relevantes no mundo contempor\u00e2neo, a FTD Educa\u00e7\u00e3o, refer\u00eancia nacional no mercado de livros did\u00e1ticos, literatura e solu\u00e7\u00f5es educacionais, organiza a 2\u00aa edi\u00e7\u00e3o do Festival Literatura FTD Educa\u00e7\u00e3o, nos dias 07 e 08 de abril.\" \/>\n<meta property=\"og:url\" content=\"https:\/\/abrelivros.org.br\/site\/ftd-educacao-promove-2-festival-de-literatura\/\" \/>\n<meta property=\"og:site_name\" content=\"Abrelivros\" \/>\n<meta property=\"article:published_time\" content=\"2021-04-05T17:29:56+00:00\" \/>\n<meta name=\"twitter:card\" content=\"summary_large_image\" \/>\n<script type=\"application\/ld+json\" class=\"yoast-schema-graph\">{\"@context\":\"https:\/\/schema.org\",\"@graph\":[{\"@type\":\"WebSite\",\"@id\":\"https:\/\/abrelivros.org.br\/site\/#website\",\"url\":\"https:\/\/abrelivros.org.br\/site\/\",\"name\":\"Abrelivros\",\"description\":\"\",\"potentialAction\":[{\"@type\":\"SearchAction\",\"target\":\"https:\/\/abrelivros.org.br\/site\/?s={search_term_string}\",\"query-input\":\"required name=search_term_string\"}],\"inLanguage\":\"pt-BR\"},{\"@type\":\"WebPage\",\"@id\":\"https:\/\/abrelivros.org.br\/site\/ftd-educacao-promove-2-festival-de-literatura\/#webpage\",\"url\":\"https:\/\/abrelivros.org.br\/site\/ftd-educacao-promove-2-festival-de-literatura\/\",\"name\":\"FTD Educa\\u00e7\\u00e3o promove 2\\u00b0 Festival de Literatura &raquo; Abrelivros\",\"isPartOf\":{\"@id\":\"https:\/\/abrelivros.org.br\/site\/#website\"},\"datePublished\":\"2021-04-05T17:29:56+00:00\",\"dateModified\":\"2021-04-05T17:29:56+00:00\",\"author\":{\"@id\":\"https:\/\/abrelivros.org.br\/site\/#\/schema\/person\/65db80e26409802ce15ac5feec6a15fd\"},\"breadcrumb\":{\"@id\":\"https:\/\/abrelivros.org.br\/site\/ftd-educacao-promove-2-festival-de-literatura\/#breadcrumb\"},\"inLanguage\":\"pt-BR\",\"potentialAction\":[{\"@type\":\"ReadAction\",\"target\":[\"https:\/\/abrelivros.org.br\/site\/ftd-educacao-promove-2-festival-de-literatura\/\"]}]},{\"@type\":\"BreadcrumbList\",\"@id\":\"https:\/\/abrelivros.org.br\/site\/ftd-educacao-promove-2-festival-de-literatura\/#breadcrumb\",\"itemListElement\":[{\"@type\":\"ListItem\",\"position\":1,\"item\":{\"@type\":\"WebPage\",\"@id\":\"https:\/\/abrelivros.org.br\/site\/\",\"url\":\"https:\/\/abrelivros.org.br\/site\/\",\"name\":\"In\\u00edcio\"}},{\"@type\":\"ListItem\",\"position\":2,\"item\":{\"@type\":\"WebPage\",\"@id\":\"https:\/\/abrelivros.org.br\/site\/category\/noticias\/\",\"url\":\"https:\/\/abrelivros.org.br\/site\/category\/noticias\/\",\"name\":\"Not\\u00edcias\"}},{\"@type\":\"ListItem\",\"position\":3,\"item\":{\"@type\":\"WebPage\",\"@id\":\"https:\/\/abrelivros.org.br\/site\/category\/noticias\/noticias-da-imprensa\/\",\"url\":\"https:\/\/abrelivros.org.br\/site\/category\/noticias\/noticias-da-imprensa\/\",\"name\":\"Not\\u00edcias da imprensa\"}},{\"@type\":\"ListItem\",\"position\":4,\"item\":{\"@type\":\"WebPage\",\"@id\":\"https:\/\/abrelivros.org.br\/site\/ftd-educacao-promove-2-festival-de-literatura\/\",\"url\":\"https:\/\/abrelivros.org.br\/site\/ftd-educacao-promove-2-festival-de-literatura\/\",\"name\":\"FTD Educa\\u00e7\\u00e3o promove 2\\u00b0 Festival de Literatura\"}}]},{\"@type\":\"Person\",\"@id\":\"https:\/\/abrelivros.org.br\/site\/#\/schema\/person\/65db80e26409802ce15ac5feec6a15fd\",\"name\":\"Reda\\u00e7\\u00e3o Abrelivros\",\"image\":{\"@type\":\"ImageObject\",\"@id\":\"https:\/\/abrelivros.org.br\/site\/#personlogo\",\"inLanguage\":\"pt-BR\",\"url\":\"https:\/\/secure.gravatar.com\/avatar\/c4e57f9c7e3482965bd428192061218520756c39080b1d1820b679fa5e9af192?s=96&d=mm&r=g\",\"caption\":\"Reda\\u00e7\\u00e3o Abrelivros\"}}]}<\/script>\n<!-- \/ Yoast SEO plugin. -->","_links":{"self":[{"href":"https:\/\/abrelivros.org.br\/site\/wp-json\/wp\/v2\/posts\/13635","targetHints":{"allow":["GET"]}}],"collection":[{"href":"https:\/\/abrelivros.org.br\/site\/wp-json\/wp\/v2\/posts"}],"about":[{"href":"https:\/\/abrelivros.org.br\/site\/wp-json\/wp\/v2\/types\/post"}],"author":[{"embeddable":true,"href":"https:\/\/abrelivros.org.br\/site\/wp-json\/wp\/v2\/users\/4"}],"replies":[{"embeddable":true,"href":"https:\/\/abrelivros.org.br\/site\/wp-json\/wp\/v2\/comments?post=13635"}],"version-history":[{"count":1,"href":"https:\/\/abrelivros.org.br\/site\/wp-json\/wp\/v2\/posts\/13635\/revisions"}],"predecessor-version":[{"id":13636,"href":"https:\/\/abrelivros.org.br\/site\/wp-json\/wp\/v2\/posts\/13635\/revisions\/13636"}],"wp:attachment":[{"href":"https:\/\/abrelivros.org.br\/site\/wp-json\/wp\/v2\/media?parent=13635"}],"wp:term":[{"taxonomy":"category","embeddable":true,"href":"https:\/\/abrelivros.org.br\/site\/wp-json\/wp\/v2\/categories?post=13635"},{"taxonomy":"post_tag","embeddable":true,"href":"https:\/\/abrelivros.org.br\/site\/wp-json\/wp\/v2\/tags?post=13635"}],"curies":[{"name":"wp","href":"https:\/\/api.w.org\/{rel}","templated":true}]}}