{"id":13633,"date":"2021-04-05T14:22:22","date_gmt":"2021-04-05T17:22:22","guid":{"rendered":"https:\/\/abrelivros.org.br\/site\/?p=13633"},"modified":"2021-04-05T14:22:22","modified_gmt":"2021-04-05T17:22:22","slug":"e-inaceitavel-a-intervencao-ideologica-no-inep","status":"publish","type":"post","link":"https:\/\/abrelivros.org.br\/site\/e-inaceitavel-a-intervencao-ideologica-no-inep\/","title":{"rendered":"\u00c9 inaceit\u00e1vel a interven\u00e7\u00e3o ideol\u00f3gica no Inep"},"content":{"rendered":"<p>Ao assumir o Minist\u00e9rio da Educa\u00e7\u00e3o, o pastor presbiteriano Milton Ribeiro transmitiu uma sensa\u00e7\u00e3o de al\u00edvio, por ter um perfil pessoal mais sereno que os antecessores Ricardo V\u00e9lez Rodr\u00edguez e Abraham Weintraub.<!--more--> Serenidade e discri\u00e7\u00e3o, contudo, n\u00e3o se traduzem num compromisso menor com a nefasta agenda ideol\u00f3gica que move o bolsonarismo na \u00e1rea pedag\u00f3gica. Muito pelo contr\u00e1rio, como se v\u00ea no esvaziamento progressivo do Instituto Nacional de Estudos e Pesquisas An\u00edsio Teixeira (Inep), que desde a d\u00e9cada de 90 cuida da avalia\u00e7\u00e3o do ensino e do aprendizado.<\/p>\n<p>Criado nos anos 1930, o Inep \u00e9 um bra\u00e7o t\u00e9cnico que atravessou sem traumas governos de diferentes tend\u00eancias pol\u00edticas nas \u00faltimas d\u00e9cadas. Com a extrema direita bolsonarista, \u00e9 diferente. Visto pelo governo como foco de resist\u00eancia \u00e0 agenda que mistura entre seus ingredientes o ensino dom\u00e9stico, a prega\u00e7\u00e3o religiosa na sala de aula e as ideias do movimento Escola Sem Partido, o Inep vem sofrendo uma debandada acelerada de quadros qualificados.<\/p>\n<p>Na semana passada, sofreu a quinta baixa de destaque: a secret\u00e1ria de Educa\u00e7\u00e3o B\u00e1sica, Izabel Lima Pessoa, pediu demiss\u00e3o alegando \u201cmotivos pessoais\u201d. Seu marido foi v\u00edtima recente da Covid-19. Mas, al\u00e9m disso, ela vinha se desentendendo com o n\u00facleo ideol\u00f3gico da pasta, representado pelo secret\u00e1rio de Alfabetiza\u00e7\u00e3o, Carlos Nadalim.<\/p>\n<p>Nadalim \u00e9 conhecido pelas contribui\u00e7\u00f5es ao obscurantismo. Modificou um edital para a compra de livros, retirando t\u00f3picos exigidos pelo MEC como a agenda da n\u00e3o viol\u00eancia contra a mulher. Tamb\u00e9m teve influ\u00eancia na nomea\u00e7\u00e3o da nova coordenadora de livros did\u00e1ticos, Sandra Ramos, ligada ao Escola Sem Partido.<\/p>\n<p>A motiva\u00e7\u00e3o ideol\u00f3gica da interven\u00e7\u00e3o no Inep fica evidente n\u00e3o s\u00f3 em virtude da debandada. Ribeiro tamb\u00e9m acabou na semana passada com um grupo criado pelo instituto para tratar da atualiza\u00e7\u00e3o do \u00cdndice de Desenvolvimento da Educa\u00e7\u00e3o B\u00e1sica (Ideb). Transferiu o trabalho para a secretaria-executiva do minist\u00e9rio, uma inst\u00e2ncia pol\u00edtica.<\/p>\n<p>O Ideb \u00e9 composto pela taxa de aprova\u00e7\u00e3o nas escolas e pelos resultados do Sistema de Avalia\u00e7\u00e3o da Educa\u00e7\u00e3o B\u00e1sica (Saeb), que a cada dois anos testa os conhecimentos de Matem\u00e1tica e Portugu\u00eas de alunos da 5\u00aa e 9\u00aa s\u00e9ries do fundamental e do 3\u00ba ano do ensino m\u00e9dio. Um dos temores \u00e9 que, na reformula\u00e7\u00e3o do Ideb, n\u00e3o seja levada em conta a Base Nacional Comum Curricular (BNCC), a partir da qual s\u00e3o elaborados os curr\u00edculos. O minist\u00e9rio resolveu contratar t\u00e9cnicos de fora do Inep para elaborar uma nova prova de alfabetiza\u00e7\u00e3o, \u00e1rea de Nadalim, justamente porque aqueles do instituto defendem que o teste tenha como referencial a BNCC.<\/p>\n<p>O esvaziamento do Inep sem d\u00favida afetar\u00e1 a qualidade dos indicadores que balizam as pol\u00edticas educacionais em todo o Brasil. Para cuidar do departamento do instituto que trata do Saeb e do Exame Nacional do Ensino M\u00e9dio (Enem), Ribeiro nomeou o coronel-aviador Alexandre Gomes da Silva, outro nome com credenciais abundantes no campo ideol\u00f3gico e escassas \u2014 se tanto \u2014 no t\u00e9cnico. Tudo coerente com o esvaziamento do Inep e com o aparelhamento ideol\u00f3gico do minist\u00e9rio. \u00c9 inaceit\u00e1vel a interven\u00e7\u00e3o ideol\u00f3gica do bolsonarismo numa \u00e1rea t\u00e3o estrat\u00e9gica para o desenvolvimento do Brasil.<\/p>\n","protected":false},"excerpt":{"rendered":"<p>Ao assumir o Minist\u00e9rio da Educa\u00e7\u00e3o, o pastor presbiteriano Milton Ribeiro transmitiu uma sensa\u00e7\u00e3o de al\u00edvio, por ter um perfil pessoal mais sereno que os antecessores Ricardo V\u00e9lez Rodr\u00edguez e Abraham Weintraub.<\/p>\n","protected":false},"author":4,"featured_media":0,"comment_status":"closed","ping_status":"closed","sticky":false,"template":"","format":"standard","meta":{"footnotes":"","_links_to":"","_links_to_target":""},"categories":[9],"tags":[],"class_list":["post-13633","post","type-post","status-publish","format-standard","hentry","category-noticias-da-imprensa"],"yoast_head":"<!-- This site is optimized with the Yoast SEO plugin v15.1 - https:\/\/yoast.com\/wordpress\/plugins\/seo\/ -->\n<title>\u00c9 inaceit\u00e1vel a interven\u00e7\u00e3o ideol\u00f3gica no Inep &raquo; Abrelivros<\/title>\n<meta name=\"robots\" content=\"index, follow, max-snippet:-1, max-image-preview:large, max-video-preview:-1\" \/>\n<link rel=\"canonical\" href=\"https:\/\/abrelivros.org.br\/site\/e-inaceitavel-a-intervencao-ideologica-no-inep\/\" \/>\n<meta property=\"og:locale\" content=\"pt_BR\" \/>\n<meta property=\"og:type\" content=\"article\" \/>\n<meta property=\"og:title\" content=\"\u00c9 inaceit\u00e1vel a interven\u00e7\u00e3o ideol\u00f3gica no Inep &raquo; Abrelivros\" \/>\n<meta property=\"og:description\" content=\"Ao assumir o Minist\u00e9rio da Educa\u00e7\u00e3o, o pastor presbiteriano Milton Ribeiro transmitiu uma sensa\u00e7\u00e3o de al\u00edvio, por ter um perfil pessoal mais sereno que os antecessores Ricardo V\u00e9lez Rodr\u00edguez e Abraham Weintraub.\" \/>\n<meta property=\"og:url\" content=\"https:\/\/abrelivros.org.br\/site\/e-inaceitavel-a-intervencao-ideologica-no-inep\/\" \/>\n<meta property=\"og:site_name\" content=\"Abrelivros\" \/>\n<meta property=\"article:published_time\" content=\"2021-04-05T17:22:22+00:00\" \/>\n<meta name=\"twitter:card\" content=\"summary_large_image\" \/>\n<script type=\"application\/ld+json\" class=\"yoast-schema-graph\">{\"@context\":\"https:\/\/schema.org\",\"@graph\":[{\"@type\":\"WebSite\",\"@id\":\"https:\/\/abrelivros.org.br\/site\/#website\",\"url\":\"https:\/\/abrelivros.org.br\/site\/\",\"name\":\"Abrelivros\",\"description\":\"\",\"potentialAction\":[{\"@type\":\"SearchAction\",\"target\":\"https:\/\/abrelivros.org.br\/site\/?s={search_term_string}\",\"query-input\":\"required name=search_term_string\"}],\"inLanguage\":\"pt-BR\"},{\"@type\":\"WebPage\",\"@id\":\"https:\/\/abrelivros.org.br\/site\/e-inaceitavel-a-intervencao-ideologica-no-inep\/#webpage\",\"url\":\"https:\/\/abrelivros.org.br\/site\/e-inaceitavel-a-intervencao-ideologica-no-inep\/\",\"name\":\"\\u00c9 inaceit\\u00e1vel a interven\\u00e7\\u00e3o ideol\\u00f3gica no Inep &raquo; Abrelivros\",\"isPartOf\":{\"@id\":\"https:\/\/abrelivros.org.br\/site\/#website\"},\"datePublished\":\"2021-04-05T17:22:22+00:00\",\"dateModified\":\"2021-04-05T17:22:22+00:00\",\"author\":{\"@id\":\"https:\/\/abrelivros.org.br\/site\/#\/schema\/person\/65db80e26409802ce15ac5feec6a15fd\"},\"breadcrumb\":{\"@id\":\"https:\/\/abrelivros.org.br\/site\/e-inaceitavel-a-intervencao-ideologica-no-inep\/#breadcrumb\"},\"inLanguage\":\"pt-BR\",\"potentialAction\":[{\"@type\":\"ReadAction\",\"target\":[\"https:\/\/abrelivros.org.br\/site\/e-inaceitavel-a-intervencao-ideologica-no-inep\/\"]}]},{\"@type\":\"BreadcrumbList\",\"@id\":\"https:\/\/abrelivros.org.br\/site\/e-inaceitavel-a-intervencao-ideologica-no-inep\/#breadcrumb\",\"itemListElement\":[{\"@type\":\"ListItem\",\"position\":1,\"item\":{\"@type\":\"WebPage\",\"@id\":\"https:\/\/abrelivros.org.br\/site\/\",\"url\":\"https:\/\/abrelivros.org.br\/site\/\",\"name\":\"In\\u00edcio\"}},{\"@type\":\"ListItem\",\"position\":2,\"item\":{\"@type\":\"WebPage\",\"@id\":\"https:\/\/abrelivros.org.br\/site\/category\/noticias\/\",\"url\":\"https:\/\/abrelivros.org.br\/site\/category\/noticias\/\",\"name\":\"Not\\u00edcias\"}},{\"@type\":\"ListItem\",\"position\":3,\"item\":{\"@type\":\"WebPage\",\"@id\":\"https:\/\/abrelivros.org.br\/site\/category\/noticias\/noticias-da-imprensa\/\",\"url\":\"https:\/\/abrelivros.org.br\/site\/category\/noticias\/noticias-da-imprensa\/\",\"name\":\"Not\\u00edcias da imprensa\"}},{\"@type\":\"ListItem\",\"position\":4,\"item\":{\"@type\":\"WebPage\",\"@id\":\"https:\/\/abrelivros.org.br\/site\/e-inaceitavel-a-intervencao-ideologica-no-inep\/\",\"url\":\"https:\/\/abrelivros.org.br\/site\/e-inaceitavel-a-intervencao-ideologica-no-inep\/\",\"name\":\"\\u00c9 inaceit\\u00e1vel a interven\\u00e7\\u00e3o ideol\\u00f3gica no Inep\"}}]},{\"@type\":\"Person\",\"@id\":\"https:\/\/abrelivros.org.br\/site\/#\/schema\/person\/65db80e26409802ce15ac5feec6a15fd\",\"name\":\"Reda\\u00e7\\u00e3o Abrelivros\",\"image\":{\"@type\":\"ImageObject\",\"@id\":\"https:\/\/abrelivros.org.br\/site\/#personlogo\",\"inLanguage\":\"pt-BR\",\"url\":\"https:\/\/secure.gravatar.com\/avatar\/c4e57f9c7e3482965bd428192061218520756c39080b1d1820b679fa5e9af192?s=96&d=mm&r=g\",\"caption\":\"Reda\\u00e7\\u00e3o Abrelivros\"}}]}<\/script>\n<!-- \/ Yoast SEO plugin. -->","_links":{"self":[{"href":"https:\/\/abrelivros.org.br\/site\/wp-json\/wp\/v2\/posts\/13633","targetHints":{"allow":["GET"]}}],"collection":[{"href":"https:\/\/abrelivros.org.br\/site\/wp-json\/wp\/v2\/posts"}],"about":[{"href":"https:\/\/abrelivros.org.br\/site\/wp-json\/wp\/v2\/types\/post"}],"author":[{"embeddable":true,"href":"https:\/\/abrelivros.org.br\/site\/wp-json\/wp\/v2\/users\/4"}],"replies":[{"embeddable":true,"href":"https:\/\/abrelivros.org.br\/site\/wp-json\/wp\/v2\/comments?post=13633"}],"version-history":[{"count":1,"href":"https:\/\/abrelivros.org.br\/site\/wp-json\/wp\/v2\/posts\/13633\/revisions"}],"predecessor-version":[{"id":13634,"href":"https:\/\/abrelivros.org.br\/site\/wp-json\/wp\/v2\/posts\/13633\/revisions\/13634"}],"wp:attachment":[{"href":"https:\/\/abrelivros.org.br\/site\/wp-json\/wp\/v2\/media?parent=13633"}],"wp:term":[{"taxonomy":"category","embeddable":true,"href":"https:\/\/abrelivros.org.br\/site\/wp-json\/wp\/v2\/categories?post=13633"},{"taxonomy":"post_tag","embeddable":true,"href":"https:\/\/abrelivros.org.br\/site\/wp-json\/wp\/v2\/tags?post=13633"}],"curies":[{"name":"wp","href":"https:\/\/api.w.org\/{rel}","templated":true}]}}