{"id":13629,"date":"2021-04-01T14:30:42","date_gmt":"2021-04-01T17:30:42","guid":{"rendered":"https:\/\/abrelivros.org.br\/site\/?p=13629"},"modified":"2021-04-01T14:30:42","modified_gmt":"2021-04-01T17:30:42","slug":"ministro-da-educacao-fala-sobre-mudancas-no-fundeb","status":"publish","type":"post","link":"https:\/\/abrelivros.org.br\/site\/ministro-da-educacao-fala-sobre-mudancas-no-fundeb\/","title":{"rendered":"Ministro da Educa\u00e7\u00e3o fala sobre mudan\u00e7as no Fundeb"},"content":{"rendered":"<p>O Fundo de Manuten\u00e7\u00e3o e Desenvolvimento da Educa\u00e7\u00e3o B\u00e1sica e de Valoriza\u00e7\u00e3o dos Profissionais da Educa\u00e7\u00e3o (Fundeb) vai receber mais recursos do governo federal. Essa \u00e9 uma das mudan\u00e7as citadas pelo Ministro da Educa\u00e7\u00e3o, Milton Ribeiro, que participou, ao vivo, do programa A Voz do Brasil desta quarta-feira (31).<!--more--> A participa\u00e7\u00e3o do governo federal nos recursos do fundo at\u00e9 o ano passado era de 10%, neste ano ser\u00e1 de 12% e crescer\u00e1 gradativamente at\u00e9 atingir 23% em 2026.<\/p>\n<p>Outras mudan\u00e7as destacadas pelo chefe da pasta s\u00e3o o maior controle da aplica\u00e7\u00e3o desses recursos por parte do Tribunal de Contas da Uni\u00e3o (TCU). Ribeiro tamb\u00e9m destacou o incentivo \u00e0 educa\u00e7\u00e3o infantil e ao ensino t\u00e9cnico. Ambos os segmentos ter\u00e3o um repasse especial com o novo Fundeb.<\/p>\n<p>Na entrevista o ministro tamb\u00e9m falou sobre o programa Brasil na Escola, lan\u00e7ado nesta quarta-feira com o objetivo \u00e9 combater a evas\u00e3o escolar nos anos finais do ensino fundamental. Segundo ele problemas como necessidade de trabalhar, gravidez na adolesc\u00eancia e uso de drogas acabam tirando o jovem da escola.<\/p>\n<p>Ribeiro tamb\u00e9m falou sobre a atua\u00e7\u00e3o do Minist\u00e9rio da Educa\u00e7\u00e3o (MEC) durante a pandemia, j\u00e1 que a pasta \u00e9 respons\u00e1vel pela gest\u00e3o dos Hospitais Universit\u00e1rios. \u201cDisponibilizamos mais de dois mil leitos para o combate \u00e0 covid-19\u201d.<\/p>\n<p>Confira a entrevista na \u00edntegra: <a href=\"https:\/\/www.youtube.com\/watch?time_continue=5&amp;v=mEZgB9E5OJM&amp;feature=emb_title\" target=\"_blank\" rel=\"noopener noreferrer\">https:\/\/www.youtube.com\/watch?time_continue=5&amp;v=mEZgB9E5OJM&amp;feature=emb_title<\/a><\/p>\n","protected":false},"excerpt":{"rendered":"<p>O Fundo de Manuten\u00e7\u00e3o e Desenvolvimento da Educa\u00e7\u00e3o B\u00e1sica e de Valoriza\u00e7\u00e3o dos Profissionais da Educa\u00e7\u00e3o (Fundeb) vai receber mais recursos do governo federal. Essa \u00e9 uma das mudan\u00e7as citadas pelo Ministro da Educa\u00e7\u00e3o, Milton Ribeiro, que participou, ao vivo, do programa A Voz do Brasil desta quarta-feira (31).<\/p>\n","protected":false},"author":4,"featured_media":0,"comment_status":"closed","ping_status":"closed","sticky":false,"template":"","format":"standard","meta":{"footnotes":"","_links_to":"","_links_to_target":""},"categories":[9],"tags":[],"class_list":["post-13629","post","type-post","status-publish","format-standard","hentry","category-noticias-da-imprensa"],"yoast_head":"<!-- This site is optimized with the Yoast SEO plugin v15.1 - https:\/\/yoast.com\/wordpress\/plugins\/seo\/ -->\n<title>Ministro da Educa\u00e7\u00e3o fala sobre mudan\u00e7as no Fundeb &raquo; Abrelivros<\/title>\n<meta name=\"robots\" content=\"index, follow, max-snippet:-1, max-image-preview:large, max-video-preview:-1\" \/>\n<link rel=\"canonical\" href=\"https:\/\/abrelivros.org.br\/site\/ministro-da-educacao-fala-sobre-mudancas-no-fundeb\/\" \/>\n<meta property=\"og:locale\" content=\"pt_BR\" \/>\n<meta property=\"og:type\" content=\"article\" \/>\n<meta property=\"og:title\" content=\"Ministro da Educa\u00e7\u00e3o fala sobre mudan\u00e7as no Fundeb &raquo; Abrelivros\" \/>\n<meta property=\"og:description\" content=\"O Fundo de Manuten\u00e7\u00e3o e Desenvolvimento da Educa\u00e7\u00e3o B\u00e1sica e de Valoriza\u00e7\u00e3o dos Profissionais da Educa\u00e7\u00e3o (Fundeb) vai receber mais recursos do governo federal. Essa \u00e9 uma das mudan\u00e7as citadas pelo Ministro da Educa\u00e7\u00e3o, Milton Ribeiro, que participou, ao vivo, do programa A Voz do Brasil desta quarta-feira (31).\" \/>\n<meta property=\"og:url\" content=\"https:\/\/abrelivros.org.br\/site\/ministro-da-educacao-fala-sobre-mudancas-no-fundeb\/\" \/>\n<meta property=\"og:site_name\" content=\"Abrelivros\" \/>\n<meta property=\"article:published_time\" content=\"2021-04-01T17:30:42+00:00\" \/>\n<meta name=\"twitter:card\" content=\"summary_large_image\" \/>\n<script type=\"application\/ld+json\" class=\"yoast-schema-graph\">{\"@context\":\"https:\/\/schema.org\",\"@graph\":[{\"@type\":\"WebSite\",\"@id\":\"https:\/\/abrelivros.org.br\/site\/#website\",\"url\":\"https:\/\/abrelivros.org.br\/site\/\",\"name\":\"Abrelivros\",\"description\":\"\",\"potentialAction\":[{\"@type\":\"SearchAction\",\"target\":\"https:\/\/abrelivros.org.br\/site\/?s={search_term_string}\",\"query-input\":\"required name=search_term_string\"}],\"inLanguage\":\"pt-BR\"},{\"@type\":\"WebPage\",\"@id\":\"https:\/\/abrelivros.org.br\/site\/ministro-da-educacao-fala-sobre-mudancas-no-fundeb\/#webpage\",\"url\":\"https:\/\/abrelivros.org.br\/site\/ministro-da-educacao-fala-sobre-mudancas-no-fundeb\/\",\"name\":\"Ministro da Educa\\u00e7\\u00e3o fala sobre mudan\\u00e7as no Fundeb &raquo; Abrelivros\",\"isPartOf\":{\"@id\":\"https:\/\/abrelivros.org.br\/site\/#website\"},\"datePublished\":\"2021-04-01T17:30:42+00:00\",\"dateModified\":\"2021-04-01T17:30:42+00:00\",\"author\":{\"@id\":\"https:\/\/abrelivros.org.br\/site\/#\/schema\/person\/65db80e26409802ce15ac5feec6a15fd\"},\"breadcrumb\":{\"@id\":\"https:\/\/abrelivros.org.br\/site\/ministro-da-educacao-fala-sobre-mudancas-no-fundeb\/#breadcrumb\"},\"inLanguage\":\"pt-BR\",\"potentialAction\":[{\"@type\":\"ReadAction\",\"target\":[\"https:\/\/abrelivros.org.br\/site\/ministro-da-educacao-fala-sobre-mudancas-no-fundeb\/\"]}]},{\"@type\":\"BreadcrumbList\",\"@id\":\"https:\/\/abrelivros.org.br\/site\/ministro-da-educacao-fala-sobre-mudancas-no-fundeb\/#breadcrumb\",\"itemListElement\":[{\"@type\":\"ListItem\",\"position\":1,\"item\":{\"@type\":\"WebPage\",\"@id\":\"https:\/\/abrelivros.org.br\/site\/\",\"url\":\"https:\/\/abrelivros.org.br\/site\/\",\"name\":\"In\\u00edcio\"}},{\"@type\":\"ListItem\",\"position\":2,\"item\":{\"@type\":\"WebPage\",\"@id\":\"https:\/\/abrelivros.org.br\/site\/category\/noticias\/\",\"url\":\"https:\/\/abrelivros.org.br\/site\/category\/noticias\/\",\"name\":\"Not\\u00edcias\"}},{\"@type\":\"ListItem\",\"position\":3,\"item\":{\"@type\":\"WebPage\",\"@id\":\"https:\/\/abrelivros.org.br\/site\/category\/noticias\/noticias-da-imprensa\/\",\"url\":\"https:\/\/abrelivros.org.br\/site\/category\/noticias\/noticias-da-imprensa\/\",\"name\":\"Not\\u00edcias da imprensa\"}},{\"@type\":\"ListItem\",\"position\":4,\"item\":{\"@type\":\"WebPage\",\"@id\":\"https:\/\/abrelivros.org.br\/site\/ministro-da-educacao-fala-sobre-mudancas-no-fundeb\/\",\"url\":\"https:\/\/abrelivros.org.br\/site\/ministro-da-educacao-fala-sobre-mudancas-no-fundeb\/\",\"name\":\"Ministro da Educa\\u00e7\\u00e3o fala sobre mudan\\u00e7as no Fundeb\"}}]},{\"@type\":\"Person\",\"@id\":\"https:\/\/abrelivros.org.br\/site\/#\/schema\/person\/65db80e26409802ce15ac5feec6a15fd\",\"name\":\"Reda\\u00e7\\u00e3o Abrelivros\",\"image\":{\"@type\":\"ImageObject\",\"@id\":\"https:\/\/abrelivros.org.br\/site\/#personlogo\",\"inLanguage\":\"pt-BR\",\"url\":\"https:\/\/secure.gravatar.com\/avatar\/c4e57f9c7e3482965bd428192061218520756c39080b1d1820b679fa5e9af192?s=96&d=mm&r=g\",\"caption\":\"Reda\\u00e7\\u00e3o Abrelivros\"}}]}<\/script>\n<!-- \/ Yoast SEO plugin. -->","_links":{"self":[{"href":"https:\/\/abrelivros.org.br\/site\/wp-json\/wp\/v2\/posts\/13629","targetHints":{"allow":["GET"]}}],"collection":[{"href":"https:\/\/abrelivros.org.br\/site\/wp-json\/wp\/v2\/posts"}],"about":[{"href":"https:\/\/abrelivros.org.br\/site\/wp-json\/wp\/v2\/types\/post"}],"author":[{"embeddable":true,"href":"https:\/\/abrelivros.org.br\/site\/wp-json\/wp\/v2\/users\/4"}],"replies":[{"embeddable":true,"href":"https:\/\/abrelivros.org.br\/site\/wp-json\/wp\/v2\/comments?post=13629"}],"version-history":[{"count":1,"href":"https:\/\/abrelivros.org.br\/site\/wp-json\/wp\/v2\/posts\/13629\/revisions"}],"predecessor-version":[{"id":13630,"href":"https:\/\/abrelivros.org.br\/site\/wp-json\/wp\/v2\/posts\/13629\/revisions\/13630"}],"wp:attachment":[{"href":"https:\/\/abrelivros.org.br\/site\/wp-json\/wp\/v2\/media?parent=13629"}],"wp:term":[{"taxonomy":"category","embeddable":true,"href":"https:\/\/abrelivros.org.br\/site\/wp-json\/wp\/v2\/categories?post=13629"},{"taxonomy":"post_tag","embeddable":true,"href":"https:\/\/abrelivros.org.br\/site\/wp-json\/wp\/v2\/tags?post=13629"}],"curies":[{"name":"wp","href":"https:\/\/api.w.org\/{rel}","templated":true}]}}