{"id":13620,"date":"2021-04-01T14:16:47","date_gmt":"2021-04-01T17:16:47","guid":{"rendered":"https:\/\/abrelivros.org.br\/site\/?p=13620"},"modified":"2021-04-01T14:17:18","modified_gmt":"2021-04-01T17:17:18","slug":"ministro-da-educacao-defende-veto-de-bolsonaro-a-projeto-de-internet-a-alunos","status":"publish","type":"post","link":"https:\/\/abrelivros.org.br\/site\/ministro-da-educacao-defende-veto-de-bolsonaro-a-projeto-de-internet-a-alunos\/","title":{"rendered":"Ministro da Educa\u00e7\u00e3o defende veto de Bolsonaro a projeto de internet a alunos"},"content":{"rendered":"<p>O ministro da Educa\u00e7\u00e3o, Milton Ribeiro , defendeu nesta quarta-feira (31), durante sess\u00e3o da Comiss\u00e3o de Educa\u00e7\u00e3o na C\u00e2mara, o veto do presidente Jair Bolsonaro ao projeto de lei que garantia internet aos estudantes durante a pandemia e minimizou cortes no Minist\u00e9rio da Educa\u00e7\u00e3o (MEC).<!--more--> Ribeiro afirmou que &#8220;n\u00e3o basta despejar dinheiro na ponta&#8221;.<\/p>\n<p>Durante a sess\u00e3o, Milton rebateu as cr\u00edticas \u00e0 restri\u00e7\u00e3o or\u00e7ament\u00e1ria prevista para o Minist\u00e9rio da Educa\u00e7\u00e3o e disse que o montante fixado no projeto de Lei Or\u00e7ament\u00e1ria (PLOA) 2021 \u00e9 maior do que or\u00e7amento de 2020.<\/p>\n<p>&#8220;Despejar dinheiro na ponta n\u00e3o \u00e9 pol\u00edtica p\u00fablica. Se fosse assim, os anos que tivemos grandes or\u00e7amentos no MEC os alunos estariam em condi\u00e7\u00e3o muito melhor. N\u00e3o \u00e9 quest\u00e3o de dinheiro. Se fosse quest\u00e3o de dinheiro, somente dinheiro, ou gest\u00e3o de recursos, aplica\u00e7\u00e3o de recursos, o ministro da Educa\u00e7\u00e3o devia ser um economista e n\u00e3o educador&#8221;, afirmou Ribeiro ap\u00f3s ser questionado pelos deputados.<\/p>\n<p>Em mar\u00e7o, Bolsonaro vetou integralmente o projeto que obrigava o governo a fornecer internet gratuita para alunos e professores da educa\u00e7\u00e3o b\u00e1sica p\u00fablica, para a realiza\u00e7\u00e3o de aulas n\u00e3o presenciais durante a pandemia de Covid-19. Na avalia\u00e7\u00e3o do ministro, o projeto, no entanto, &#8220;n\u00e3o traz na sua justificativa clareza suficiente e nem diagn\u00f3stico adequado a respeito dos gastos efetivos&#8221;.<\/p>\n<p>Um relat\u00f3rio divulgado em fevereiro pelo Movimento Todos Pela Educa\u00e7\u00e3o mostrou que, em 2020, o gasto do MEC com a Educa\u00e7\u00e3o B\u00e1sica foi o menor da d\u00e9cada. De acordo com o levantamento, em 2020, a pasta destinou R$ R$ 42,8 bilh\u00f5es para educa\u00e7\u00e3o b\u00e1sica, 10,2% menor em compara\u00e7\u00e3o ao ano anterior, e gastou R$ 32,5 bilh\u00f5es. O or\u00e7amento geral da pasta, R$ 143,3 bilh\u00f5es, segundo o Todos, foi o menor desde 2011.<\/p>\n<p>Questionado pelos parlamentares sobre o que tem feito para recompor o or\u00e7amento da pasta, Ribeiro afirmou que houve aumento na previs\u00e3o para 2021 e que tem conversado com parlamentares e membros do governo para aumentar a quantia destinada \u00e0 pasta.<\/p>\n<p>&#8220;N\u00f3s sofremos esses cortes tamb\u00e9m, n\u00e3o implementamos os cortes. A parte t\u00e9cnica do governo tem que atender todos os setores da gest\u00e3o p\u00fablica e naturalmente vai colocando recursos, que s\u00e3o poucos, aqui e ali. O or\u00e7amento geral do MEC de toda pasta saiu de R$ 143,3 bilh\u00f5es em 2020 para uma PLOA de R$ 144,5 bilh\u00f5es para 2021. O montante do or\u00e7amento do MEC cresceu&#8221;, disse.<\/p>\n<p>H\u00e1 duas semanas, Associa\u00e7\u00e3o Nacional dos Dirigentes das Institui\u00e7\u00f5es Federais de Ensino Superior (Andifes) afirmou que o corte de R$ 1,178 bilh\u00e3o previsto no or\u00e7amento destinado \u00e0s universidades federais acabe gerando evas\u00e3o dos estudantes, sobretudo devido \u00e0s restri\u00e7\u00f5es voltadas \u00e0 assist\u00eancia estudantil.<\/p>\n<p>Durante a sess\u00e3o, Ribeiro foi criticado pela falta de coordena\u00e7\u00e3o do MEC durante a pandemia . Desde o ano passado, gestores estaduais e munic\u00edpios t\u00eam reclamado da falta de protagonismo da pasta no sentido de orientar as redes durante o per\u00edodo de suspens\u00e3o das aulas presenciais.<\/p>\n","protected":false},"excerpt":{"rendered":"<p>O ministro da Educa\u00e7\u00e3o, Milton Ribeiro , defendeu nesta quarta-feira (31), durante sess\u00e3o da Comiss\u00e3o de Educa\u00e7\u00e3o na C\u00e2mara, o veto do presidente Jair Bolsonaro ao projeto de lei que garantia internet aos estudantes durante a pandemia e minimizou cortes no Minist\u00e9rio da Educa\u00e7\u00e3o (MEC).<\/p>\n","protected":false},"author":4,"featured_media":0,"comment_status":"closed","ping_status":"closed","sticky":false,"template":"","format":"standard","meta":{"footnotes":"","_links_to":"","_links_to_target":""},"categories":[9],"tags":[],"class_list":["post-13620","post","type-post","status-publish","format-standard","hentry","category-noticias-da-imprensa"],"yoast_head":"<!-- This site is optimized with the Yoast SEO plugin v15.1 - https:\/\/yoast.com\/wordpress\/plugins\/seo\/ -->\n<title>Ministro da Educa\u00e7\u00e3o defende veto de Bolsonaro a projeto de internet a alunos &raquo; Abrelivros<\/title>\n<meta name=\"robots\" content=\"index, follow, max-snippet:-1, max-image-preview:large, max-video-preview:-1\" \/>\n<link rel=\"canonical\" href=\"https:\/\/abrelivros.org.br\/site\/ministro-da-educacao-defende-veto-de-bolsonaro-a-projeto-de-internet-a-alunos\/\" \/>\n<meta property=\"og:locale\" content=\"pt_BR\" \/>\n<meta property=\"og:type\" content=\"article\" \/>\n<meta property=\"og:title\" content=\"Ministro da Educa\u00e7\u00e3o defende veto de Bolsonaro a projeto de internet a alunos &raquo; Abrelivros\" \/>\n<meta property=\"og:description\" content=\"O ministro da Educa\u00e7\u00e3o, Milton Ribeiro , defendeu nesta quarta-feira (31), durante sess\u00e3o da Comiss\u00e3o de Educa\u00e7\u00e3o na C\u00e2mara, o veto do presidente Jair Bolsonaro ao projeto de lei que garantia internet aos estudantes durante a pandemia e minimizou cortes no Minist\u00e9rio da Educa\u00e7\u00e3o (MEC).\" \/>\n<meta property=\"og:url\" content=\"https:\/\/abrelivros.org.br\/site\/ministro-da-educacao-defende-veto-de-bolsonaro-a-projeto-de-internet-a-alunos\/\" \/>\n<meta property=\"og:site_name\" content=\"Abrelivros\" \/>\n<meta property=\"article:published_time\" content=\"2021-04-01T17:16:47+00:00\" \/>\n<meta property=\"article:modified_time\" content=\"2021-04-01T17:17:18+00:00\" \/>\n<meta name=\"twitter:card\" content=\"summary_large_image\" \/>\n<script type=\"application\/ld+json\" class=\"yoast-schema-graph\">{\"@context\":\"https:\/\/schema.org\",\"@graph\":[{\"@type\":\"WebSite\",\"@id\":\"https:\/\/abrelivros.org.br\/site\/#website\",\"url\":\"https:\/\/abrelivros.org.br\/site\/\",\"name\":\"Abrelivros\",\"description\":\"\",\"potentialAction\":[{\"@type\":\"SearchAction\",\"target\":\"https:\/\/abrelivros.org.br\/site\/?s={search_term_string}\",\"query-input\":\"required name=search_term_string\"}],\"inLanguage\":\"pt-BR\"},{\"@type\":\"WebPage\",\"@id\":\"https:\/\/abrelivros.org.br\/site\/ministro-da-educacao-defende-veto-de-bolsonaro-a-projeto-de-internet-a-alunos\/#webpage\",\"url\":\"https:\/\/abrelivros.org.br\/site\/ministro-da-educacao-defende-veto-de-bolsonaro-a-projeto-de-internet-a-alunos\/\",\"name\":\"Ministro da Educa\\u00e7\\u00e3o defende veto de Bolsonaro a projeto de internet a alunos &raquo; Abrelivros\",\"isPartOf\":{\"@id\":\"https:\/\/abrelivros.org.br\/site\/#website\"},\"datePublished\":\"2021-04-01T17:16:47+00:00\",\"dateModified\":\"2021-04-01T17:17:18+00:00\",\"author\":{\"@id\":\"https:\/\/abrelivros.org.br\/site\/#\/schema\/person\/65db80e26409802ce15ac5feec6a15fd\"},\"breadcrumb\":{\"@id\":\"https:\/\/abrelivros.org.br\/site\/ministro-da-educacao-defende-veto-de-bolsonaro-a-projeto-de-internet-a-alunos\/#breadcrumb\"},\"inLanguage\":\"pt-BR\",\"potentialAction\":[{\"@type\":\"ReadAction\",\"target\":[\"https:\/\/abrelivros.org.br\/site\/ministro-da-educacao-defende-veto-de-bolsonaro-a-projeto-de-internet-a-alunos\/\"]}]},{\"@type\":\"BreadcrumbList\",\"@id\":\"https:\/\/abrelivros.org.br\/site\/ministro-da-educacao-defende-veto-de-bolsonaro-a-projeto-de-internet-a-alunos\/#breadcrumb\",\"itemListElement\":[{\"@type\":\"ListItem\",\"position\":1,\"item\":{\"@type\":\"WebPage\",\"@id\":\"https:\/\/abrelivros.org.br\/site\/\",\"url\":\"https:\/\/abrelivros.org.br\/site\/\",\"name\":\"In\\u00edcio\"}},{\"@type\":\"ListItem\",\"position\":2,\"item\":{\"@type\":\"WebPage\",\"@id\":\"https:\/\/abrelivros.org.br\/site\/category\/noticias\/\",\"url\":\"https:\/\/abrelivros.org.br\/site\/category\/noticias\/\",\"name\":\"Not\\u00edcias\"}},{\"@type\":\"ListItem\",\"position\":3,\"item\":{\"@type\":\"WebPage\",\"@id\":\"https:\/\/abrelivros.org.br\/site\/category\/noticias\/noticias-da-imprensa\/\",\"url\":\"https:\/\/abrelivros.org.br\/site\/category\/noticias\/noticias-da-imprensa\/\",\"name\":\"Not\\u00edcias da imprensa\"}},{\"@type\":\"ListItem\",\"position\":4,\"item\":{\"@type\":\"WebPage\",\"@id\":\"https:\/\/abrelivros.org.br\/site\/ministro-da-educacao-defende-veto-de-bolsonaro-a-projeto-de-internet-a-alunos\/\",\"url\":\"https:\/\/abrelivros.org.br\/site\/ministro-da-educacao-defende-veto-de-bolsonaro-a-projeto-de-internet-a-alunos\/\",\"name\":\"Ministro da Educa\\u00e7\\u00e3o defende veto de Bolsonaro a projeto de internet a alunos\"}}]},{\"@type\":\"Person\",\"@id\":\"https:\/\/abrelivros.org.br\/site\/#\/schema\/person\/65db80e26409802ce15ac5feec6a15fd\",\"name\":\"Reda\\u00e7\\u00e3o Abrelivros\",\"image\":{\"@type\":\"ImageObject\",\"@id\":\"https:\/\/abrelivros.org.br\/site\/#personlogo\",\"inLanguage\":\"pt-BR\",\"url\":\"https:\/\/secure.gravatar.com\/avatar\/c4e57f9c7e3482965bd428192061218520756c39080b1d1820b679fa5e9af192?s=96&d=mm&r=g\",\"caption\":\"Reda\\u00e7\\u00e3o Abrelivros\"}}]}<\/script>\n<!-- \/ Yoast SEO plugin. -->","_links":{"self":[{"href":"https:\/\/abrelivros.org.br\/site\/wp-json\/wp\/v2\/posts\/13620","targetHints":{"allow":["GET"]}}],"collection":[{"href":"https:\/\/abrelivros.org.br\/site\/wp-json\/wp\/v2\/posts"}],"about":[{"href":"https:\/\/abrelivros.org.br\/site\/wp-json\/wp\/v2\/types\/post"}],"author":[{"embeddable":true,"href":"https:\/\/abrelivros.org.br\/site\/wp-json\/wp\/v2\/users\/4"}],"replies":[{"embeddable":true,"href":"https:\/\/abrelivros.org.br\/site\/wp-json\/wp\/v2\/comments?post=13620"}],"version-history":[{"count":2,"href":"https:\/\/abrelivros.org.br\/site\/wp-json\/wp\/v2\/posts\/13620\/revisions"}],"predecessor-version":[{"id":13622,"href":"https:\/\/abrelivros.org.br\/site\/wp-json\/wp\/v2\/posts\/13620\/revisions\/13622"}],"wp:attachment":[{"href":"https:\/\/abrelivros.org.br\/site\/wp-json\/wp\/v2\/media?parent=13620"}],"wp:term":[{"taxonomy":"category","embeddable":true,"href":"https:\/\/abrelivros.org.br\/site\/wp-json\/wp\/v2\/categories?post=13620"},{"taxonomy":"post_tag","embeddable":true,"href":"https:\/\/abrelivros.org.br\/site\/wp-json\/wp\/v2\/tags?post=13620"}],"curies":[{"name":"wp","href":"https:\/\/api.w.org\/{rel}","templated":true}]}}