{"id":13613,"date":"2021-03-30T13:06:14","date_gmt":"2021-03-30T16:06:14","guid":{"rendered":"https:\/\/abrelivros.org.br\/site\/?p=13613"},"modified":"2021-03-30T13:06:14","modified_gmt":"2021-03-30T16:06:14","slug":"secretaria-de-educacao-basica-do-mec-pede-demissao","status":"publish","type":"post","link":"https:\/\/abrelivros.org.br\/site\/secretaria-de-educacao-basica-do-mec-pede-demissao\/","title":{"rendered":"Secret\u00e1ria de Educa\u00e7\u00e3o B\u00e1sica do MEC pede demiss\u00e3o"},"content":{"rendered":"<p>A secret\u00e1ria de Educa\u00e7\u00e3o B\u00e1sica do Minist\u00e9rio da Educa\u00e7\u00e3o (MEC), Izabel Lima Pessoa, pediu demiss\u00e3o do cargo, considerado um dos mais importantes da pasta. Ela era um dos poucos nomes no MEC atual que tinham boas rela\u00e7\u00f5es com especialistas da \u00e1rea e n\u00e3o tinha liga\u00e7\u00e3o com a ala ideol\u00f3gica do governo, como sua antecessora, Ilona Becskehazy.<!--more-->A demiss\u00e3o ainda n\u00e3o foi confirmada oficialmente pelo MEC, mas fontes garantiram ao Estad\u00e3o que ela deixar\u00e1 o governo. Izabel perdeu o marido recentemente, v\u00edtima de covid-19, e disse a amigos estar muito fragilizada e sem condi\u00e7\u00f5es de tocar uma secretaria essencial.<\/p>\n<p>Ela deixa o governo num momento em que o minist\u00e9rio tenta implementar medidas pol\u00eamicas, ligadas justamente \u00e0 educa\u00e7\u00e3o b\u00e1sica. Como revelou o Estad\u00e3o, em plena pandemia e com escolas fechadas, a meta do governo \u00e9 a de aprovar o homeschooling no pa\u00eds. Segundo fontes, Izabel n\u00e3o concordava com muitas das mudan\u00e7as e se colocava em choque com a ala ideol\u00f3gica, comandada por Carlos Nadalin, secret\u00e1rio de Alfabetiza\u00e7\u00e3o.<\/p>\n<p>Ela \u00e9 funcion\u00e1ria de carreira do MEC desde 1990 e especialista em forma\u00e7\u00e3o de professores. Estava no cargo de secret\u00e1ria desde agosto.<\/p>\n<p>H\u00e1 ainda a indefini\u00e7\u00e3o sobre a realiza\u00e7\u00e3o ou n\u00e3o do Sistema Nacional de Avalia\u00e7\u00e3o B\u00e1sica (Saeb) neste ano. O presidente do Instituto Nacional de Pesquisas e Estudos Educacionais (Inep) havia requisitado que a prova fosse realizada apenas em 2022 por causa da pandemia.<\/p>\n<p>Nesta segunda-feira, 29, no entanto, especialistas ligados \u00e0 associa\u00e7\u00e3o de avalia\u00e7\u00e3o (Abave) enviaram carta ao governo pedindo que o exame seja realizado de forma amostral para que possa fornecer &#8220;informa\u00e7\u00f5es relevantes acerca dos efeitos da crise atual no desempenho dos estudantes&#8221;. O Saeb at\u00e9 ent\u00e3o seria feito de forma censit\u00e1ria com estudantes do 2\u00ba, 5\u00ba, 9\u00ba anos do fundamental e 3\u00ba ano do m\u00e9dio. Maria Helena Guimar\u00e3es, atual presidente do Conselho Nacional de Educa\u00e7\u00e3o (CNE), assina a nota, e diz que \u00e9 essencial o pa\u00eds ter informa\u00e7\u00f5es sobre o que est\u00e1 acontecendo com os estudantes nesses meses de pandemia para poder orientar melhor os sistemas de ensino.<\/p>\n<p>Al\u00e9m disso, um estudo t\u00e9cnico sobre o novo modelo do \u00cdndice de Desenvolvimento da Educa\u00e7\u00e3op B\u00e1sica (Ideb) havia sido tirado do Inep e transferido para a secretaria executiva do MEC.<\/p>\n<p>H\u00e1 ainda um novo edital para a compra dos livros que ser\u00e3o usados para alunos do ensino fundamental de escolas p\u00fablicas a partir de 2023 que excluiu itens que exigiam o respeito \u00e0 diversidade. As obras poderiam ter estere\u00f3tipos e preconceitos de ra\u00e7a, g\u00eanero ou socioecon\u00f4mico e serem aprovadas. A mudan\u00e7a no edital est\u00e1 sendo contestada no Supremo Tribunal Federal por ferir a Constitui\u00e7\u00e3o.<\/p>\n<p>O ministro Milton Ribeiro ainda nomeou uma professora ligada ao movimento Escola Sem Partido para coordena\u00e7\u00e3o dos materiais did\u00e1ticos. Sandra Ramos j\u00e1 disse que queria dar uma &#8220;perspectiva conservadora crist\u00e3&#8221; e tirar refer\u00eancias \u00e0 cultura africada da BNCC, o mais importante documento publicado nos \u00faltimos anos para nortear o que deve ser ensinado nas escolas e no qual as editoras de livros se baseiam.<\/p>\n<p>&nbsp;<\/p>\n","protected":false},"excerpt":{"rendered":"<p>A secret\u00e1ria de Educa\u00e7\u00e3o B\u00e1sica do Minist\u00e9rio da Educa\u00e7\u00e3o (MEC), Izabel Lima Pessoa, pediu demiss\u00e3o do cargo, considerado um dos mais importantes da pasta. Ela era um dos poucos nomes no MEC atual que tinham boas rela\u00e7\u00f5es com especialistas da \u00e1rea e n\u00e3o tinha liga\u00e7\u00e3o com a ala ideol\u00f3gica do governo, como sua antecessora, Ilona [&hellip;]<\/p>\n","protected":false},"author":4,"featured_media":0,"comment_status":"closed","ping_status":"closed","sticky":false,"template":"","format":"standard","meta":{"footnotes":"","_links_to":"","_links_to_target":""},"categories":[9],"tags":[],"class_list":["post-13613","post","type-post","status-publish","format-standard","hentry","category-noticias-da-imprensa"],"yoast_head":"<!-- This site is optimized with the Yoast SEO plugin v15.1 - https:\/\/yoast.com\/wordpress\/plugins\/seo\/ -->\n<title>Secret\u00e1ria de Educa\u00e7\u00e3o B\u00e1sica do MEC pede demiss\u00e3o &raquo; Abrelivros<\/title>\n<meta name=\"robots\" content=\"index, follow, max-snippet:-1, max-image-preview:large, max-video-preview:-1\" \/>\n<link rel=\"canonical\" href=\"https:\/\/abrelivros.org.br\/site\/secretaria-de-educacao-basica-do-mec-pede-demissao\/\" \/>\n<meta property=\"og:locale\" content=\"pt_BR\" \/>\n<meta property=\"og:type\" content=\"article\" \/>\n<meta property=\"og:title\" content=\"Secret\u00e1ria de Educa\u00e7\u00e3o B\u00e1sica do MEC pede demiss\u00e3o &raquo; Abrelivros\" \/>\n<meta property=\"og:description\" content=\"A secret\u00e1ria de Educa\u00e7\u00e3o B\u00e1sica do Minist\u00e9rio da Educa\u00e7\u00e3o (MEC), Izabel Lima Pessoa, pediu demiss\u00e3o do cargo, considerado um dos mais importantes da pasta. Ela era um dos poucos nomes no MEC atual que tinham boas rela\u00e7\u00f5es com especialistas da \u00e1rea e n\u00e3o tinha liga\u00e7\u00e3o com a ala ideol\u00f3gica do governo, como sua antecessora, Ilona [&hellip;]\" \/>\n<meta property=\"og:url\" content=\"https:\/\/abrelivros.org.br\/site\/secretaria-de-educacao-basica-do-mec-pede-demissao\/\" \/>\n<meta property=\"og:site_name\" content=\"Abrelivros\" \/>\n<meta property=\"article:published_time\" content=\"2021-03-30T16:06:14+00:00\" \/>\n<meta name=\"twitter:card\" content=\"summary_large_image\" \/>\n<script type=\"application\/ld+json\" class=\"yoast-schema-graph\">{\"@context\":\"https:\/\/schema.org\",\"@graph\":[{\"@type\":\"WebSite\",\"@id\":\"https:\/\/abrelivros.org.br\/site\/#website\",\"url\":\"https:\/\/abrelivros.org.br\/site\/\",\"name\":\"Abrelivros\",\"description\":\"\",\"potentialAction\":[{\"@type\":\"SearchAction\",\"target\":\"https:\/\/abrelivros.org.br\/site\/?s={search_term_string}\",\"query-input\":\"required name=search_term_string\"}],\"inLanguage\":\"pt-BR\"},{\"@type\":\"WebPage\",\"@id\":\"https:\/\/abrelivros.org.br\/site\/secretaria-de-educacao-basica-do-mec-pede-demissao\/#webpage\",\"url\":\"https:\/\/abrelivros.org.br\/site\/secretaria-de-educacao-basica-do-mec-pede-demissao\/\",\"name\":\"Secret\\u00e1ria de Educa\\u00e7\\u00e3o B\\u00e1sica do MEC pede demiss\\u00e3o &raquo; Abrelivros\",\"isPartOf\":{\"@id\":\"https:\/\/abrelivros.org.br\/site\/#website\"},\"datePublished\":\"2021-03-30T16:06:14+00:00\",\"dateModified\":\"2021-03-30T16:06:14+00:00\",\"author\":{\"@id\":\"https:\/\/abrelivros.org.br\/site\/#\/schema\/person\/65db80e26409802ce15ac5feec6a15fd\"},\"breadcrumb\":{\"@id\":\"https:\/\/abrelivros.org.br\/site\/secretaria-de-educacao-basica-do-mec-pede-demissao\/#breadcrumb\"},\"inLanguage\":\"pt-BR\",\"potentialAction\":[{\"@type\":\"ReadAction\",\"target\":[\"https:\/\/abrelivros.org.br\/site\/secretaria-de-educacao-basica-do-mec-pede-demissao\/\"]}]},{\"@type\":\"BreadcrumbList\",\"@id\":\"https:\/\/abrelivros.org.br\/site\/secretaria-de-educacao-basica-do-mec-pede-demissao\/#breadcrumb\",\"itemListElement\":[{\"@type\":\"ListItem\",\"position\":1,\"item\":{\"@type\":\"WebPage\",\"@id\":\"https:\/\/abrelivros.org.br\/site\/\",\"url\":\"https:\/\/abrelivros.org.br\/site\/\",\"name\":\"In\\u00edcio\"}},{\"@type\":\"ListItem\",\"position\":2,\"item\":{\"@type\":\"WebPage\",\"@id\":\"https:\/\/abrelivros.org.br\/site\/category\/noticias\/\",\"url\":\"https:\/\/abrelivros.org.br\/site\/category\/noticias\/\",\"name\":\"Not\\u00edcias\"}},{\"@type\":\"ListItem\",\"position\":3,\"item\":{\"@type\":\"WebPage\",\"@id\":\"https:\/\/abrelivros.org.br\/site\/category\/noticias\/noticias-da-imprensa\/\",\"url\":\"https:\/\/abrelivros.org.br\/site\/category\/noticias\/noticias-da-imprensa\/\",\"name\":\"Not\\u00edcias da imprensa\"}},{\"@type\":\"ListItem\",\"position\":4,\"item\":{\"@type\":\"WebPage\",\"@id\":\"https:\/\/abrelivros.org.br\/site\/secretaria-de-educacao-basica-do-mec-pede-demissao\/\",\"url\":\"https:\/\/abrelivros.org.br\/site\/secretaria-de-educacao-basica-do-mec-pede-demissao\/\",\"name\":\"Secret\\u00e1ria de Educa\\u00e7\\u00e3o B\\u00e1sica do MEC pede demiss\\u00e3o\"}}]},{\"@type\":\"Person\",\"@id\":\"https:\/\/abrelivros.org.br\/site\/#\/schema\/person\/65db80e26409802ce15ac5feec6a15fd\",\"name\":\"Reda\\u00e7\\u00e3o Abrelivros\",\"image\":{\"@type\":\"ImageObject\",\"@id\":\"https:\/\/abrelivros.org.br\/site\/#personlogo\",\"inLanguage\":\"pt-BR\",\"url\":\"https:\/\/secure.gravatar.com\/avatar\/c4e57f9c7e3482965bd428192061218520756c39080b1d1820b679fa5e9af192?s=96&d=mm&r=g\",\"caption\":\"Reda\\u00e7\\u00e3o Abrelivros\"}}]}<\/script>\n<!-- \/ Yoast SEO plugin. -->","_links":{"self":[{"href":"https:\/\/abrelivros.org.br\/site\/wp-json\/wp\/v2\/posts\/13613","targetHints":{"allow":["GET"]}}],"collection":[{"href":"https:\/\/abrelivros.org.br\/site\/wp-json\/wp\/v2\/posts"}],"about":[{"href":"https:\/\/abrelivros.org.br\/site\/wp-json\/wp\/v2\/types\/post"}],"author":[{"embeddable":true,"href":"https:\/\/abrelivros.org.br\/site\/wp-json\/wp\/v2\/users\/4"}],"replies":[{"embeddable":true,"href":"https:\/\/abrelivros.org.br\/site\/wp-json\/wp\/v2\/comments?post=13613"}],"version-history":[{"count":1,"href":"https:\/\/abrelivros.org.br\/site\/wp-json\/wp\/v2\/posts\/13613\/revisions"}],"predecessor-version":[{"id":13614,"href":"https:\/\/abrelivros.org.br\/site\/wp-json\/wp\/v2\/posts\/13613\/revisions\/13614"}],"wp:attachment":[{"href":"https:\/\/abrelivros.org.br\/site\/wp-json\/wp\/v2\/media?parent=13613"}],"wp:term":[{"taxonomy":"category","embeddable":true,"href":"https:\/\/abrelivros.org.br\/site\/wp-json\/wp\/v2\/categories?post=13613"},{"taxonomy":"post_tag","embeddable":true,"href":"https:\/\/abrelivros.org.br\/site\/wp-json\/wp\/v2\/tags?post=13613"}],"curies":[{"name":"wp","href":"https:\/\/api.w.org\/{rel}","templated":true}]}}